{"id":185544,"date":"2025-06-18T09:42:09","date_gmt":"2025-06-18T09:42:09","guid":{"rendered":"https:\/\/www.europesays.com\/fr\/185544\/"},"modified":"2025-06-18T09:42:09","modified_gmt":"2025-06-18T09:42:09","slug":"a-cereste-la-11e-edition-de-partir-en-livre-ouvre-ses-portes","status":"publish","type":"post","link":"https:\/\/www.europesays.com\/fr\/185544\/","title":{"rendered":"\u00c0 C\u00e9reste, la 11e \u00e9dition de Partir en livre ouvre ses portes"},"content":{"rendered":"<p>Organis\u00e9 par le Centre national du livre sous l\u2019impulsion du minist\u00e8re de la Culture, l\u2019\u00e9v\u00e9nement Partir en livre permet aux livres de voyager jusqu\u2019aux lecteurs. L\u2019objectif est de transmettre le plaisir de lire, de partager et d\u2019\u00e9changer. Cette ann\u00e9e le th\u00e8me choisi est\u00a0\u00ab\u00a0Les animaux et nous\u00a0\u00bb.<\/p>\n<p>Aujourd\u2019hui, les Lutins C\u00e9restains, en collaboration avec le cin\u00e9ma itin\u00e9rant La Strada, proposent une s\u00e9ance de cin\u00e9ma avec une retransmission du film Flow.\u00a0Sorti en\u00a02024, ce film d\u2019animation pour lequel on ne compte plus les r\u00e9compenses sera diffus\u00e9 au Dojo \u00e0 partir de 15h15 pour 3\u00a0\u20ac par personne. Le 25\u00a0juin, La m\u00e9diath\u00e8que accueillera l\u2019illustrateur Forcalqui\u00e9ren <a href=\"https:\/\/www.laprovence.com\/article\/edition-alpes\/3678667\/arken-sort-de-lombre-avec-gregory-delaunay.html\" target=\"_blank\" rel=\"noopener\">Gregory Delaunay<\/a>.<\/p>\n<p>Partir \u00e0 la recherche de son animal totem<\/p>\n<p>\u00c0 partir de 18h, <a href=\"https:\/\/www.laprovence.com\/article\/edition-alpes\/4159430\/de-la-fantaisie-a-latelier-de-lange-mecanique.html\" target=\"_blank\" rel=\"noopener\">il rencontrera les lecteurs<\/a> et parlera de sa nouvelle BD intitul\u00e9e La Meute o\u00f9 il est question du loup. Des aquarelles de l\u2019artiste seront expos\u00e9es pendant un mois \u00e0 la m\u00e9diath\u00e8que, aux c\u00f4t\u00e9s de l\u2019exposition de la Ligue pour la protection des oiseaux (LPO), \u00ab\u00a0Plumes de nuit\u00a0\u00bb.\u00a0Le programme se poursuit le 2\u00a0juillet avec l\u2019accueil de l\u2019illustratrice c\u00e9restaine Rapha\u00eblle Barban\u00e8gre. Les enfants vont partir \u00e0 la recherche de leur animal totem et le dessiner.<\/p>\n<p>D\u00e8s 18h, l\u2019association <a href=\"https:\/\/www.fillesdegyptis-editions.com\/\" target=\"_blank\" rel=\"noopener\">Filles de Gyptis \u00e9ditions<\/a> invite le public \u00e0 rencontrer Val\u00e9ria Jourcin Campanile et Fanny le Rouhet, deux autrices jeunesse. Rendez-vous est donn\u00e9 chez Libr&rsquo;&amp;roues. Enfin, le 3\u00a0juillet \u00e0 15h et \u00e0 18h, une bulle de folie est pr\u00e9sent\u00e9e \u00e0 la Micro-Folie. Trouver sa voix, chanter comme un oiseau\u2026 une initiation \u00e0 l\u2019univers de l\u2019op\u00e9ra et pourquoi pas tenter de trouver sa tessiture. Sur r\u00e9servation. L\u2019espace culturel accueillera au m\u00eame moment, une exposition photo de Raymond Calaf dont le th\u00e8me est \u00ab\u00a0Les oiseaux de nos jardins\u00a0\u00bb, visible jusqu\u2019au 23\u00a0juillet.<\/p>\n<p>Animations gratuites sauf la s\u00e9ance de cin\u00e9ma. Renseignements \u00e0 l\u2019office de tourisme, avenue Victor Hugo.<\/p>\n","protected":false},"excerpt":{"rendered":"Organis\u00e9 par le Centre national du livre sous l\u2019impulsion du minist\u00e8re de la Culture, l\u2019\u00e9v\u00e9nement Partir en livre&hellip;\n","protected":false},"author":2,"featured_media":185545,"comment_status":"","ping_status":"","sticky":false,"template":"","format":"standard","meta":{"footnotes":""},"categories":[1357],"tags":[25100,17,1379,32363,58,4660,59,1011,27,2003,1380,10102,5537,16,2407],"class_list":{"0":"post-185544","1":"post","2":"type-post","3":"status-publish","4":"format-standard","5":"has-post-thumbnail","7":"category-livres","8":"tag-11e","9":"tag-17","10":"tag-books","11":"tag-cereste","12":"tag-divertissement","13":"tag-edition","14":"tag-entertainment","15":"tag-fr","16":"tag-france","17":"tag-livre","18":"tag-livres","19":"tag-ouvre","20":"tag-partir","21":"tag-region","22":"tag-ses"},"share_on_mastodon":{"url":"https:\/\/pubeurope.com\/@fr\/114703718419522505","error":""},"_links":{"self":[{"href":"https:\/\/www.europesays.com\/fr\/wp-json\/wp\/v2\/posts\/185544","targetHints":{"allow":["GET"]}}],"collection":[{"href":"https:\/\/www.europesays.com\/fr\/wp-json\/wp\/v2\/posts"}],"about":[{"href":"https:\/\/www.europesays.com\/fr\/wp-json\/wp\/v2\/types\/post"}],"author":[{"embeddable":true,"href":"https:\/\/www.europesays.com\/fr\/wp-json\/wp\/v2\/users\/2"}],"replies":[{"embeddable":true,"href":"https:\/\/www.europesays.com\/fr\/wp-json\/wp\/v2\/comments?post=185544"}],"version-history":[{"count":0,"href":"https:\/\/www.europesays.com\/fr\/wp-json\/wp\/v2\/posts\/185544\/revisions"}],"wp:featuredmedia":[{"embeddable":true,"href":"https:\/\/www.europesays.com\/fr\/wp-json\/wp\/v2\/media\/185545"}],"wp:attachment":[{"href":"https:\/\/www.europesays.com\/fr\/wp-json\/wp\/v2\/media?parent=185544"}],"wp:term":[{"taxonomy":"category","embeddable":true,"href":"https:\/\/www.europesays.com\/fr\/wp-json\/wp\/v2\/categories?post=185544"},{"taxonomy":"post_tag","embeddable":true,"href":"https:\/\/www.europesays.com\/fr\/wp-json\/wp\/v2\/tags?post=185544"}],"curies":[{"name":"wp","href":"https:\/\/api.w.org\/{rel}","templated":true}]}}