{"id":185546,"date":"2025-06-18T09:43:09","date_gmt":"2025-06-18T09:43:09","guid":{"rendered":"https:\/\/www.europesays.com\/fr\/185546\/"},"modified":"2025-06-18T09:43:09","modified_gmt":"2025-06-18T09:43:09","slug":"on-finit-par-ne-plus-regarder-estelle-dossin-fait-le-bilan-de-maries-au-premier-regard-et-se-fait-atomiser-par-les-internautes","status":"publish","type":"post","link":"https:\/\/www.europesays.com\/fr\/185546\/","title":{"rendered":"\u00ab\u00a0On finit par ne plus regarder\u00a0\u00bb : Estelle Dossin fait le bilan de \u00ab\u00a0Mari\u00e9s au premier regard\u00a0\u00bb et se fait atomiser par les internautes"},"content":{"rendered":"<p>Comme l\u2019an dernier, le bilan de la derni\u00e8re saison de <strong><a href=\"https:\/\/www.public.fr\/tag\/maries-au-premier-regard\" target=\"_blank\" rel=\"noopener\">\u00ab\u00a0Mari\u00e9s au premier regard\u00a0\u00bb<\/a><\/strong> reste mitig\u00e9. Et les internautes ne se g\u00eanent pas pour le faire savoir \u00e0 Estelle Dossin. En effet, l\u2019experte du <a href=\"https:\/\/vsd.fr\/tag\/maries-au-premier-regard\/\" target=\"_blank\" rel=\"noopener\">programme de M6<\/a> a souhait\u00e9 <strong>remercier les \u00e9quipes de l\u2019\u00e9mission<\/strong> sur son compte Instagram et a vu plusieurs internautes reproches le manque de couples \u00e0 la fin de la saison.<\/p>\n<p>Contrairement aux ann\u00e9es pr\u00e9c\u00e9dentes, force est de constater que peu de couples parviennent \u00e0 rester unis jusqu\u2019\u00e0 la fin du tournage. Et m\u00eame si certains restent mari\u00e9s \u00e0 la fin, ils annoncent leur s\u00e9paration quelques semaines plus tard. La preuve, <a href=\"https:\/\/www.public.fr\/je-prefere-divorcer-coralie-et-bruno-maries-au-premier-regard-lachent-une-bombe-en-plein-bilan-les-expertes-deboussolees-spoiler\" target=\"_blank\" rel=\"noopener\">avec Bruno et Coralie.<\/a><\/p>\n<p>Bilan tr\u00e8s mitig\u00e9 pour la saison 9 de \u00ab\u00a0Mari\u00e9s au premier regard\u00a0\u00bb<\/p>\n<p>En effet, ce couple embl\u00e9matique de la neuvi\u00e8me saison de <strong>\u00ab\u00a0Mari\u00e9s au premier regard\u00a0\u00bb<\/strong>, a r\u00e9cemment annonc\u00e9 sa s\u00e9paration. Pourtant, lors du bilan face aux expertes Estelle Dossin et Marie Tapernoux, Bruno et Coralie faisaient part de leur volont\u00e9 de rester mari\u00e9s malgr\u00e9 les tumultes. Des probl\u00e8mes de couples qui ont visiblement eu raison de leur histoire.<\/p>\n<p><a href=\"https:\/\/www.public.fr\/vous-allez-etre-marraines-clemence-et-malik-maries-au-premier-regard-annoncent-enfin-leur-surprise-aux-expertes-spoiler\" target=\"_blank\" rel=\"noopener\">Hormis Cl\u00e9mence et Malik<\/a>, tous les candidats de la derni\u00e8re saison de <strong>\u00ab\u00a0Mari\u00e9s au premier regard\u00a0\u00bb<\/strong> se retrouvent <strong>aujourd\u2019hui c\u00e9libataires.<\/strong> Mallaury et M\u00e9lanie n\u2019ont pas donn\u00e9 de nouvelles chances \u00e0 leur mariage, alors que Marina et David ont d\u00e9cid\u00e9 de divorcer au moment du bilan.<\/p>\n<p><a href=\"https:\/\/www.public.fr\/guillaume-maries-au-premier-regard-divorce-il-tacle-severement-les-expertes-du-programme\" target=\"_blank\" rel=\"noopener\">Guillaume et Sophie<\/a> se sont s\u00e9par\u00e9s avant m\u00eame de rencontrer les expertes, comme Marie et Laurent, ou encore Laury et Anthony. Jennifer et Keyn, quant \u00e0 eux, ont voulu rester mari\u00e9s au moment du bilan, mais ont rompu seulement quelques heures plus tard.<\/p>\n<p>Face \u00e0 ce bilan mitig\u00e9, Estelle Dossin vient d\u2019en payer le prix. \u00ab\u00a0Merci \u00e0 tous mes petits mari\u00e9s, merci \u00e0 vous tous qui nous regardez, merci pour votre gentillesse et vos encouragements, merci \u00e0 mon incroyable cons\u0153ur et amie Marie Tapernoux, et \u00e0 cette merveilleuse team du love, merci \u00e0 tous ceux qui, dans l\u2019ombre, font tout pour nous faire r\u00eaver pendant quelques semaines\u2026 Merci\u00a0\u00bb, a-t-elle \u00e9crit sur Instagram pour remercier les \u00e9quipes de <strong>\u00ab\u00a0Mari\u00e9s au premier regard\u00a0\u00bb<\/strong>.<\/p>\n<p>Les internautes taclent l&rsquo;\u00e9mission et demandent \u00e0 Estelle Dossin d&rsquo;agir<\/p>\n<p>Si, dans l\u2019ensemble, les internautes appr\u00e9cient l\u2019experte et ont souhait\u00e9 la remercier pour ses pr\u00e9cieux conseils tout au long de la saison, la plupart d\u2019entre eux n\u2019ont pas h\u00e9sit\u00e9 \u00e0 lui faire part de leur d\u00e9ception.<\/p>\n<p>\u00ab\u00a0Une \u00e9mission qu&rsquo;on adore mais alors cette ann\u00e9e entre le suspense qui n&rsquo;en finit jamais et la pub \u00e0 1mn30 de la fin de l&rsquo;\u00e9mission franchement il faudra r\u00e9fl\u00e9chir \u00e0 faire diff\u00e9remment l&rsquo;an prochain parce qu&rsquo;on finira par ne plus regarder\u00a0\u00bb, a pest\u00e9 un premier abonn\u00e9. Alors qu\u2019un autre a d\u00e9plor\u00e9 le manque de sinc\u00e9rit\u00e9 de certains candidats : \u00ab\u00a0<strong>Des couples sans la volont\u00e9 de s\u2019engager r\u00e9ellement<\/strong>\u2026 <strong>cela ne fait pas r\u00eaver<\/strong>, Estelle vous restez tr\u00e8s professionnelle devant des situations parfois ubuesques ! Bel \u00c9t\u00e9 \u00e0 vous, vous \u00eates solaire et enjou\u00e9e\u00a0\u00bb.<\/p>\n<p>\u00ab\u00a0Un seul couple reste uni\u2026 Bruno et Coralie ne sont plus ensemble mais sont rest\u00e9s amis eux aussi\u2026 donc <strong>r\u00e9sultats tr\u00e8s moyens si on parle de vie commune<\/strong>\u2026\u00a0\u00bb, regrette encore un autre avant d\u2019ajouter : \u00ab\u00a0Si on parle d\u2019amiti\u00e9 \u00e7a \u00e9t\u00e9 cool pour plusieurs couples et les deux danseuses sportives se sont trouv\u00e9es\u2026 Une belle amiti\u00e9 les unit\u2026 Voil\u00e0 <strong>une saison tr\u00e8s d\u00e9sagr\u00e9able \u00e0 regarder<\/strong> \u00e0 cause des coupures pub insupportables qui mettent nos nerfs \u00e0 rude \u00e9preuve\u2026 Estelle faites quelque chose ???? Bel \u00e9t\u00e9 \u00e0 vous et vos \u00e9quipes\u00a0\u00bb.\u00a0<\/p>\n<p>Reste \u00e0 savoir si la production et les expertes vont prendre compte de ces remarques et modifier des \u00e9l\u00e9ments dans la prochaine saison de <strong>\u00ab\u00a0Mari\u00e9s au premier regard\u00a0\u00bb<\/strong>.<\/p>\n<p>      Mentionn\u00e9s dans cet article<\/p>\n<p>\u00c0 lire aussi<\/p>\n","protected":false},"excerpt":{"rendered":"Comme l\u2019an dernier, le bilan de la derni\u00e8re saison de \u00ab\u00a0Mari\u00e9s au premier regard\u00a0\u00bb reste mitig\u00e9. Et les&hellip;\n","protected":false},"author":2,"featured_media":185547,"comment_status":"","ping_status":"","sticky":false,"template":"","format":"standard","meta":{"footnotes":""},"categories":[1356],"tags":[58,59,1011,27,494,6218,252,1364],"class_list":{"0":"post-185546","1":"post","2":"type-post","3":"status-publish","4":"format-standard","5":"has-post-thumbnail","7":"category-television","8":"tag-divertissement","9":"tag-entertainment","10":"tag-fr","11":"tag-france","12":"tag-m6","13":"tag-maries-au-premier-regard","14":"tag-television","15":"tag-tv"},"share_on_mastodon":{"url":"https:\/\/pubeurope.com\/@fr\/114703722425748818","error":""},"_links":{"self":[{"href":"https:\/\/www.europesays.com\/fr\/wp-json\/wp\/v2\/posts\/185546","targetHints":{"allow":["GET"]}}],"collection":[{"href":"https:\/\/www.europesays.com\/fr\/wp-json\/wp\/v2\/posts"}],"about":[{"href":"https:\/\/www.europesays.com\/fr\/wp-json\/wp\/v2\/types\/post"}],"author":[{"embeddable":true,"href":"https:\/\/www.europesays.com\/fr\/wp-json\/wp\/v2\/users\/2"}],"replies":[{"embeddable":true,"href":"https:\/\/www.europesays.com\/fr\/wp-json\/wp\/v2\/comments?post=185546"}],"version-history":[{"count":0,"href":"https:\/\/www.europesays.com\/fr\/wp-json\/wp\/v2\/posts\/185546\/revisions"}],"wp:featuredmedia":[{"embeddable":true,"href":"https:\/\/www.europesays.com\/fr\/wp-json\/wp\/v2\/media\/185547"}],"wp:attachment":[{"href":"https:\/\/www.europesays.com\/fr\/wp-json\/wp\/v2\/media?parent=185546"}],"wp:term":[{"taxonomy":"category","embeddable":true,"href":"https:\/\/www.europesays.com\/fr\/wp-json\/wp\/v2\/categories?post=185546"},{"taxonomy":"post_tag","embeddable":true,"href":"https:\/\/www.europesays.com\/fr\/wp-json\/wp\/v2\/tags?post=185546"}],"curies":[{"name":"wp","href":"https:\/\/api.w.org\/{rel}","templated":true}]}}