{"id":185548,"date":"2025-06-18T09:44:09","date_gmt":"2025-06-18T09:44:09","guid":{"rendered":"https:\/\/www.europesays.com\/fr\/185548\/"},"modified":"2025-06-18T09:44:09","modified_gmt":"2025-06-18T09:44:09","slug":"michel-sardou-et-sa-femme-bientot-en-passe-dempocher-plusieurs-millions-deuros","status":"publish","type":"post","link":"https:\/\/www.europesays.com\/fr\/185548\/","title":{"rendered":"Michel Sardou et sa femme bient\u00f4t en passe d\u2019empocher plusieurs millions d\u2019euros"},"content":{"rendered":"<p>      R\u00e9sum\u00e9<\/p>\n<p>Michel Sardou et sa femme ont mis en vente leur somptueuse propri\u00e9t\u00e9 \u00e0 Neuilly-sur-Seine, tandis qu&rsquo;ils profitent d\u00e9sormais de leur retraite bien m\u00e9rit\u00e9e dans une villa de prestige dans le Var.<\/p>\n<p>        Sommaire<\/p>\n<p>V\u00e9ritable <strong>l\u00e9gende de la chanson fran\u00e7aise<\/strong>, Michel Sardou a marqu\u00e9 des g\u00e9n\u00e9rations enti\u00e8res avec ses <strong>tubes <\/strong>comme Les Lacs du Connemara, La Maladie d\u2019amour ou encore Je vais t\u2019aimer. Des chansons si intemporelles qui font d\u00e9sormais partie de notre patrimoine et qui ont m\u00eame fait l&rsquo;objet d&rsquo;une <strong>com\u00e9die musicale en 2021<\/strong>. Quant \u00e0 <a href=\"https:\/\/www.public.fr\/jai-envie-de-violer-des-femmes-ad-laurent-cite-michel-sardou-a-lassemblee-nationale-en-pleine-commission-tiktok\" target=\"_blank\" rel=\"noopener\">l&rsquo;artiste<\/a>\u2026 Aujourd&rsquo;hui \u00e2g\u00e9 de 78 ans, ce dernier a d\u00e9cid\u00e9 de tirer sa r\u00e9v\u00e9rence. En effet, en mars\u00a02024, il a achev\u00e9 <strong>sa tourn\u00e9e d&rsquo;adieu \u00e0 Brest,<\/strong> se produisant devant des milliers de fans d\u00e9j\u00e0 nostalgiques.<\/p>\n<p>Une page s&rsquo;est tourn\u00e9e ce 29\u00a0mars 2024 et depuis, lui et <a href=\"https:\/\/www.public.fr\/deux-personnalites-aux-antipodes-michel-sardou-et-anne-marie-perier-nouvelles-revelations-de-sophie-davant-sur-leur-histoire\" target=\"_blank\" rel=\"noopener\">sa femme Anne-Marie P\u00e9rier<\/a> profitent d&rsquo;une <strong>retraite bien m\u00e9rit\u00e9e<\/strong> bien loin du tumulte m\u00e9diatique et loin de Paris, une ville que <a href=\"https:\/\/www.public.fr\/les-francais-parleraient-allemand-aujourdhui-le-gouvernement-de-trump-tacle-raphael-glucksmann\" target=\"_blank\" rel=\"noopener\">le chanteur <\/a>ne supportait plus. \u00ab\u00a0<strong>C\u2019est devenu trop bruyant, trop d\u00e9gueulasse. Je ne m\u2019y reconnais plus<\/strong>\u00ab\u00a0, confiait-il \u00e0 Paris-Match en 2021. Ainsi, le couple a pris <strong>une grande d\u00e9cision<\/strong> qui pourrait leur rapporter gros. En effet, la maison du <a href=\"https:\/\/www.public.fr\/michel-sardou-lappartement-ou-il-a-grandi-rachete-par-un-chroniqueur-de-tpmp\" target=\"_blank\" rel=\"noopener\">p\u00e8re de famille<\/a> situ\u00e9e \u00e0 Neuilly-sur-Seine (Hauts-de-Seine) a \u00e9t\u00e9 <strong>mise en vente.<\/strong><\/p>\n<p>Son prix\u00a0? <strong>18,8\u00a0millions d\u2019euros\u00a0!<\/strong> Mais il faut dire qu&rsquo;il s&rsquo;agit d&rsquo;une <strong>propri\u00e9t\u00e9 d&rsquo;exception<\/strong>, un bien de charme situ\u00e9 dans le quartier hupp\u00e9 de Saint-James et \u00ab\u00a0rare pour deux raisons\u201d, assure l\u2019agent immobilier en charge du bien \u00e0 nos confr\u00e8res du Figaro. \u201cElle dispose de volumes exceptionnels pour Neuilly, avec <strong>700 m\u00b2 habitables et 1900 m\u00b2 de jardin<\/strong>, et elle est totalement \u00e0 l\u2019abri des regards\u201d, poursuit-il. Les futurs acqu\u00e9reurs pourront, en outre, profiter <strong>d\u2019un sauna, d\u2019une salle de sport, d\u2019un ascenseur, d\u2019une piscine. Il y a m\u00eame un logement de gardien ind\u00e9pendant.<\/strong> Reste \u00e0 savoir qui sera pr\u00eat \u00e0 d\u00e9bourser une telle somme\u00a0?<\/p>\n<p>Michel Sardou et sa femme\u00a0: o\u00f9 vit le couple\u00a0?<\/p>\n<p><a href=\"https:\/\/www.google.com\/url?sa=t&amp;source=web&amp;rct=j&amp;opi=89978449&amp;url=https:\/\/vsd.fr\/60856-normalement-cest-ma-derniere-date-michel-sardou-va-t-il-finalement-prendre-sa-retraite\/&amp;ved=2ahUKEwiLp939yfqNAxVFTaQEHYRLCPIQFnoECB4QAQ&amp;usg=AOvVaw2tjPSbjQnVx84GPD9YPeYV\" target=\"_blank\" rel=\"noopener\">L&rsquo;interpr\u00e8te d&rsquo;Afrique adieu<\/a> n&rsquo;a pas vraiment eu le temps de s&rsquo;ennuyer depuis qu&rsquo;il a tourn\u00e9 la page de son immense carri\u00e8re. En effet, il est le <a href=\"https:\/\/www.google.com\/url?sa=t&amp;source=web&amp;rct=j&amp;opi=89978449&amp;url=https:\/\/vsd.fr\/73345-relations-genantes-le-coup-de-gueule-de-michel-sardou-contre-les-nouveaux-mouvements-feministes\/&amp;ved=2ahUKEwiLp939yfqNAxVFTaQEHYRLCPIQFnoECBkQAQ&amp;usg=AOvVaw3sE6dgjFyNuUG2T_Quh681\" target=\"_blank\" rel=\"noopener\">papa de <strong>quatre enfants<\/strong><\/a><strong>\u00a0<\/strong>: Sandrine, Cynthia, Romain, Davy. Par ailleurs, il a aussi <strong>cinq petits-enfants<\/strong>\u00a0: Lo\u00efs, Ali\u00e9nor, Gabriel, Victor-Scott, Lucie et Marius. Une jolie famille avec laquelle il doit partager de jolis moments dans son nouveau \u00ab\u00a0chez-lui\u00a0\u00bb. Apr\u00e8s s&rsquo;\u00eatre install\u00e9 dans le Calvados dans un manoir du XVIe\u00a0si\u00e8cle, <a href=\"https:\/\/www.google.com\/url?sa=t&amp;source=web&amp;rct=j&amp;opi=89978449&amp;url=https:\/\/vsd.fr\/59872-il-va-mettre-sa-viet-cong-sur-des-skis-michel-sardou-toujours-au-plus-mal-apres-son-derapage-sur-jade-la-fille-de-johnny-hallyday\/&amp;ved=2ahUKEwiLp939yfqNAxVFTaQEHYRLCPIQFnoECCYQAQ&amp;usg=AOvVaw2pmbOYrLqL2rT4E7QFUEyn\" target=\"_blank\" rel=\"noopener\">le passionn\u00e9 d&rsquo;\u00e9quitation<\/a> a mis les voiles.<\/p>\n<p><strong>Direction le Var<\/strong> o\u00f9 lui et sa femme se sont install\u00e9s en 2023 dans <strong>une villa en pierres situ\u00e9es sur les hauteurs de Bormes-les-Mimosas<\/strong>, \u201cau-dessus des plages de sable fin et des falaises escarp\u00e9es\u201d. Une luxueuse propri\u00e9t\u00e9 qui s\u2019\u00e9tend sur 500m2. Selon nos confr\u00e8res de Nice-Matin, le bien a \u00e9t\u00e9 <strong>acquis pour 6,3\u00a0millions d\u2019euros <\/strong>avant travaux.<\/p>\n<p>      Mentionn\u00e9s dans cet article<\/p>\n<p>\u00c0 lire aussi<\/p>\n","protected":false},"excerpt":{"rendered":"R\u00e9sum\u00e9 Michel Sardou et sa femme ont mis en vente leur somptueuse propri\u00e9t\u00e9 \u00e0 Neuilly-sur-Seine, tandis qu&rsquo;ils profitent&hellip;\n","protected":false},"author":2,"featured_media":185549,"comment_status":"","ping_status":"","sticky":false,"template":"","format":"standard","meta":{"footnotes":""},"categories":[1355],"tags":[32364,1695,5551,1696,58,59,1011,27,1116,2142,32365,30040,1361,873,21622],"class_list":{"0":"post-185548","1":"post","2":"type-post","3":"status-publish","4":"format-standard","5":"has-post-thumbnail","7":"category-musique","8":"tag-bien-immobilier","9":"tag-chanson","10":"tag-chanson-francaise","11":"tag-chanteur","12":"tag-divertissement","13":"tag-entertainment","14":"tag-fr","15":"tag-france","16":"tag-immobilier","17":"tag-maison","18":"tag-maison-a-vendre","19":"tag-michel-sardou","20":"tag-music","21":"tag-musique","22":"tag-neuilly-sur-seine"},"share_on_mastodon":{"url":"https:\/\/pubeurope.com\/@fr\/114703726260915091","error":""},"_links":{"self":[{"href":"https:\/\/www.europesays.com\/fr\/wp-json\/wp\/v2\/posts\/185548","targetHints":{"allow":["GET"]}}],"collection":[{"href":"https:\/\/www.europesays.com\/fr\/wp-json\/wp\/v2\/posts"}],"about":[{"href":"https:\/\/www.europesays.com\/fr\/wp-json\/wp\/v2\/types\/post"}],"author":[{"embeddable":true,"href":"https:\/\/www.europesays.com\/fr\/wp-json\/wp\/v2\/users\/2"}],"replies":[{"embeddable":true,"href":"https:\/\/www.europesays.com\/fr\/wp-json\/wp\/v2\/comments?post=185548"}],"version-history":[{"count":0,"href":"https:\/\/www.europesays.com\/fr\/wp-json\/wp\/v2\/posts\/185548\/revisions"}],"wp:featuredmedia":[{"embeddable":true,"href":"https:\/\/www.europesays.com\/fr\/wp-json\/wp\/v2\/media\/185549"}],"wp:attachment":[{"href":"https:\/\/www.europesays.com\/fr\/wp-json\/wp\/v2\/media?parent=185548"}],"wp:term":[{"taxonomy":"category","embeddable":true,"href":"https:\/\/www.europesays.com\/fr\/wp-json\/wp\/v2\/categories?post=185548"},{"taxonomy":"post_tag","embeddable":true,"href":"https:\/\/www.europesays.com\/fr\/wp-json\/wp\/v2\/tags?post=185548"}],"curies":[{"name":"wp","href":"https:\/\/api.w.org\/{rel}","templated":true}]}}