{"id":185552,"date":"2025-06-18T09:46:10","date_gmt":"2025-06-18T09:46:10","guid":{"rendered":"https:\/\/www.europesays.com\/fr\/185552\/"},"modified":"2025-06-18T09:46:10","modified_gmt":"2025-06-18T09:46:10","slug":"cet-oubli-tout-bete-peut-transformer-votre-jardin-en-enfer-cet-ete","status":"publish","type":"post","link":"https:\/\/www.europesays.com\/fr\/185552\/","title":{"rendered":"Cet oubli tout b\u00eate peut transformer votre jardin en enfer cet \u00e9t\u00e9"},"content":{"rendered":"<p class=\"app_entry_lead\">L&rsquo;\u00e9t\u00e9 marque le grand retour des moustiques dans les jardins et les maisons, avec tous les d\u00e9sagr\u00e9ments qu&rsquo;ils occasionnent. Et une simple n\u00e9gligence suffit \u00e0 favoriser leur prolif\u00e9ration.<\/p>\n<p data-end=\"296\" data-start=\"204\">Chaque \u00e9t\u00e9, c&rsquo;est la m\u00eame rengaine\u00a0: les moustiques reviennent nous envahir. Et avec eux, les piq\u00fbres d\u00e9sagr\u00e9ables et\u00a0les nuits perturb\u00e9es. Mais l&rsquo;inqui\u00e9tude ne se limite plus aux boutons qui grattent. Depuis quelques ann\u00e9es, une esp\u00e8ce en particulier a chang\u00e9 la donne\u00a0: le moustique tigre. Install\u00e9 dans la quasi-totalit\u00e9 des d\u00e9partements fran\u00e7ais, ce minuscule envahisseur a la particularit\u00e9 de piquer en plein jour et de transmettre des virus venus de loin, comme la dengue, le chikungunya ou le zika.<\/p>\n<p data-end=\"2052\" data-start=\"1590\">Autrefois r\u00e9serv\u00e9es aux zones tropicales, ces maladies\u00a0trouvent d\u00e9sormais des conditions favorables en m\u00e9tropole, notamment avec le d\u00e9r\u00e8glement climatique : chaleur, humidit\u00e9, urbanisation\u2026 Et surtout, des espaces de ponte insoup\u00e7onn\u00e9s dans les cours et les jardins. Car il ne faut pas grand-chose pour qu&rsquo;une femelle moustique d\u00e9cide d&rsquo;y d\u00e9poser ses \u0153ufs\u00a0: un fond d&rsquo;eau d&rsquo;\u00e0 peine quelques centim\u00e8tres\u00a0suffit. En moins d&rsquo;une semaine, les larves deviennent adultes, pr\u00eates \u00e0 piquer et \u00e0 se reproduire \u00e0 leur tour.<\/p>\n<p data-end=\"2465\" data-start=\"2054\">Parmi les coupables les plus fr\u00e9quents, un objet revient syst\u00e9matiquement\u00a0: l&rsquo;arrosoir. Souvent laiss\u00e9 dans un coin apr\u00e8s usage, cet accessoire pr\u00e9cieux contient souvent un reste d&rsquo;eau stagnante. Exactement ce que recherchent les moustiques pour se multiplier. Et si l&rsquo;eau chauffe au soleil, le d\u00e9veloppement est encore plus rapide. L&rsquo;oubli semble anodin. Il cr\u00e9e pourtant un nid \u00e0 moustiques en puissance.<\/p>\n<p><img decoding=\"async\" alt=\"\" src=\"https:\/\/www.europesays.com\/fr\/wp-content\/uploads\/2025\/06\/39501461.jpg\"\/><br \/>\n\u00a9\u00a0Giovanni.Seabra &#8211; Adobe Stock<\/p>\n<p data-end=\"2810\" data-start=\"2467\">Le bon r\u00e9flexe\u00a0: le vider, syst\u00e9matiquement, et le retourner pour \u00e9viter toute stagnation. Ce geste, simple et rapide, emp\u00eache la transformation du jardin en foyer de prolif\u00e9ration. Et il ne concerne pas que l&rsquo;arrosoir\u00a0: soucoupes de pots, seaux, bassines, r\u00e9cup\u00e9rateurs d&rsquo;eau non couverts\u2026 Tous ces petits r\u00e9servoirs sont \u00e0 surveiller de pr\u00e8s.<\/p>\n<p data-end=\"3160\" data-is-last-node=\"\" data-is-only-node=\"\" data-start=\"2812\">Au-del\u00e0 du confort personnel, ce sont aussi des enjeux de sant\u00e9 publique et de pr\u00e9servation \u00e9cologique. Moins de moustiques, c&rsquo;est moins de recours aux insecticides, moins de perturbations pour les esp\u00e8ces locales, et plus de chances de profiter de son jardin sans se gratter toutes les dix minutes. Un arrosoir bien rang\u00e9 n&rsquo;a jamais autant compt\u00e9.<\/p>\n","protected":false},"excerpt":{"rendered":"L&rsquo;\u00e9t\u00e9 marque le grand retour des moustiques dans les jardins et les maisons, avec tous les d\u00e9sagr\u00e9ments qu&rsquo;ils&hellip;\n","protected":false},"author":2,"featured_media":185553,"comment_status":"","ping_status":"","sticky":false,"template":"","format":"standard","meta":{"footnotes":""},"categories":[10],"tags":[1011,27,72,71],"class_list":{"0":"post-185552","1":"post","2":"type-post","3":"status-publish","4":"format-standard","5":"has-post-thumbnail","7":"category-sante","8":"tag-fr","9":"tag-france","10":"tag-health","11":"tag-sante"},"share_on_mastodon":{"url":"https:\/\/pubeurope.com\/@fr\/114703734128364004","error":""},"_links":{"self":[{"href":"https:\/\/www.europesays.com\/fr\/wp-json\/wp\/v2\/posts\/185552","targetHints":{"allow":["GET"]}}],"collection":[{"href":"https:\/\/www.europesays.com\/fr\/wp-json\/wp\/v2\/posts"}],"about":[{"href":"https:\/\/www.europesays.com\/fr\/wp-json\/wp\/v2\/types\/post"}],"author":[{"embeddable":true,"href":"https:\/\/www.europesays.com\/fr\/wp-json\/wp\/v2\/users\/2"}],"replies":[{"embeddable":true,"href":"https:\/\/www.europesays.com\/fr\/wp-json\/wp\/v2\/comments?post=185552"}],"version-history":[{"count":0,"href":"https:\/\/www.europesays.com\/fr\/wp-json\/wp\/v2\/posts\/185552\/revisions"}],"wp:featuredmedia":[{"embeddable":true,"href":"https:\/\/www.europesays.com\/fr\/wp-json\/wp\/v2\/media\/185553"}],"wp:attachment":[{"href":"https:\/\/www.europesays.com\/fr\/wp-json\/wp\/v2\/media?parent=185552"}],"wp:term":[{"taxonomy":"category","embeddable":true,"href":"https:\/\/www.europesays.com\/fr\/wp-json\/wp\/v2\/categories?post=185552"},{"taxonomy":"post_tag","embeddable":true,"href":"https:\/\/www.europesays.com\/fr\/wp-json\/wp\/v2\/tags?post=185552"}],"curies":[{"name":"wp","href":"https:\/\/api.w.org\/{rel}","templated":true}]}}