{"id":185556,"date":"2025-06-18T09:48:08","date_gmt":"2025-06-18T09:48:08","guid":{"rendered":"https:\/\/www.europesays.com\/fr\/185556\/"},"modified":"2025-06-18T09:48:08","modified_gmt":"2025-06-18T09:48:08","slug":"netflix-diffusera-les-chaines-et-contenus-de-tf1-en-france-en-2026-une-premiere-mondiale","status":"publish","type":"post","link":"https:\/\/www.europesays.com\/fr\/185556\/","title":{"rendered":"Netflix diffusera les cha\u00eenes et contenus de TF1 en France en\u00a02026, une premi\u00e8re mondiale"},"content":{"rendered":"<p>Regarder <a href=\"https:\/\/www.20minutes.fr\/arts-stars\/television\/koh_lanta\/\" class=\"color-ultramarine c-link\" rel=\"nofollow noopener\" target=\"_blank\">Koh Lanta<\/a>, HPI ou le <a href=\"https:\/\/www.20minutes.fr\/dossier\/20_heures\" class=\"color-ultramarine c-link\" rel=\"nofollow noopener\" target=\"_blank\">20 heures<\/a> sur <a href=\"https:\/\/www.20minutes.fr\/dossier\/netflix\" class=\"color-ultramarine c-link\" rel=\"nofollow noopener\" target=\"_blank\">Netflix <\/a>sera possible l\u2019an prochain\u00a0: la plateforme am\u00e9ricaine diffusera en effet les cha\u00eenes du groupe <a href=\"https:\/\/www.20minutes.fr\/dossier\/tf1\" class=\"color-ultramarine c-link\" rel=\"nofollow noopener\" target=\"_blank\">TF1<\/a> et les contenus de TF1+\u00a0\u00e0 partir de l\u2019\u00e9t\u00e9\u00a02026, en vertu d\u2019un partenariat in\u00e9dit annonc\u00e9 mercredi 18\u00a0juin 2025.<\/p>\n<\/p>\n<p>Premi\u00e8re mondiale<\/p>\n<p>Cet accord de distribution, dont la dur\u00e9e et le montant n\u2019ont pas \u00e9t\u00e9 d\u00e9voil\u00e9s, permettra d\u2019acc\u00e9der \u00e0 la fois aux cinq cha\u00eenes en direct de TF1 (TF1, leader des audiences en France, <a href=\"https:\/\/www.20minutes.fr\/dossier\/lci\" class=\"color-ultramarine c-link\" rel=\"nofollow noopener\" target=\"_blank\">LCI<\/a>, <a href=\"https:\/\/www.20minutes.fr\/television\/tmc\/\" class=\"color-ultramarine c-link\" rel=\"nofollow noopener\" target=\"_blank\">TMC<\/a>, <a href=\"https:\/\/www.20minutes.fr\/arts-stars\/television\/nt1\/\" class=\"color-ultramarine c-link\" rel=\"nofollow noopener\" target=\"_blank\">TFX<\/a>, TF1 S\u00e9ries films) et aux programmes de sa plateforme TF1+, de la <a href=\"https:\/\/www.20minutes.fr\/arts-stars\/television\/4110384-20240917-broceliande-pourquoi-serie-tf1-tout-devenir-culte\" class=\"color-ultramarine c-link\" rel=\"nofollow noopener\" target=\"_blank\">s\u00e9rie Broc\u00e9liande, avec Nolwenn Leroy<\/a>, au t\u00e9l\u00e9-crochet <a href=\"https:\/\/www.20minutes.fr\/television\/the-voice\/\" class=\"color-ultramarine c-link\" rel=\"nofollow noopener\" target=\"_blank\">The Voice<\/a> en passant par les rencontres sportives.<\/p>\n<p>Et tout cela, \u00ab\u00a0sans jamais avoir \u00e0 quitter l\u2019environnement Netflix\u00a0\u00bb et <a href=\"https:\/\/www.20minutes.fr\/high-tech\/2667747-20191205-netflix-pourrait-bientot-telecharger-des-films-et-series-sans-votre-autorisation\" class=\"color-ultramarine c-link\" rel=\"nofollow noopener\" target=\"_blank\">son syst\u00e8me de recommandation<\/a>, pr\u00e9cise un communiqu\u00e9. Ce partenariat constitue ainsi une premi\u00e8re mondiale, le g\u00e9ant du streaming n\u2019ayant jusqu\u2019alors jamais ouvert sa plateforme \u00e0 un autre op\u00e9rateur.<\/p>\n<p>Des services compl\u00e9mentaires<\/p>\n<p>TF1 et Netflix ont multipli\u00e9 les collaborations ces derni\u00e8res ann\u00e9es, en coproduisant des s\u00e9ries comme <a href=\"https:\/\/www.20minutes.fr\/arts-stars\/television\/2617579-20191001-bazar-charite-visions-horreur-regarde-debut-serie-tf1-netflix\" class=\"color-ultramarine c-link\" rel=\"nofollow noopener\" target=\"_blank\">Le bazar de la charit\u00e9<\/a>, en\u00a02019, et derni\u00e8rement le <a href=\"https:\/\/www.20minutes.fr\/arts-stars\/television\/the-voice\/4141609-20250303-tout-lumiere-sait-nouveau-feuilleton-quotidien-tf1-netflix\" class=\"color-ultramarine c-link\" rel=\"nofollow noopener\" target=\"_blank\">feuilleton quotidien Tout pour la lumi\u00e8re<\/a>.<\/p>\n<p>Leur succ\u00e8s a \u00ab\u00a0montr\u00e9 qu\u2019il y avait une demande \u00e9vidente\u00a0\u00bb, a justifi\u00e9 aupr\u00e8s de l\u2019AFP <a href=\"https:\/\/www.20minutes.fr\/high-tech\/4113810-20241004-netflix-jamais-abonnement-totalement-gratuit-estime-pdg\" class=\"color-ultramarine c-link\" rel=\"nofollow noopener\" target=\"_blank\">le codirecteur g\u00e9n\u00e9ral de Netflix, Greg Peters<\/a>, heureux d\u2019aller plus loin avec le \u00ab\u00a0plus grand diffuseur (priv\u00e9) de France\u00a0\u00bb. \u00ab\u00a0On a senti qu\u2019il y avait une opportunit\u00e9\u00a0\u00bb avec \u00ab\u00a0un public qui, en France, consid\u00e8re Netflix comme leur moyen d\u2019acc\u00e9der \u00e0 la <a href=\"https:\/\/www.20minutes.fr\/arts-stars\/television\/\" class=\"color-ultramarine c-link\" rel=\"nofollow noopener\" target=\"_blank\">t\u00e9l\u00e9vision\u00a0<\/a>\u00bb, a-t-il ajout\u00e9.<\/p>\n<p>TF1 esp\u00e8re augmenter ses audiences<\/p>\n<p>Mais la d\u00e9cision peut surprendre de la part de TF1 \u00e0 l\u2019heure o\u00f9 le groupe audiovisuel, l\u2019un des plus puissants d\u2019Europe, ambitionne de faire de <a href=\"https:\/\/www.20minutes.fr\/arts-stars\/television\/koh_lanta\/4068856-20240107-tf1-series-divertissements-infos-reserve-nouvelle-plateforme-streaming\" class=\"color-ultramarine c-link\" rel=\"nofollow noopener\" target=\"_blank\">TF1+, lanc\u00e9e d\u00e9but\u00a02024<\/a>, la premi\u00e8re plateforme de streaming gratuite dans l\u2019Hexagone et la francophonie.<\/p>\n<p>\u00ab\u00a0TF1+\u00a0est et restera au centre de notre strat\u00e9gie\u00a0\u00bb, a assur\u00e9 \u00e0 l\u2019AFP <a href=\"https:\/\/www.20minutes.fr\/arts-stars\/television\/4057383-20231012-plus-belle-vie-sept-petits-secrets-nouvelle-version-serie-tf1\" class=\"color-ultramarine c-link\" rel=\"nofollow noopener\" target=\"_blank\">le PDG de TF1, Rodolphe Belmer<\/a>, vantant un partenariat \u00ab\u00a0vraiment compl\u00e9mentaire\u00a0\u00bb dans un contexte de fragmentation des audiences et d\u2019augmentation du visionnage \u00e0 la demande.<\/p>\n<p>Toucher les abonn\u00e9s de Netflix, \u00ab\u00a0tr\u00e8s nombreux\u00a0\u00bb et attach\u00e9s \u00e0 ce service payant, doit permettre, selon lui, d\u2019augmenter l\u2019audience des programmes de TF1, \u00ab\u00a0mon\u00e9tis\u00e9s uniquement ou principalement par la publicit\u00e9\u00a0\u00bb, pour \u00ab\u00a0financer la meilleure offre de programmes possible pour le public francophone\u00a0\u00bb.<\/p>\n<p>Un nouveau mod\u00e8le<\/p>\n<p>\u00ab\u00a0Nous nous sommes bien s\u00fbr pos\u00e9 la question de la cannibalisation de TF1+\u00a0et nous avons fait beaucoup d\u2019analyses\u00a0\u00bb qui laissent penser que l\u2019op\u00e9ration \u00ab\u00a0sera nettement positive pour nous en mati\u00e8re d&rsquo;<a href=\"https:\/\/www.20minutes.fr\/dossier\/audience\" class=\"color-ultramarine c-link\" rel=\"nofollow noopener\" target=\"_blank\">audience\u00a0<\/a>\u00bb, a fait valoir M. Belmer, qui met souvent en avant la concurrence de <a href=\"https:\/\/www.20minutes.fr\/high-tech\/youtube\/\" class=\"color-ultramarine c-link\" rel=\"nofollow noopener\" target=\"_blank\">YouTube<\/a>, plateforme gratuite.<\/p>\n<p>De son c\u00f4t\u00e9, Netflix, qui a franchi en\u00a02022 le cap des 10\u00a0millions de foyers fran\u00e7ais abonn\u00e9s \u2013 <a href=\"https:\/\/www.20minutes.fr\/arts-stars\/culture\/4149315-20250418-netflix-augmente-prix-france\" class=\"color-ultramarine c-link\" rel=\"nofollow noopener\" target=\"_blank\">et a augment\u00e9 ses tarifs<\/a>, en France, en avril\u00a02025 \u2013, profitera de nouveaux contenus \u00ab\u00a0compl\u00e9mentaires\u00a0\u00bb \u00e0 son catalogue, selon Greg Peters.<\/p>\n<p>\u00ab\u00a0TF1 est tr\u00e8s bon dans le domaine du <a href=\"https:\/\/www.20minutes.fr\/sport\/\" class=\"color-ultramarine c-link\" rel=\"nofollow noopener\" target=\"_blank\">sport <\/a>et des \u00e9missions en direct, o\u00f9 nous ne sommes pas tr\u00e8s pr\u00e9sents pour l\u2019instant, m\u00eame si nous sommes en train de les d\u00e9velopper\u00a0\u00bb, a ainsi expliqu\u00e9 le dirigeant \u00e0 l\u2019AFP.<\/p>\n<p>Le g\u00e9ant du <a href=\"https:\/\/www.20minutes.fr\/dossier\/streaming\" class=\"color-ultramarine c-link\" rel=\"nofollow noopener\" target=\"_blank\">streaming <\/a>s\u2019est notamment illustr\u00e9 fin\u00a02024 en diffusant en direct deux matchs de la ligue professionnelle de football am\u00e9ricain NFL et un <a href=\"https:\/\/www.20minutes.fr\/sport\/boxe\/4121698-20241116-boxe-vraiment-jake-paul-youtubeur-battu-mike-tyson\" class=\"color-ultramarine c-link\" rel=\"nofollow noopener\" target=\"_blank\">match de boxe entre le youtubeur Jake Paul et Mike Tyson<\/a>.<\/p>\n<p>D\u2019autres cha\u00eenes suivront-elles\u00a0?<\/p>\n<p>Greg Peters se r\u00e9jouit \u00e9galement de pouvoir proposer les feuilletons quotidiens de TF1 comme <a href=\"https:\/\/www.20minutes.fr\/arts-stars\/serie\/demain-appartient\/\" class=\"color-ultramarine c-link\" rel=\"nofollow noopener\" target=\"_blank\">Demain nous appartient<\/a> et <a href=\"https:\/\/www.20minutes.fr\/arts-stars\/serie\/tout-commence\/\" class=\"color-ultramarine c-link\" rel=\"nofollow noopener\" target=\"_blank\">Ici tout commence<\/a>, un genre appr\u00e9ci\u00e9 des abonn\u00e9s, selon lui. En t\u00e9moigne la \u00ab\u00a0bonne performance\u00a0\u00bb, d\u2019apr\u00e8s M. Peters, de Tout pour la lumi\u00e8re, <a href=\"https:\/\/www.20minutes.fr\/arts-stars\/television\/4158598-20250616-pourquoi-tout-lumiere-pourrait-chambouler-playlists-spotify-deezer\" class=\"color-ultramarine c-link\" rel=\"nofollow noopener\" target=\"_blank\">lanc\u00e9e vendredi 13\u00a0juin 2025 sur Netflix<\/a>, puis sur TF1 et TFX lundi 16\u00a0juin, qui d\u00e9montre \u00ab\u00a0la puissance de ce mod\u00e8le\u00a0\u00bb.<\/p>\n<p>Interrog\u00e9s sur la r\u00e9partition des revenus publicitaires dans le cadre du nouvel accord, les deux dirigeants n\u2019ont pas comment\u00e9. Quant \u00e0 la potentielle extension de ce partenariat \u00e0 d\u2019autres acteurs en France et \u00e0 l\u2019\u00e9tranger, rien n\u2019est pour l\u2019heure pr\u00e9vu chez Netflix, pas plus que chez TF1.<\/p>\n<p><a href=\"https:\/\/www.20minutes.fr\/dossier\/streaming\" class=\"c-link c-btn c-btn--primary\" rel=\"nofollow noopener\" target=\"_blank\">Notre dossier \u00ab Streaming \u00bb<\/a><\/p>\n<p>\u00ab\u00a0Nous avons beaucoup de travail \u00e0 faire avant de penser \u00e0 la suite, a expliqu\u00e9 Greg Peters. C\u2019est un nouveau mod\u00e8le [\u2026] nous voulons que tout le monde soit satisfait\u00a0\u00bb. \u00ab\u00a0Nous sommes totalement concentr\u00e9s\u00a0sur cet accord qu\u2019il faudra concr\u00e9tiser aupr\u00e8s des <a href=\"https:\/\/www.20minutes.fr\/dossier\/consommateurs\" class=\"color-ultramarine c-link\" rel=\"nofollow noopener\" target=\"_blank\">consommateurs <\/a>mais aussi aupr\u00e8s du march\u00e9 publicitaire\u00a0\u00bb, a abond\u00e9 Rodolphe Belmer.<\/p>\n","protected":false},"excerpt":{"rendered":"Regarder Koh Lanta, HPI ou le 20 heures sur Netflix sera possible l\u2019an prochain\u00a0: la plateforme am\u00e9ricaine diffusera&hellip;\n","protected":false},"author":2,"featured_media":185557,"comment_status":"","ping_status":"","sticky":false,"template":"","format":"standard","meta":{"footnotes":""},"categories":[8],"tags":[32367,3598,58,59,1011,27,9109,127,32366,128,252,199,30052,3074,8648,31169,133,2784],"class_list":{"0":"post-185556","1":"post","2":"type-post","3":"status-publish","4":"format-standard","5":"has-post-thumbnail","7":"category-divertissement","8":"tag-20-heures","9":"tag-demain-nous-appartient","10":"tag-divertissement","11":"tag-entertainment","12":"tag-fr","13":"tag-france","14":"tag-lci","15":"tag-netflix","16":"tag-nfl","17":"tag-streaming","18":"tag-television","19":"tag-tf1","20":"tag-tfx","21":"tag-the-voice","22":"tag-tmc","23":"tag-tout-pour-la-lumiere","24":"tag-video","25":"tag-youtube"},"share_on_mastodon":{"url":"https:\/\/pubeurope.com\/@fr\/114703741919023653","error":""},"_links":{"self":[{"href":"https:\/\/www.europesays.com\/fr\/wp-json\/wp\/v2\/posts\/185556","targetHints":{"allow":["GET"]}}],"collection":[{"href":"https:\/\/www.europesays.com\/fr\/wp-json\/wp\/v2\/posts"}],"about":[{"href":"https:\/\/www.europesays.com\/fr\/wp-json\/wp\/v2\/types\/post"}],"author":[{"embeddable":true,"href":"https:\/\/www.europesays.com\/fr\/wp-json\/wp\/v2\/users\/2"}],"replies":[{"embeddable":true,"href":"https:\/\/www.europesays.com\/fr\/wp-json\/wp\/v2\/comments?post=185556"}],"version-history":[{"count":0,"href":"https:\/\/www.europesays.com\/fr\/wp-json\/wp\/v2\/posts\/185556\/revisions"}],"wp:featuredmedia":[{"embeddable":true,"href":"https:\/\/www.europesays.com\/fr\/wp-json\/wp\/v2\/media\/185557"}],"wp:attachment":[{"href":"https:\/\/www.europesays.com\/fr\/wp-json\/wp\/v2\/media?parent=185556"}],"wp:term":[{"taxonomy":"category","embeddable":true,"href":"https:\/\/www.europesays.com\/fr\/wp-json\/wp\/v2\/categories?post=185556"},{"taxonomy":"post_tag","embeddable":true,"href":"https:\/\/www.europesays.com\/fr\/wp-json\/wp\/v2\/tags?post=185556"}],"curies":[{"name":"wp","href":"https:\/\/api.w.org\/{rel}","templated":true}]}}