{"id":185567,"date":"2025-06-18T09:54:10","date_gmt":"2025-06-18T09:54:10","guid":{"rendered":"https:\/\/www.europesays.com\/fr\/185567\/"},"modified":"2025-06-18T09:54:10","modified_gmt":"2025-06-18T09:54:10","slug":"saint-etienne-un-jeune-automobiliste-interpelle-avec-des-stupefiants-dans-son-vehicule","status":"publish","type":"post","link":"https:\/\/www.europesays.com\/fr\/185567\/","title":{"rendered":"Saint-Etienne. Un jeune automobiliste interpell\u00e9 avec des stup\u00e9fiants dans son v\u00e9hicule"},"content":{"rendered":"<p>Lundi, \u00e0 16\u00a0h\u00a030, une \u00e9quipe de la BSTC (Brigade de s\u00e9curisation des transports en commun) arr\u00eate un v\u00e9hicule roulant \u00e0 vive allure dans le quartier st\u00e9phanois de La Rivi\u00e8re. Au volant, un jeune homme de 19 ans, accompagn\u00e9 d\u2019un passager \u00e2g\u00e9 de 16 ans. Au moment du contr\u00f4le les policiers sentent une forte odeur de cannabis et aper\u00e7oivent un morceau de r\u00e9sine sur la console centrale de la voiture. Sous le si\u00e8ge du conducteur, ils d\u00e9couvrent 150 grammes de r\u00e9sine et d\u2019herbe de cannabis et, dans le coffre, 450\u00a0euros en liquide. Le conducteur a \u00e9t\u00e9 plac\u00e9 en garde \u00e0 vue et sera convoqu\u00e9 prochainement devant la justice. Les stup\u00e9fiants ont \u00e9t\u00e9 d\u00e9truits et les 450\u00a0euros saisis.<\/p>\n","protected":false},"excerpt":{"rendered":"Lundi, \u00e0 16\u00a0h\u00a030, une \u00e9quipe de la BSTC (Brigade de s\u00e9curisation des transports en commun) arr\u00eate un v\u00e9hicule&hellip;\n","protected":false},"author":2,"featured_media":30227,"comment_status":"","ping_status":"","sticky":false,"template":"","format":"standard","meta":{"footnotes":""},"categories":[9653],"tags":[1111,11,2430,271,272,7539,1777,674,274,1011,27,3367,12,25,4001,7538],"class_list":{"0":"post-185567","1":"post","2":"type-post","3":"status-publish","4":"format-standard","5":"has-post-thumbnail","7":"category-saint-etienne","8":"tag-actu","9":"tag-actualites","10":"tag-auvergne-rhone-alpes","11":"tag-crime","12":"tag-delit-et-contravention","13":"tag-edition-loire-sud","14":"tag-eu","15":"tag-europe","16":"tag-faits-divers-justice","17":"tag-fr","18":"tag-france","19":"tag-loire","20":"tag-news","21":"tag-republique-francaise","22":"tag-saint-etienne","23":"tag-saint-etienne-ville"},"share_on_mastodon":{"url":"https:\/\/pubeurope.com\/@fr\/114703765579607031","error":""},"_links":{"self":[{"href":"https:\/\/www.europesays.com\/fr\/wp-json\/wp\/v2\/posts\/185567","targetHints":{"allow":["GET"]}}],"collection":[{"href":"https:\/\/www.europesays.com\/fr\/wp-json\/wp\/v2\/posts"}],"about":[{"href":"https:\/\/www.europesays.com\/fr\/wp-json\/wp\/v2\/types\/post"}],"author":[{"embeddable":true,"href":"https:\/\/www.europesays.com\/fr\/wp-json\/wp\/v2\/users\/2"}],"replies":[{"embeddable":true,"href":"https:\/\/www.europesays.com\/fr\/wp-json\/wp\/v2\/comments?post=185567"}],"version-history":[{"count":0,"href":"https:\/\/www.europesays.com\/fr\/wp-json\/wp\/v2\/posts\/185567\/revisions"}],"wp:featuredmedia":[{"embeddable":true,"href":"https:\/\/www.europesays.com\/fr\/wp-json\/wp\/v2\/media\/30227"}],"wp:attachment":[{"href":"https:\/\/www.europesays.com\/fr\/wp-json\/wp\/v2\/media?parent=185567"}],"wp:term":[{"taxonomy":"category","embeddable":true,"href":"https:\/\/www.europesays.com\/fr\/wp-json\/wp\/v2\/categories?post=185567"},{"taxonomy":"post_tag","embeddable":true,"href":"https:\/\/www.europesays.com\/fr\/wp-json\/wp\/v2\/tags?post=185567"}],"curies":[{"name":"wp","href":"https:\/\/api.w.org\/{rel}","templated":true}]}}