{"id":185568,"date":"2025-06-18T09:55:09","date_gmt":"2025-06-18T09:55:09","guid":{"rendered":"https:\/\/www.europesays.com\/fr\/185568\/"},"modified":"2025-06-18T09:55:09","modified_gmt":"2025-06-18T09:55:09","slug":"voici-ou-ca-va-le-plus-chauffer","status":"publish","type":"post","link":"https:\/\/www.europesays.com\/fr\/185568\/","title":{"rendered":"voici o\u00f9 \u00e7a va le plus chauffer"},"content":{"rendered":"<p>            Par<br \/>\n        <strong><br \/>\n            <a href=\"https:\/\/actu.fr\/auteur\/julien-sournies\" title=\"Consulter tous les articles de Julien Sournies\" rel=\"nofollow noopener\" target=\"_blank\">Julien Sournies<\/a><br \/>\n        <\/strong><\/p>\n<p>        Publi\u00e9 le<\/p>\n<p>            18 juin 2025 \u00e0 11h41        <\/p>\n<p>Les<strong> temp\u00e9ratures vont continuer de grimper<\/strong> dans la <a href=\"https:\/\/actu.fr\/auvergne-rhone-alpes\/loire_42\" rel=\"nofollow noopener\" target=\"_blank\">Loire<\/a> au cours des prochains jours. Si le temps s\u2019\u00e9tait quelque peu rafra\u00eechi le week-end dernier, le mercure va en effet repartir (fortement) \u00e0 la hausse d\u2019ici \u00e0 la fin de semaine dans le d\u00e9partement lig\u00e9rien.<\/p>\n<p class=\" wall-content\">Voici \u00e0 quoi s\u2019attendre, selon les derni\u00e8res pr\u00e9visions de <a href=\"https:\/\/actu.fr\/tag\/meteo-france\" rel=\"nofollow noopener\" target=\"_blank\">M\u00e9t\u00e9o-France<\/a>.<\/p>\n<p>\u00ab\u2009Les seuils de canicule pourraient m\u00eame \u00e9galement \u00eatre atteints\u2009\u00bb<\/p>\n<p class=\" wall-content\">Et la chaleur va d\u00e9barquer d\u00e8s l\u2019apr\u00e8s-midi de ce mercredi 18\u00a0juin. D\u2019apr\u00e8s M\u00e9t\u00e9o-France, la barre des 30\u00b0C sera franchie sur l\u2019ensemble du d\u00e9partement lig\u00e9rien. Du c\u00f4t\u00e9 de Saint-Pierre-de-B\u0153uf,<strong> 33\u00b0C<\/strong> sont m\u00eame attendus au maximum de la journ\u00e9e.<\/p>\n<p class=\" wall-content\">Mais c\u2019est v\u00e9ritablement \u00e0 partir de la fin de semaine que les temp\u00e9ratures vont grimper en fl\u00e8che. \u00ab\u2009Le thermom\u00e8tre pourrait atteindre quotidiennement les 35\u00b0C voire les d\u00e9passer localement. Les seuils de canicule pourraient m\u00eame \u00e9galement \u00eatre atteints, d\u2019o\u00f9 un possible \u00e9pisode caniculaire\u2009\u00bb, relate M\u00e9t\u00e9o Loire dans son bulletin m\u00e9t\u00e9o.<\/p>\n<blockquote class=\"ac-article-quote wall-content\">\n<p>Pour rappel, une vague de chaleur peut \u00eatre consid\u00e9r\u00e9e comme \u00ab\u00a0canicule\u00a0\u00bb si les seuils sont atteints ou d\u00e9pass\u00e9s pendant au minimum trois jours cons\u00e9cutifs. Sur notre d\u00e9partement le seuil des temp\u00e9ratures maximales est de 35\u00b0 et celui des minimales \u00e0 19\u00b0.<\/p>\n<p>    <strong>M\u00e9t\u00e9o Loire<\/strong>\n            <\/p><\/blockquote>\n<p>Vid\u00e9os : en ce moment sur Actu38\u00b0C ce week-end dans la Loire<\/p>\n<p class=\" wall-content\">De son c\u00f4t\u00e9, M\u00e9t\u00e9o-France pr\u00e9voit en effet des temp\u00e9ratures \u00e9lev\u00e9es ce jeudi\u00a019 et vendredi 20\u00a0juin, surtout dans le sud du d\u00e9partement, \u00e0 la fronti\u00e8re avec le Rh\u00f4ne\u2009: 34\u00b0C\/35\u00b0C sont attendus dans les secteurs de Tartaras et Saint-Pierre-de-B\u0153uf.<\/p>\n<p class=\" wall-content\">Si le thermom\u00e8tre grimpe bien au-del\u00e0 des moyennes habituelles de juin (environ 25\u00b0C), le week-end sera encore plus insupportable. Ce samedi\u00a021 et dimanche 22\u00a0juin, le seuil des 35\u00b0C sera d\u00e9pass\u00e9 dans quasiment l\u2019int\u00e9gralit\u00e9 du d\u00e9partement lig\u00e9rien. Du c\u00f4t\u00e9 de Tartaras, le mercure affichera<strong> jusqu\u2019\u00e0 38\u00b0C<\/strong>, soit quelque 13\u00b0C de plus par rapport aux normales de saison\u2026<\/p>\n<p class=\" wall-content\">Mais l\u2019\u00e9pisode est vraisemblablement loin d\u2019\u00eatre termin\u00e9. M\u00e9t\u00e9o Loire indique en effet que \u00ab\u2009la dur\u00e9e de cet \u00e9pisode de chaleur n\u2019est pas encore cal\u00e9e. Elle conditionnera la mise en place de d\u00e9partement en vigilance canicule, ou alors, elle ne durera que jusqu\u2019au week-end inclus avec une probable forte d\u00e9gradation orageuse par la suite\u2009\u00bb.<\/p>\n<p class=\" wall-content\">Suivez toute l\u2019actualit\u00e9 de vos villes et m\u00e9dias favoris en vous inscrivant \u00e0 <a href=\"https:\/\/moncompte.actu.fr\" title=\"D\u00e9couvez Mon Actu\" rel=\"nofollow noopener\" data-trk=\"{&quot;cta&quot;:{&quot;action&quot;:&quot;https:\\\/\\\/moncompte.actu.fr&quot;,&quot;category&quot;:&quot;mon compte&quot;,&quot;from&quot;:&quot;article footer&quot;,&quot;name&quot;:&quot;Mon actu&quot;,&quot;type&quot;:&quot;cta&quot;}}\" target=\"_blank\">Mon Actu<\/a>.<\/p>\n","protected":false},"excerpt":{"rendered":"Par Julien Sournies Publi\u00e9 le 18 juin 2025 \u00e0 11h41 Les temp\u00e9ratures vont continuer de grimper dans la&hellip;\n","protected":false},"author":2,"featured_media":185569,"comment_status":"","ping_status":"","sticky":false,"template":"","format":"standard","meta":{"footnotes":""},"categories":[9653],"tags":[1111,11,2430,6698,1777,674,1011,27,2487,2357,12,25,4001,15637],"class_list":{"0":"post-185568","1":"post","2":"type-post","3":"status-publish","4":"format-standard","5":"has-post-thumbnail","7":"category-saint-etienne","8":"tag-actu","9":"tag-actualites","10":"tag-auvergne-rhone-alpes","11":"tag-canicule","12":"tag-eu","13":"tag-europe","14":"tag-fr","15":"tag-france","16":"tag-meteo","17":"tag-meteo-france","18":"tag-news","19":"tag-republique-francaise","20":"tag-saint-etienne","21":"tag-vague-de-chaleur"},"share_on_mastodon":{"url":"https:\/\/pubeurope.com\/@fr\/114703769448878128","error":""},"_links":{"self":[{"href":"https:\/\/www.europesays.com\/fr\/wp-json\/wp\/v2\/posts\/185568","targetHints":{"allow":["GET"]}}],"collection":[{"href":"https:\/\/www.europesays.com\/fr\/wp-json\/wp\/v2\/posts"}],"about":[{"href":"https:\/\/www.europesays.com\/fr\/wp-json\/wp\/v2\/types\/post"}],"author":[{"embeddable":true,"href":"https:\/\/www.europesays.com\/fr\/wp-json\/wp\/v2\/users\/2"}],"replies":[{"embeddable":true,"href":"https:\/\/www.europesays.com\/fr\/wp-json\/wp\/v2\/comments?post=185568"}],"version-history":[{"count":0,"href":"https:\/\/www.europesays.com\/fr\/wp-json\/wp\/v2\/posts\/185568\/revisions"}],"wp:featuredmedia":[{"embeddable":true,"href":"https:\/\/www.europesays.com\/fr\/wp-json\/wp\/v2\/media\/185569"}],"wp:attachment":[{"href":"https:\/\/www.europesays.com\/fr\/wp-json\/wp\/v2\/media?parent=185568"}],"wp:term":[{"taxonomy":"category","embeddable":true,"href":"https:\/\/www.europesays.com\/fr\/wp-json\/wp\/v2\/categories?post=185568"},{"taxonomy":"post_tag","embeddable":true,"href":"https:\/\/www.europesays.com\/fr\/wp-json\/wp\/v2\/tags?post=185568"}],"curies":[{"name":"wp","href":"https:\/\/api.w.org\/{rel}","templated":true}]}}