{"id":185574,"date":"2025-06-18T09:58:13","date_gmt":"2025-06-18T09:58:13","guid":{"rendered":"https:\/\/www.europesays.com\/fr\/185574\/"},"modified":"2025-06-18T09:58:13","modified_gmt":"2025-06-18T09:58:13","slug":"a-la-garde-une-programmation-culturelle-enrichie-dans-le-nouveau-theatre","status":"publish","type":"post","link":"https:\/\/www.europesays.com\/fr\/185574\/","title":{"rendered":"\u00c0 La Garde, une programmation culturelle enrichie dans le nouveau th\u00e9\u00e2tre"},"content":{"rendered":"<p>                    <img loading=\"lazy\" decoding=\"async\" src=\"https:\/\/www.europesays.com\/fr\/wp-content\/uploads\/2025\/06\/f50fc46c2cc2e510ea22ce94b55d5d.jpg\" class=\"img-responsive post-image\" width=\"680\" height=\"510\" alt=\"\u00c0 La Garde, une programma\" title=\"\u00c0 La Garde, une programmation culturelle enrichie dans le nouveau th\u00e9\u00e2tre\"\/><\/p>\n<p class=\"chapo\">Dans un effort pour renforcer son offre culturelle et enrichir la vie artistique de la r\u00e9gion, La Ville franchit un nouveau cap avec l\u2019ouverture, en octobre prochain, d\u2019un th\u00e9\u00e2tre moderne et ambitieux, enti\u00e8rement g\u00e9r\u00e9 par la Municipalit\u00e9.<\/p>\n<p>Ce projet, port\u00e9 par la Ville depuis plusieurs ann\u00e9es, est en phase de concr\u00e9tisation avec un espace d\u00e9di\u00e9 \u00e0 la sc\u00e8ne, qui prendra place \u00e0 c\u00f4t\u00e9 de la M\u00e9diath\u00e8que, dans un b\u00e2timent ultramoderne de 350 places. Le financement de ce projet ambitieux a \u00e9t\u00e9 assur\u00e9 par plusieurs acteurs publics. Le co\u00fbt pr\u00e9visionnel des travaux est estim\u00e9 \u00e0 7 227 763\u20ac.<\/p>\n<p>SALLE \u00c0 VOCATION R\u00c9GIONALE<\/p>\n<p>Le projet avance \u00e0 grand pas. La charpente m\u00e9tallique est achev\u00e9e, l\u2019\u00e9tanch\u00e9it\u00e9 termin\u00e9e et les travaux de second \u0153uvre en cours, incluant la pose des gaines, des cloisons, des \u00e9quipements \u00e9lectriques, ainsi que l\u2019installation de l\u2019ascenseur et des supports du faux grill dans l\u2019espace sc\u00e9nique. Les travaux avancent donc selon le planning et devraient permettre une ouverture dans les meilleurs d\u00e9lais.<br class=\"autobr\"\/><br \/>\nLe nouveau th\u00e9\u00e2tre, con\u00e7u pour offrir une programmation vari\u00e9e et de grande qualit\u00e9, se distingue par ses dimensions exceptionnelles. Avec sa grande sc\u00e8ne et une hauteur sous plafond de 9 m\u00e8tres, il peut accueillir des spectacles de grande ampleur, qu\u2019il s\u2019agisse de th\u00e9\u00e2tre classique ou contemporain, de danse, de musique, de cirque, d\u2019humour, de magie ou de spectacles pour le jeune public. Ce lieu est avant tout un projet ambitieux visant \u00e0 offrir une exp\u00e9rience culturelle enrichissante pour tous les publics de la r\u00e9gion.<br class=\"autobr\"\/><br \/>\nAinsi, le b\u00e2timent de 1 257 m\u00b2 int\u00e8gre un hall d\u2019accueil spacieux, une billetterie, ainsi que des locaux d\u00e9di\u00e9s aux artistes et aux \u00e9quipes techniques. L\u2019architecture s\u2019inscrit harmonieusement dans le paysage urbain, tout en cr\u00e9ant un lien avec la maison communale G\u00e9rard Philipe et la m\u00e9diath\u00e8que voisine. Il ambitionne, \u00e9galement, de devenir un centre de cr\u00e9ation et d\u2019innovation.<\/p>\n<p>PROGRAMMATION RICHE<\/p>\n<p>D\u00e8s l\u2019ouverture, le th\u00e9\u00e2tre promet une programmation vari\u00e9e et de grande qualit\u00e9. Plus de 20 spectacles sont d\u00e9j\u00e0 programm\u00e9s pour la saison 2025\/2026. Les spectateurs pourront y d\u00e9couvrir des pi\u00e8ces de th\u00e9\u00e2tre classiques et contemporaines, des concerts, des spectacles de danse et de cirque ainsi qu\u2019une com\u00e9die musicale familiale pour No\u00ebl. Le th\u00e9\u00e2tre proposera \u00e9galement des cin\u00e9-concerts, des spectacles d\u2019humour et des \u00e9v\u00e9nements sp\u00e9ciaux \u00e0 destination des scolaires et du jeune public.<br class=\"autobr\"\/><br \/>\nAvec plus de 30 levers de rideaux pr\u00e9vus, la saison sera riche en surprises, avec des r\u00e9p\u00e9titions publiques et des s\u00e9ances sp\u00e9ciales pour le jeune public, ainsi que des spectacles doubl\u00e9s pour permettre \u00e0 chacun de profiter des \u00e9v\u00e9nements dans les meilleures conditions possibles. La Ville invite ainsi les spectateurs \u00e0 r\u00eaver sans limite, \u00e0 d\u00e9couvrir de nouveaux horizons artistiques et \u00e0 vivre des moments inoubliables sur cette nouvelle sc\u00e8ne d\u00e9di\u00e9e \u00e0 l\u2019\u00e9merveillement et \u00e0 la d\u00e9couverte.<\/p>\n<p><strong>Le financement <\/strong> <br class=\"autobr\"\/><br \/>\nD\u00e9partement\u00a0: 2 739 020\u20ac\u00a0;<br class=\"autobr\"\/><br \/>\nR\u00e9gion\u00a0: 535 405\u20ac\u00a0;<br class=\"autobr\"\/><br \/>\nVille de La Garde\u00a0: 3 953 338\u20ac.<\/p>\n<p>Photo de Une \u00a9PRESSE AGENCE<\/p>\n","protected":false},"excerpt":{"rendered":"Dans un effort pour renforcer son offre culturelle et enrichir la vie artistique de la r\u00e9gion, La Ville&hellip;\n","protected":false},"author":2,"featured_media":185575,"comment_status":"","ping_status":"","sticky":false,"template":"","format":"standard","meta":{"footnotes":""},"categories":[9619],"tags":[1111,11,2408,1777,674,1011,27,12,882,25,2310],"class_list":{"0":"post-185574","1":"post","2":"type-post","3":"status-publish","4":"format-standard","5":"has-post-thumbnail","7":"category-toulon","8":"tag-actu","9":"tag-actualites","10":"tag-appels-d","11":"tag-eu","12":"tag-europe","13":"tag-fr","14":"tag-france","15":"tag-news","16":"tag-provence-alpes-cote-dazur","17":"tag-republique-francaise","18":"tag-toulon"},"share_on_mastodon":{"url":"https:\/\/pubeurope.com\/@fr\/114703781297690850","error":""},"_links":{"self":[{"href":"https:\/\/www.europesays.com\/fr\/wp-json\/wp\/v2\/posts\/185574","targetHints":{"allow":["GET"]}}],"collection":[{"href":"https:\/\/www.europesays.com\/fr\/wp-json\/wp\/v2\/posts"}],"about":[{"href":"https:\/\/www.europesays.com\/fr\/wp-json\/wp\/v2\/types\/post"}],"author":[{"embeddable":true,"href":"https:\/\/www.europesays.com\/fr\/wp-json\/wp\/v2\/users\/2"}],"replies":[{"embeddable":true,"href":"https:\/\/www.europesays.com\/fr\/wp-json\/wp\/v2\/comments?post=185574"}],"version-history":[{"count":0,"href":"https:\/\/www.europesays.com\/fr\/wp-json\/wp\/v2\/posts\/185574\/revisions"}],"wp:featuredmedia":[{"embeddable":true,"href":"https:\/\/www.europesays.com\/fr\/wp-json\/wp\/v2\/media\/185575"}],"wp:attachment":[{"href":"https:\/\/www.europesays.com\/fr\/wp-json\/wp\/v2\/media?parent=185574"}],"wp:term":[{"taxonomy":"category","embeddable":true,"href":"https:\/\/www.europesays.com\/fr\/wp-json\/wp\/v2\/categories?post=185574"},{"taxonomy":"post_tag","embeddable":true,"href":"https:\/\/www.europesays.com\/fr\/wp-json\/wp\/v2\/tags?post=185574"}],"curies":[{"name":"wp","href":"https:\/\/api.w.org\/{rel}","templated":true}]}}