{"id":185582,"date":"2025-06-18T10:02:09","date_gmt":"2025-06-18T10:02:09","guid":{"rendered":"https:\/\/www.europesays.com\/fr\/185582\/"},"modified":"2025-06-18T10:02:09","modified_gmt":"2025-06-18T10:02:09","slug":"exclu-les-transports-en-commun-de-rouen-bientot-gratuits-pour-les-moins-de-18-ans-on-vous-explique-tout","status":"publish","type":"post","link":"https:\/\/www.europesays.com\/fr\/185582\/","title":{"rendered":"EXCLU. Les transports en commun de Rouen bient\u00f4t gratuits pour les moins de 18 ans : on vous explique tout"},"content":{"rendered":"<p>            Par<br \/>\n        <strong><br \/>\n            <a href=\"https:\/\/actu.fr\/auteur\/thomas-rideau\" title=\"Consulter tous les articles de Thomas Rideau\" target=\"_blank\" rel=\"noopener\">Thomas Rideau<\/a><br \/>\n        <\/strong><\/p>\n<p>        Publi\u00e9 le<\/p>\n<p>            18 juin 2025 \u00e0 11h51        <\/p>\n<p>C\u2019est <strong>un gros coup politique<\/strong> que pr\u00e9parent depuis des semaines les \u00e9lus de la <a href=\"https:\/\/actu.fr\/tag\/metropole-rouen\" target=\"_blank\" rel=\"noopener\">M\u00e9tropole de Rouen (Seine-Maritime)<\/a>. Annonc\u00e9 quasi en catimini ce mercredi 18\u00a0juin 2025 sur le r\u00e9seau social X, Nicolas Mayer-Rossignol a confirm\u00e9 que<strong> la M\u00e9tropole allait offrir les trajets en transport en commun<\/strong> dans la M\u00e9tropole de Rouen pour les moins de 18 ans. Un bon de g\u00e9ant, dans le cadre de la gratuit\u00e9 des transports voulue \u00e0 long terme par la majorit\u00e9, qui sera vot\u00e9 lors du conseil m\u00e9tropolitain du 30 juin 2025. 76actu vous explique les contours de cette nouvelle gratuit\u00e9 qui s\u2019accompagne d\u2019un co\u00fbt certain et de quelques r\u00e8gles suppl\u00e9mentaires.<\/p>\n<p>Tous les contours de cette mesure<\/p>\n<p class=\" wall-content\">Cette gratuit\u00e9 des transports en commun sera donc destin\u00e9e \u00e0 tous les jeunes de moins de 18\u00a0ans <strong>\u00e0 partir de \u00ab\u2009la rentr\u00e9e scolaire\u2009\u00bb<\/strong>. Et le lieu d\u2019habitation n\u2019est pas une condition pour pouvoir en b\u00e9n\u00e9ficier. Cette gratuit\u00e9 sera valable jusqu\u2019\u00e0 la date anniversaire des 18\u00a0ans.<\/p>\n<p class=\" wall-content\">Cette mesure doit s\u2019accompagner forc\u00e9ment d\u2019un<strong> renforcement des mesures de contr\u00f4le<\/strong>. Il sera donc n\u00e9cessaire pour les jeunes de moins de 18\u00a0ans d\u2019\u00eatre munis d\u2019un titre de transport et \u00ab\u2009le principe de validation\u2009\u00bb sera conserv\u00e9 \u00e0 chaque mont\u00e9e dans le bus.<\/p>\n<p class=\" wall-content\">\n<p class=\" wall-content\">La carte astuce ne dispara\u00eet donc pas pour les jeunes passagers. Il faudra charger ce nouvel abonnement gratuit sur cette carte ou directement sur l\u2019application My Astuce.<\/p>\n<p class=\" wall-content\">Particularit\u00e9, pour les jeunes qui utilisent le r\u00e9seau astuce de mani\u00e8re plus occasionnelle, il faudra pr\u00e9senter<strong> un titre valable sept jours<\/strong> \u00e0 retirer en agence Astuce ou directement sur l\u2019application apr\u00e8s avoir justifi\u00e9 de son \u00e2ge.<\/p>\n<p>Une perte de recettes de plus de 4\u00a0millions d\u2019euros<\/p>\n<p class=\" wall-content\">Pour<strong> les usagers de moins de 18\u00a0ans<\/strong> d\u00e9j\u00e0 abonn\u00e9s, les \u00ab\u2009pr\u00e9l\u00e8vements automatiques seront suspendus \u00e0 compter de fin ao\u00fbt\u2009\u00bb. Des remboursements au prorata seront pr\u00e9vus pour les autres.<\/p>\n<p class=\" wall-content\">Dans un document m\u00e9tropolitain, nous apprenons que la perte de recettes li\u00e9e \u00e0 cette mesure est estim\u00e9e \u00e0 <strong>4,3\u00a0millions d\u2019euros<\/strong>. Et les passagers de moins de 18\u00a0ans repr\u00e9sentent 22\u2009% du total des d\u00e9placements sur <a href=\"https:\/\/actu.fr\/normandie\/rouen_76540\/ils-tombent-en-lambeaux-nos-revelations-sur-l-etat-preoccupant-des-bus-a-rouen_62438751.html\" target=\"_blank\" rel=\"noopener\">le r\u00e9seau Astuce<\/a>.<\/p>\n<p>Pour les familles de d\u00e9tenus<\/p>\n<p class=\" wall-content\">Cette <strong>nouvelle (grande) \u00e9tape<\/strong> n\u2019est pas une finalit\u00e9 et d\u2019autres mesures concernant la gratuit\u00e9 des transports sont attendues. \u00c0 noter d\u2019ailleurs que la M\u00e9tropole va offrir 300 titres de voyages \u00e0 l\u2019association l\u2019Abri des familles, qui accompagnent les familles de d\u00e9tenus.<\/p>\n<p class=\" wall-content\">Enfin, rappelons tout de m\u00eame que l\u2019ensemble des mesures cit\u00e9es plus haut vont \u00eatre <strong>soumises au vote du conseil m\u00e9tropolitain<\/strong> du 30\u00a0juin.<\/p>\n<p>Suivez l\u2019actualit\u00e9 de Rouen <a href=\"https:\/\/www.whatsapp.com\/channel\/0029VaKfnf99hXF2ddApFB1D\" target=\"_blank\" rel=\"noopener\">sur notre cha\u00eene WhatsApp<\/a> et <a href=\"https:\/\/www.tiktok.com\/@76actu.fr?lang=fr\" target=\"_blank\" rel=\"noopener\">sur notre compte TikTok<\/a><\/p>\n<p class=\" wall-content\">Suivez toute l\u2019actualit\u00e9 de vos villes et m\u00e9dias favoris en vous inscrivant \u00e0 <a href=\"https:\/\/moncompte.actu.fr\" title=\"D\u00e9couvez Mon Actu\" rel=\"nofollow noopener\" data-trk=\"{&quot;cta&quot;:{&quot;action&quot;:&quot;https:\\\/\\\/moncompte.actu.fr&quot;,&quot;category&quot;:&quot;mon compte&quot;,&quot;from&quot;:&quot;article footer&quot;,&quot;name&quot;:&quot;Mon actu&quot;,&quot;type&quot;:&quot;cta&quot;}}\" target=\"_blank\">Mon Actu<\/a>.<\/p>\n<ul class=\"ac-article-tag wall-content\">\n<li><a href=\"https:\/\/actu.fr\/tag\/metropole-rouen\" data-trk=\"{&quot;cta&quot;:{&quot;action&quot;:&quot;M\\u00e9tropole Rouen&quot;,&quot;category&quot;:&quot;tag&quot;,&quot;from&quot;:&quot;article footer&quot;,&quot;name&quot;:&quot;M\\u00e9tropole Rouen&quot;,&quot;type&quot;:&quot;cta&quot;}}\" target=\"_blank\" rel=\"noopener\">#M\u00e9tropole Rouen<\/a><\/li>\n<li><a href=\"https:\/\/actu.fr\/tag\/reseau-astuce-tcar\" data-trk=\"{&quot;cta&quot;:{&quot;action&quot;:&quot;R\\u00e9seau Astuce-TCAR&quot;,&quot;category&quot;:&quot;tag&quot;,&quot;from&quot;:&quot;article footer&quot;,&quot;name&quot;:&quot;R\\u00e9seau Astuce-TCAR&quot;,&quot;type&quot;:&quot;cta&quot;}}\" target=\"_blank\" rel=\"noopener\">#R\u00e9seau Astuce-TCAR<\/a><\/li>\n<\/ul>\n<p>                    <script async src=\"\/\/www.tiktok.com\/embed.js\"><\/script><\/p>\n","protected":false},"excerpt":{"rendered":"Par Thomas Rideau Publi\u00e9 le 18 juin 2025 \u00e0 11h51 C\u2019est un gros coup politique que pr\u00e9parent depuis&hellip;\n","protected":false},"author":2,"featured_media":185583,"comment_status":"","ping_status":"","sticky":false,"template":"","format":"standard","meta":{"footnotes":""},"categories":[9587],"tags":[1111,11,33,1777,674,1011,27,9725,12,5161,25,9726,9590],"class_list":{"0":"post-185582","1":"post","2":"type-post","3":"status-publish","4":"format-standard","5":"has-post-thumbnail","7":"category-rouen","8":"tag-actu","9":"tag-actualites","10":"tag-economie","11":"tag-eu","12":"tag-europe","13":"tag-fr","14":"tag-france","15":"tag-metropole-rouen","16":"tag-news","17":"tag-normandie","18":"tag-republique-francaise","19":"tag-reseau-astuce-tcar","20":"tag-rouen"},"share_on_mastodon":{"url":"https:\/\/pubeurope.com\/@fr\/114703797162839337","error":""},"_links":{"self":[{"href":"https:\/\/www.europesays.com\/fr\/wp-json\/wp\/v2\/posts\/185582","targetHints":{"allow":["GET"]}}],"collection":[{"href":"https:\/\/www.europesays.com\/fr\/wp-json\/wp\/v2\/posts"}],"about":[{"href":"https:\/\/www.europesays.com\/fr\/wp-json\/wp\/v2\/types\/post"}],"author":[{"embeddable":true,"href":"https:\/\/www.europesays.com\/fr\/wp-json\/wp\/v2\/users\/2"}],"replies":[{"embeddable":true,"href":"https:\/\/www.europesays.com\/fr\/wp-json\/wp\/v2\/comments?post=185582"}],"version-history":[{"count":0,"href":"https:\/\/www.europesays.com\/fr\/wp-json\/wp\/v2\/posts\/185582\/revisions"}],"wp:featuredmedia":[{"embeddable":true,"href":"https:\/\/www.europesays.com\/fr\/wp-json\/wp\/v2\/media\/185583"}],"wp:attachment":[{"href":"https:\/\/www.europesays.com\/fr\/wp-json\/wp\/v2\/media?parent=185582"}],"wp:term":[{"taxonomy":"category","embeddable":true,"href":"https:\/\/www.europesays.com\/fr\/wp-json\/wp\/v2\/categories?post=185582"},{"taxonomy":"post_tag","embeddable":true,"href":"https:\/\/www.europesays.com\/fr\/wp-json\/wp\/v2\/tags?post=185582"}],"curies":[{"name":"wp","href":"https:\/\/api.w.org\/{rel}","templated":true}]}}