{"id":185586,"date":"2025-06-18T10:04:14","date_gmt":"2025-06-18T10:04:14","guid":{"rendered":"https:\/\/www.europesays.com\/fr\/185586\/"},"modified":"2025-06-18T10:04:14","modified_gmt":"2025-06-18T10:04:14","slug":"des-barrages-mis-en-place-de-grenoble-au-nord-isere","status":"publish","type":"post","link":"https:\/\/www.europesays.com\/fr\/185586\/","title":{"rendered":"des barrages mis en place de Grenoble au Nord-Is\u00e8re"},"content":{"rendered":"<p>Un homme de 28 ans est actuellement recherch\u00e9 par d&rsquo;importants effectifs de gendarmerie apr\u00e8s s&rsquo;\u00eatre \u00e9vad\u00e9 du centre p\u00e9nitentiaire de Grenoble Varces, ce mercredi vers 9 heures, apprend Le Dauphin\u00e9 Lib\u00e9r\u00e9.<\/p>\n<p>Ce contenu est bloqu\u00e9 car vous n&rsquo;avez pas accept\u00e9 les cookies et autres traceurs.<\/p>\n<p>En cliquant sur \u00ab J\u2019accepte \u00bb, les cookies et autres traceurs seront d\u00e9pos\u00e9s et vous pourrez visualiser les contenus  (<a href=\"\" class=\"consentModule_policy\" target=\"_blank\" title=\"Consulter la politique de protection des donn\u00e9es du fournisseur\">plus d&rsquo;informations<\/a>).<\/p>\n<p>En cliquant sur \u00ab J\u2019accepte tous les cookies \u00bb, vous autorisez des d\u00e9p\u00f4ts de cookies et autres traceurs pour le stockage de vos donn\u00e9es sur nos sites et applications \u00e0 des fins de personnalisation et de ciblage publicitaire.<\/p>\n<p class=\"consentModule_secondaryText\">Vous gardez la possibilit\u00e9 de retirer votre consentement \u00e0 tout moment en consultant notre <a href=\"https:\/\/www.ledauphine.com\/protection-des-donnees\" target=\"_blank\" title=\"Consulter notre politique de protection des donn\u00e9es\" rel=\"noopener\">politique de protection des donn\u00e9es<\/a>. <br \/>&#13;<br \/>\n            <a href=\"https:\/\/www.ledauphine.com\/faits-divers-justice\/2025\/06\/18\/javascript:Didomi.notice.show()\" class=\"consentModule_cmp\" target=\"_blank\" rel=\"noopener\">G\u00e9rer mes choix<\/a>&#13;\n        <\/p>\n<p>&#13;<br \/>\n                        J&rsquo;accepte&#13;<br \/>\n            J&rsquo;accepte tous les cookies&#13;\n        <\/p>\n<p>Selon nos informations, le d\u00e9tenu devait participer \u00e0 une sortie organis\u00e9e par l&rsquo;administration p\u00e9nitentiaire lorsqu&rsquo;il a pris la fuite, une fois sorti de l&rsquo;enceinte de la prison. Il aurait \u00e9t\u00e9 pris en charge par deux autres hommes \u00e0 bord d&rsquo;une voiture qui attendait \u00e0 proximit\u00e9 du centre p\u00e9nitentiaire.<\/p>\n<p><strong>Des barrages mis en place de Grenoble au Nord-Is\u00e8re<\/strong><\/p>\n<p>L&rsquo;alerte a \u00e9t\u00e9 imm\u00e9diatement donn\u00e9e et des barrages ont \u00e9t\u00e9 mis en place sur les axes de l&rsquo;agglom\u00e9ration grenobloise et jusque dans le nord Is\u00e8re.<\/p>\n<p>Plusieurs \u00e9quipages de gendarmerie ont \u00e9galement pris position devant la prison, a constat\u00e9 Le Dauphin\u00e9 Lib\u00e9r\u00e9 sur place. Une enqu\u00eate a \u00e9t\u00e9 ouverte par la brigade de gendarmerie du Pont-de-Claix.<\/p>\n","protected":false},"excerpt":{"rendered":"Un homme de 28 ans est actuellement recherch\u00e9 par d&rsquo;importants effectifs de gendarmerie apr\u00e8s s&rsquo;\u00eatre \u00e9vad\u00e9 du centre&hellip;\n","protected":false},"author":2,"featured_media":185587,"comment_status":"","ping_status":"","sticky":false,"template":"","format":"standard","meta":{"footnotes":""},"categories":[9566],"tags":[1111,11,2430,271,272,115,112,113,116,111,114,1777,674,274,107,1011,27,2731,2732,108,12,25,13056],"class_list":{"0":"post-185586","1":"post","2":"type-post","3":"status-publish","4":"format-standard","5":"has-post-thumbnail","7":"category-grenoble","8":"tag-actu","9":"tag-actualites","10":"tag-auvergne-rhone-alpes","11":"tag-crime","12":"tag-delit-et-contravention","13":"tag-edition-bourgoin-jallieu-nord-dauphine","14":"tag-edition-grenoble-agglomeration","15":"tag-edition-gresivaudan-oisans","16":"tag-edition-la-tour-du-pin-nord-dauphine","17":"tag-edition-vienne-roussillon","18":"tag-edition-voiron-saint-marcellin","19":"tag-eu","20":"tag-europe","21":"tag-faits-divers-justice","22":"tag-fil-info","23":"tag-fr","24":"tag-france","25":"tag-grenoble","26":"tag-grenoble-bassin","27":"tag-isere","28":"tag-news","29":"tag-republique-francaise","30":"tag-varces-allieres-et-risset"},"share_on_mastodon":{"url":"https:\/\/pubeurope.com\/@fr\/114703805282807178","error":""},"_links":{"self":[{"href":"https:\/\/www.europesays.com\/fr\/wp-json\/wp\/v2\/posts\/185586","targetHints":{"allow":["GET"]}}],"collection":[{"href":"https:\/\/www.europesays.com\/fr\/wp-json\/wp\/v2\/posts"}],"about":[{"href":"https:\/\/www.europesays.com\/fr\/wp-json\/wp\/v2\/types\/post"}],"author":[{"embeddable":true,"href":"https:\/\/www.europesays.com\/fr\/wp-json\/wp\/v2\/users\/2"}],"replies":[{"embeddable":true,"href":"https:\/\/www.europesays.com\/fr\/wp-json\/wp\/v2\/comments?post=185586"}],"version-history":[{"count":0,"href":"https:\/\/www.europesays.com\/fr\/wp-json\/wp\/v2\/posts\/185586\/revisions"}],"wp:featuredmedia":[{"embeddable":true,"href":"https:\/\/www.europesays.com\/fr\/wp-json\/wp\/v2\/media\/185587"}],"wp:attachment":[{"href":"https:\/\/www.europesays.com\/fr\/wp-json\/wp\/v2\/media?parent=185586"}],"wp:term":[{"taxonomy":"category","embeddable":true,"href":"https:\/\/www.europesays.com\/fr\/wp-json\/wp\/v2\/categories?post=185586"},{"taxonomy":"post_tag","embeddable":true,"href":"https:\/\/www.europesays.com\/fr\/wp-json\/wp\/v2\/tags?post=185586"}],"curies":[{"name":"wp","href":"https:\/\/api.w.org\/{rel}","templated":true}]}}