{"id":185588,"date":"2025-06-18T10:05:12","date_gmt":"2025-06-18T10:05:12","guid":{"rendered":"https:\/\/www.europesays.com\/fr\/185588\/"},"modified":"2025-06-18T10:05:12","modified_gmt":"2025-06-18T10:05:12","slug":"isere-un-detenu-de-28-ans-sevade-de-la-prison-de-grenoble-varces-des-barrages-mis-en-place","status":"publish","type":"post","link":"https:\/\/www.europesays.com\/fr\/185588\/","title":{"rendered":"Is\u00e8re\u00a0: un d\u00e9tenu de 28\u00a0ans s\u2019\u00e9vade de la prison de Grenoble Varces, des barrages mis en place"},"content":{"rendered":"<p class=\"paragraph text_align_left lp-f-body-02\">Les forces de l\u2019ordre sont en \u00e9tat d\u2019alerte. Un d\u00e9tenu s\u2019est \u00e9vad\u00e9 du centre p\u00e9nitentiaire de Grenoble Varces, ce mercredi vers 9 heures, selon les <a href=\"https:\/\/www.ledauphine.com\/faits-divers-justice\/2025\/06\/18\/un-detenu-s-evade-de-la-prison-de-varces-grenoble\" target=\"_blank\" rel=\"noreferrer nofollow noopener\">informations du Dauphin\u00e9 Lib\u00e9r\u00e9<\/a>, confirm\u00e9es aupr\u00e8s du Parisien par la direction de l\u2019administration p\u00e9nitentiaire. L\u2019homme de 28 ans est activement recherch\u00e9 par d\u2019importants effectifs de gendarmerie.<\/p>\n<p class=\"paragraph text_align_left lp-f-body-02\">Le journal local pr\u00e9cise que le d\u00e9tenu devait participer \u00e0 une sortie organis\u00e9e par l\u2019administration p\u00e9nitentiaire lorsqu\u2019il a pris la fuite, une fois \u00e0 l\u2019ext\u00e9rieur de l\u2019enceinte de la prison. Il aurait \u00e9t\u00e9 r\u00e9cup\u00e9r\u00e9 par deux autres hommes qui l\u2019attendaient \u00e0 bord d\u2019une voiture pr\u00e8s du centre p\u00e9nitentiaire.<\/p>\n<p class=\"paragraph text_align_left lp-f-body-02\">Des barrages ont \u00e9t\u00e9 mis en place sur les axes de l\u2019agglom\u00e9ration grenobloise et jusque dans le nord Is\u00e8re.<\/p>\n<p class=\"paragraph text_align_left lp-f-body-02\">Une enqu\u00eate a \u00e9t\u00e9 ouverte par la brigade de gendarmerie du Pont-de-Claix.<\/p>\n<p class=\"lp-card-podcast-highlighting__title  lp-f-subtitle-05\">La tuerie du Sofitel d\u2019Avignon (2\/2)<\/p>\n<p class=\"lp-card-podcast-highlighting__description lp-f-ui-05\">Crime story raconte chaque semaine les grandes affaires criminelles.<\/p>\n<p><a class=\"lp-card-podcast-highlighting__call-to-action\" data-page-type=\"HP\" data-block-name=\"podcast-highlight\">\u00c9couter<\/a><\/p>\n","protected":false},"excerpt":{"rendered":"Les forces de l\u2019ordre sont en \u00e9tat d\u2019alerte. Un d\u00e9tenu s\u2019est \u00e9vad\u00e9 du centre p\u00e9nitentiaire de Grenoble Varces,&hellip;\n","protected":false},"author":2,"featured_media":185589,"comment_status":"","ping_status":"","sticky":false,"template":"","format":"standard","meta":{"footnotes":""},"categories":[9566],"tags":[1111,11,2430,459,1777,674,118,1011,27,2731,12,25],"class_list":{"0":"post-185588","1":"post","2":"type-post","3":"status-publish","4":"format-standard","5":"has-post-thumbnail","7":"category-grenoble","8":"tag-actu","9":"tag-actualites","10":"tag-auvergne-rhone-alpes","11":"tag-departements-horsidfo","12":"tag-eu","13":"tag-europe","14":"tag-faits-divers","15":"tag-fr","16":"tag-france","17":"tag-grenoble","18":"tag-news","19":"tag-republique-francaise"},"share_on_mastodon":{"url":"https:\/\/pubeurope.com\/@fr\/114703808806295125","error":""},"_links":{"self":[{"href":"https:\/\/www.europesays.com\/fr\/wp-json\/wp\/v2\/posts\/185588","targetHints":{"allow":["GET"]}}],"collection":[{"href":"https:\/\/www.europesays.com\/fr\/wp-json\/wp\/v2\/posts"}],"about":[{"href":"https:\/\/www.europesays.com\/fr\/wp-json\/wp\/v2\/types\/post"}],"author":[{"embeddable":true,"href":"https:\/\/www.europesays.com\/fr\/wp-json\/wp\/v2\/users\/2"}],"replies":[{"embeddable":true,"href":"https:\/\/www.europesays.com\/fr\/wp-json\/wp\/v2\/comments?post=185588"}],"version-history":[{"count":0,"href":"https:\/\/www.europesays.com\/fr\/wp-json\/wp\/v2\/posts\/185588\/revisions"}],"wp:featuredmedia":[{"embeddable":true,"href":"https:\/\/www.europesays.com\/fr\/wp-json\/wp\/v2\/media\/185589"}],"wp:attachment":[{"href":"https:\/\/www.europesays.com\/fr\/wp-json\/wp\/v2\/media?parent=185588"}],"wp:term":[{"taxonomy":"category","embeddable":true,"href":"https:\/\/www.europesays.com\/fr\/wp-json\/wp\/v2\/categories?post=185588"},{"taxonomy":"post_tag","embeddable":true,"href":"https:\/\/www.europesays.com\/fr\/wp-json\/wp\/v2\/tags?post=185588"}],"curies":[{"name":"wp","href":"https:\/\/api.w.org\/{rel}","templated":true}]}}