{"id":185592,"date":"2025-06-18T10:07:46","date_gmt":"2025-06-18T10:07:46","guid":{"rendered":"https:\/\/www.europesays.com\/fr\/185592\/"},"modified":"2025-06-18T10:07:46","modified_gmt":"2025-06-18T10:07:46","slug":"lfi-ecologistes-tout-le-monde-veut-prendre-la-place-des-socialistes-2","status":"publish","type":"post","link":"https:\/\/www.europesays.com\/fr\/185592\/","title":{"rendered":"LFI, \u00e9cologistes\u2026 Tout le monde veut prendre la place des socialistes"},"content":{"rendered":"<p><strong>Moi aussi, j\u2019y vais &#8211; A moins d\u2019un an du scrutin municipal \u00e0 Rennes, les insoumis et les \u00e9colos assurent qu\u2019ils vont discuter. Monteront-ils une liste commune face \u00e0 la maire PS sortante Nathalie App\u00e9r\u00e9, ce n\u2019est pas impossible. A moins qu\u2019ils y aillent s\u00e9par\u00e9ment<\/strong><\/p>\n<p>La gauche peut-elle s\u2019emparer d\u2019un bastion de la gauche\u00a0? A <a href=\"https:\/\/www.20minutes.fr\/rennes\/?at_medium=RSS%20feed&amp;at_campaign=ynews&amp;utm_source=yahoo&amp;utm_medium=rss&amp;utm_campaign=news_feed&amp;utm_content=in_article_link\" rel=\"nofollow noopener\" target=\"_blank\" data-ylk=\"slk:Rennes;elm:context_link;itc:0;sec:content-canvas\" class=\"link \">Rennes<\/a>, la question peut se poser. Car \u00e0 moins d\u2019un an des <a href=\"https:\/\/www.20minutes.fr\/municipales\/?at_medium=RSS%20feed&amp;at_campaign=ynews&amp;utm_source=yahoo&amp;utm_medium=rss&amp;utm_campaign=news_feed&amp;utm_content=in_article_link\" rel=\"nofollow noopener\" target=\"_blank\" data-ylk=\"slk:\u00e9lections municipales;elm:context_link;itc:0;sec:content-canvas\" class=\"link \">\u00e9lections municipales<\/a>, l\u2019app\u00e9tit est grand pour mettre la main sur ce fauteuil occup\u00e9 par le Parti socialiste depuis la victoire d\u2019Edmond Herv\u00e9 en\u00a01977. La France payait alors en francs, voyait Marie Myriam gagner l\u2019Eurovision et Jacques Chirac \u00eatre \u00e9lu maire de Paris. Pr\u00e8s d\u2019un demi-si\u00e8cle plus tard, le PS est toujours aux commandes.<\/p>\n<p>Alors certes, Nathalie App\u00e9r\u00e9 n\u2019a <a href=\"https:\/\/www.20minutes.fr\/politique\/4084300-20240401-rennes-encore-envie-nathalie-appere-route-troisieme-mandat-maire?at_medium=RSS%20feed&amp;at_campaign=ynews&amp;utm_source=yahoo&amp;utm_medium=rss&amp;utm_campaign=news_feed&amp;utm_content=in_article_link\" rel=\"nofollow noopener\" target=\"_blank\" data-ylk=\"slk:pas encore officiellement annonc\u00e9 sa candidature;elm:context_link;itc:0;sec:content-canvas\" class=\"link \">pas encore officiellement annonc\u00e9 sa candidature<\/a>. Mais le suspense est mince et tout laisse \u00e0 penser que la maire briguera un troisi\u00e8me mandat \u00e0 la t\u00eate de la capitale bretonne. La question qui se pose, c\u2019est avec qui elle se lancera. Ou m\u00eame contre qui. Apr\u00e8s deux colocations plut\u00f4t sereines avec Les Ecologistes, la logique <a href=\"https:\/\/www.20minutes.fr\/politique\/matthieu-theurier\/4143420-20250317-municipales-2026-rennes-osera-defier-maire-nathalie-appere-forteresse-gauche?at_medium=RSS%20feed&amp;at_campaign=ynews&amp;utm_source=yahoo&amp;utm_medium=rss&amp;utm_campaign=news_feed&amp;utm_content=in_article_link\" rel=\"nofollow noopener\" target=\"_blank\" data-ylk=\"slk:aurait laiss\u00e9 penser \u00e0 une mise en m\u00e9nage d\u00e8s le premier tour;elm:context_link;itc:0;sec:content-canvas\" class=\"link \">aurait laiss\u00e9 penser \u00e0 une mise en m\u00e9nage d\u00e8s le premier tour<\/a>. Mais rien n\u2019est jou\u00e9.<\/p>\n<p><img decoding=\"async\" class=\"caas-img caas-lazy has-preview\" alt=\"[object Object]\" src=\"https:\/\/www.europesays.com\/fr\/wp-content\/uploads\/2025\/06\/6ae42d964c152c0e8f237d8d7eb90c54.jpeg\"\/><\/p>\n<p>[object Object]<\/p>\n<p>Au moment de faire leur bilan, les verts rennais vantent leurs r\u00e9alisations. \u00ab\u00a0Nous avions n\u00e9goci\u00e9 plus de 150 propositions <a href=\"https:\/\/www.20minutes.fr\/municipales\/2789527-20200530-municipales-2020-rennes-nathalie-appere-ultra-favorite-etre-reelue-apres-alliance-verts?at_medium=RSS%20feed&amp;at_campaign=ynews&amp;utm_source=yahoo&amp;utm_medium=rss&amp;utm_campaign=news_feed&amp;utm_content=in_article_link\" rel=\"nofollow noopener\" target=\"_blank\" data-ylk=\"slk:entre les deux tours en\u00a02020;elm:context_link;itc:0;sec:content-canvas\" class=\"link \">entre les deux tours en\u00a02020<\/a>. Aujourd\u2019hui, 94\u00a0% de nos engagements sont tenus ou lanc\u00e9s. Nous avons su tenir nos d\u00e9l\u00e9gations avec s\u00e9rieux et efficacit\u00e9\u00a0\u00bb, assume Laurent Hamon. Le copr\u00e9sident des 21 \u00e9lus \u00e9cologistes de la ville de <a href=\"https:\/\/www.20minutes.fr\/rennes\/?at_medium=RSS%20feed&amp;at_campaign=ynews&amp;utm_source=yahoo&amp;utm_medium=rss&amp;utm_campaign=news_feed&amp;utm_content=in_article_link\" rel=\"nofollow noopener\" target=\"_blank\" data-ylk=\"slk:Rennes;elm:context_link;itc:0;sec:content-canvas\" class=\"link \">Rennes <\/a>va m\u00eame plus loin\u00a0: \u00ab\u00a0On est pr\u00eats. On peut avoir un maire \u00e9cologiste \u00e0 Rennes. On est capables d\u2019assumer ces comp\u00e9tences.\u00a0\u00bb<\/p>\n<p>Des r\u00e9sultats en constante progression<\/p>\n<p>Voil\u00e0 qui semble enterrer la perspective d\u2019un accord avec la maire, no(&#8230;)<\/p>\n<p><a href=\"https:\/\/www.20minutes.fr\/politique\/matthieu-theurier\/4158933-20250618-municipales-2026-rennes-lfi-ecologistes-tout-monde-veut-prendre-place-socialistes?at_medium=RSS%20feed&amp;at_campaign=ynews&amp;utm_source=yahoo&amp;utm_medium=rss&amp;utm_campaign=news_feed&amp;utm_content=read_more_link&quot;\" rel=\"nofollow noopener\" target=\"_blank\" data-ylk=\"slk:Lire la suite sur 20minutes;elm:context_link;itc:0;sec:content-canvas\" class=\"link \">Lire la suite sur 20minutes<\/a><\/p>\n<p>\u00c0 lire aussi :<br \/><a href=\"https:\/\/www.20minutes.fr\/societe\/4153298-20250515-rennes-peut-toujours-faire-mieux-saluee-proprete-ville-si-clean?at_medium=RSS%20feed&amp;at_campaign=ynews&amp;utm_source=yahoo&amp;utm_medium=rss&amp;utm_campaign=news_feed&amp;utm_content=related_content_link\" rel=\"nofollow noopener\" target=\"_blank\" data-ylk=\"slk:Rennes\u00a0: \u00ab\u00a0On peut toujours faire mieux\u00a0\u00bb\u2026 Salu\u00e9e pour sa propret\u00e9, la ville est-elle si clean\u00a0?;elm:context_link;itc:0;sec:content-canvas\" class=\"link \">Rennes\u00a0: \u00ab\u00a0On peut toujours faire mieux\u00a0\u00bb\u2026 Salu\u00e9e pour sa propret\u00e9, la ville est-elle si clean\u00a0?<\/a><br \/><a href=\"https:\/\/www.20minutes.fr\/politique\/matthieu-theurier\/4143420-20250317-municipales-2026-rennes-osera-defier-maire-nathalie-appere-forteresse-gauche?at_medium=RSS%20feed&amp;at_campaign=ynews&amp;utm_source=yahoo&amp;utm_medium=rss&amp;utm_campaign=news_feed&amp;utm_content=related_content_link\" rel=\"nofollow noopener\" target=\"_blank\" data-ylk=\"slk:Municipales\u00a02026 \u00e0 Rennes\u00a0: Qui osera d\u00e9fier la maire Nathalie App\u00e9r\u00e9 dans cette forteresse de la gauche\u00a0?;elm:context_link;itc:0;sec:content-canvas\" class=\"link \">Municipales\u00a02026 \u00e0 Rennes\u00a0: Qui osera d\u00e9fier la maire Nathalie App\u00e9r\u00e9 dans cette forteresse de la gauche\u00a0?<\/a><\/p>\n","protected":false},"excerpt":{"rendered":"Moi aussi, j\u2019y vais &#8211; A moins d\u2019un an du scrutin municipal \u00e0 Rennes, les insoumis et les&hellip;\n","protected":false},"author":2,"featured_media":185593,"comment_status":"","ping_status":"","sticky":false,"template":"","format":"standard","meta":{"footnotes":""},"categories":[2821],"tags":[1111,11,829,1777,674,1011,27,3095,32368,10736,12,584,25],"class_list":{"0":"post-185592","1":"post","2":"type-post","3":"status-publish","4":"format-standard","5":"has-post-thumbnail","7":"category-rennes","8":"tag-actu","9":"tag-actualites","10":"tag-bretagne","11":"tag-eu","12":"tag-europe","13":"tag-fr","14":"tag-france","15":"tag-jacques-chirac","16":"tag-marie-myriam","17":"tag-nathalie-appere","18":"tag-news","19":"tag-rennes","20":"tag-republique-francaise"},"share_on_mastodon":{"url":"https:\/\/pubeurope.com\/@fr\/114703820660916287","error":""},"_links":{"self":[{"href":"https:\/\/www.europesays.com\/fr\/wp-json\/wp\/v2\/posts\/185592","targetHints":{"allow":["GET"]}}],"collection":[{"href":"https:\/\/www.europesays.com\/fr\/wp-json\/wp\/v2\/posts"}],"about":[{"href":"https:\/\/www.europesays.com\/fr\/wp-json\/wp\/v2\/types\/post"}],"author":[{"embeddable":true,"href":"https:\/\/www.europesays.com\/fr\/wp-json\/wp\/v2\/users\/2"}],"replies":[{"embeddable":true,"href":"https:\/\/www.europesays.com\/fr\/wp-json\/wp\/v2\/comments?post=185592"}],"version-history":[{"count":0,"href":"https:\/\/www.europesays.com\/fr\/wp-json\/wp\/v2\/posts\/185592\/revisions"}],"wp:featuredmedia":[{"embeddable":true,"href":"https:\/\/www.europesays.com\/fr\/wp-json\/wp\/v2\/media\/185593"}],"wp:attachment":[{"href":"https:\/\/www.europesays.com\/fr\/wp-json\/wp\/v2\/media?parent=185592"}],"wp:term":[{"taxonomy":"category","embeddable":true,"href":"https:\/\/www.europesays.com\/fr\/wp-json\/wp\/v2\/categories?post=185592"},{"taxonomy":"post_tag","embeddable":true,"href":"https:\/\/www.europesays.com\/fr\/wp-json\/wp\/v2\/tags?post=185592"}],"curies":[{"name":"wp","href":"https:\/\/api.w.org\/{rel}","templated":true}]}}