{"id":185594,"date":"2025-06-18T10:08:08","date_gmt":"2025-06-18T10:08:08","guid":{"rendered":"https:\/\/www.europesays.com\/fr\/185594\/"},"modified":"2025-06-18T10:08:08","modified_gmt":"2025-06-18T10:08:08","slug":"voici-pourquoi-les-trams-sarretent-de-nouveau-sur-le-pont-de-paris","status":"publish","type":"post","link":"https:\/\/www.europesays.com\/fr\/185594\/","title":{"rendered":"voici pourquoi les trams s&rsquo;arr\u00eatent de nouveau sur le pont de Paris"},"content":{"rendered":"<p>            Par<br \/>\n        <strong><br \/>\n            <a href=\"https:\/\/actu.fr\/auteur\/ivan-capecchi\" title=\"Consulter tous les articles de Ivan CAPECCHI\" target=\"_blank\" rel=\"noopener\">Ivan CAPECCHI<\/a><br \/>\n        <\/strong><\/p>\n<p>        Publi\u00e9 le<\/p>\n<p>            18 juin 2025 \u00e0 11h38        <\/p>\n<p>Peut-\u00eatre que certains l\u2019ont remarqu\u00e9 d\u00e9j\u00e0 mais, depuis peu, les trams \u00e0 Strasbourg s\u2019arr\u00eatent de nouveau au niveau du pont de Paris, <a href=\"https:\/\/actu.fr\/grand-est\/strasbourg_67482\/strasbourg-pourquoi-les-trams-restent-bloques-au-niveau-du-pont-de-paris-en-ce-moment_62162568.html\" target=\"_blank\" rel=\"noopener\">comme ils le faisaient<\/a> apr\u00e8s <a href=\"https:\/\/actu.fr\/grand-est\/strasbourg_67482\/accident-entre-deux-trams-a-strasbourg-on-connait-le-bilan-definitif-des-victimes_62106752.html\" target=\"_blank\" rel=\"noopener\">l\u2019accident entre deux rames<\/a> qui s\u2019\u00e9tait produit dans le tunnel sous la gare, le 11\u00a0janvier dernier.<\/p>\n<p class=\" wall-content\">Mais cette fois-ci, la raison est tout autre. On vous explique.<\/p>\n<p>La cons\u00e9quence de la premi\u00e8re phase des travaux d\u2019\u00e9t\u00e9, indique la CTS<\/p>\n<p class=\" wall-content\">Jointe par nos soins, la <a href=\"https:\/\/actu.fr\/tag\/compagnie-des-transports-strasbourgeois-cts\" target=\"_blank\" rel=\"noopener\">CTS<\/a> explique que ces arr\u00eats sont la \u00ab\u2009cons\u00e9quence de la <a href=\"https:\/\/actu.fr\/grand-est\/strasbourg_67482\/strasbourg-le-trafic-cts-tres-perturbe-a-partir-de-ce-lundi-plusieurs-arrets-du-centre-ville-non-desservis_62775371.html\" target=\"_blank\" rel=\"noopener\">premi\u00e8re phase des travaux d\u2019\u00e9t\u00e9<\/a> impactant <strong>les lignes A et D<\/strong> jusqu\u2019au 25\u00a0juillet inclus\u2009\u00bb. \u00ab\u2009La coupure entre la station <a href=\"https:\/\/actu.fr\/grand-est\/strasbourg_67482\/strasbourg-pourquoi-un-homme-de-fer-a-t-il-donne-son-nom-a-la-celebre-station-de-tram_59899111.html\" target=\"_blank\" rel=\"noopener\">Homme de Fer<\/a> et les <strong>stations Poteries et Parc des Sports<\/strong> imposent \u00e0 nos conducteurs d\u2019effectuer sur ces lignes un <strong>rebroussement au niveau de la rue du Noyer\/pont de Paris<\/strong>\u2009\u00bb, d\u00e9taille la compagnie, avant de d\u00e9velopper\u2009:<\/p>\n<blockquote class=\"ac-article-quote wall-content\">\n<p>Un rebroussement de tramway est une man\u0153uvre qui consiste pour un tram \u00e0 changer de direction en repartant dans le sens oppos\u00e9 \u00e0 celui dans lequel il est arriv\u00e9, sans faire de boucle compl\u00e8te. Cela \u00e9quivaut \u00e0 un demi-tour, mais adapt\u00e9 aux contraintes des rails. Le tram arrive au point de rebroussement, le conducteur quitte la cabine de conduite \u00e0 l\u2019avant du tram et se rend dans la cabine situ\u00e9e \u00e0 l\u2019autre extr\u00e9mit\u00e9 du v\u00e9hicule. Le tram repart dans l\u2019autre sens, sur la m\u00eame voie ou sur une voie parall\u00e8le.<\/p>\n<p>    <strong>CTS<\/strong>\n            <\/p><\/blockquote>\n<p>Deuxi\u00e8me phase de travaux CTS \u00e0 partir du 28\u00a0juillet<\/p>\n<p class=\" wall-content\">\u00ab\u2009Ce type de man\u0153uvre est particuli\u00e8rement adapt\u00e9e au centre-ville <strong>puisqu\u2019il ne n\u00e9cessite pas de boucle de retournement<\/strong>\u2009\u00bb, continue la CTS.<\/p>\n<p>Vid\u00e9os : en ce moment sur Actu<\/p>\n<p class=\" wall-content\">\u00ab<strong>\u2009Ces man\u0153uvres cesseront avec la reprise d\u2019exploitation des lignes A et D<\/strong> entre les stations Homme de Fer et Poteries\/Parc des Sports\u2009\u00bb, pr\u00e9cise-t-elle enfin. <strong>Le 26\u00a0juillet donc<\/strong>.<\/p>\n<p class=\" wall-content\">Pour rappel, ensuite, du 28\u00a0juillet au 22\u00a0ao\u00fbt, ce sont <a href=\"https:\/\/actu.fr\/grand-est\/strasbourg_67482\/strasbourg-les-lignes-de-tram-c-et-d-perturbees-cet-ete-a-cause-de-travaux-voici-le-detail_62721565.html\" target=\"_blank\" rel=\"noopener\">les lignes C et D<\/a> qui seront coup\u00e9es entre Landsberg et Neuhof \/ Kehl.<\/p>\n<p class=\" wall-content\">Suivez toute l\u2019actualit\u00e9 de vos villes et m\u00e9dias favoris en vous inscrivant \u00e0 <a href=\"https:\/\/moncompte.actu.fr\" title=\"D\u00e9couvez Mon Actu\" rel=\"nofollow noopener\" data-trk=\"{&quot;cta&quot;:{&quot;action&quot;:&quot;https:\\\/\\\/moncompte.actu.fr&quot;,&quot;category&quot;:&quot;mon compte&quot;,&quot;from&quot;:&quot;article footer&quot;,&quot;name&quot;:&quot;Mon actu&quot;,&quot;type&quot;:&quot;cta&quot;}}\" target=\"_blank\">Mon Actu<\/a>.<\/p>\n<ul class=\"ac-article-tag wall-content\">\n<li><a href=\"https:\/\/actu.fr\/tag\/compagnie-des-transports-strasbourgeois-cts\" data-trk=\"{&quot;cta&quot;:{&quot;action&quot;:&quot;Compagnie des transports strasbourgeois (CTS)&quot;,&quot;category&quot;:&quot;tag&quot;,&quot;from&quot;:&quot;article footer&quot;,&quot;name&quot;:&quot;Compagnie des transports strasbourgeois (CTS)&quot;,&quot;type&quot;:&quot;cta&quot;}}\" target=\"_blank\" rel=\"noopener\">#Compagnie des transports strasbourgeois (CTS)<\/a><\/li>\n<li><a href=\"https:\/\/actu.fr\/tag\/travaux\" data-trk=\"{&quot;cta&quot;:{&quot;action&quot;:&quot;Travaux&quot;,&quot;category&quot;:&quot;tag&quot;,&quot;from&quot;:&quot;article footer&quot;,&quot;name&quot;:&quot;Travaux&quot;,&quot;type&quot;:&quot;cta&quot;}}\" target=\"_blank\" rel=\"noopener\">#Travaux<\/a><\/li>\n<\/ul>\n","protected":false},"excerpt":{"rendered":"Par Ivan CAPECCHI Publi\u00e9 le 18 juin 2025 \u00e0 11h38 Peut-\u00eatre que certains l\u2019ont remarqu\u00e9 d\u00e9j\u00e0 mais, depuis&hellip;\n","protected":false},"author":2,"featured_media":185595,"comment_status":"","ping_status":"","sticky":false,"template":"","format":"standard","meta":{"footnotes":""},"categories":[2820],"tags":[1111,11,7344,1777,674,1011,27,775,12,25,104,640,2086],"class_list":{"0":"post-185594","1":"post","2":"type-post","3":"status-publish","4":"format-standard","5":"has-post-thumbnail","7":"category-strasbourg","8":"tag-actu","9":"tag-actualites","10":"tag-compagnie-des-transports-strasbourgeois-cts","11":"tag-eu","12":"tag-europe","13":"tag-fr","14":"tag-france","15":"tag-grand-est","16":"tag-news","17":"tag-republique-francaise","18":"tag-societe","19":"tag-strasbourg","20":"tag-travaux"},"share_on_mastodon":{"url":"https:\/\/pubeurope.com\/@fr\/114703820752933515","error":""},"_links":{"self":[{"href":"https:\/\/www.europesays.com\/fr\/wp-json\/wp\/v2\/posts\/185594","targetHints":{"allow":["GET"]}}],"collection":[{"href":"https:\/\/www.europesays.com\/fr\/wp-json\/wp\/v2\/posts"}],"about":[{"href":"https:\/\/www.europesays.com\/fr\/wp-json\/wp\/v2\/types\/post"}],"author":[{"embeddable":true,"href":"https:\/\/www.europesays.com\/fr\/wp-json\/wp\/v2\/users\/2"}],"replies":[{"embeddable":true,"href":"https:\/\/www.europesays.com\/fr\/wp-json\/wp\/v2\/comments?post=185594"}],"version-history":[{"count":0,"href":"https:\/\/www.europesays.com\/fr\/wp-json\/wp\/v2\/posts\/185594\/revisions"}],"wp:featuredmedia":[{"embeddable":true,"href":"https:\/\/www.europesays.com\/fr\/wp-json\/wp\/v2\/media\/185595"}],"wp:attachment":[{"href":"https:\/\/www.europesays.com\/fr\/wp-json\/wp\/v2\/media?parent=185594"}],"wp:term":[{"taxonomy":"category","embeddable":true,"href":"https:\/\/www.europesays.com\/fr\/wp-json\/wp\/v2\/categories?post=185594"},{"taxonomy":"post_tag","embeddable":true,"href":"https:\/\/www.europesays.com\/fr\/wp-json\/wp\/v2\/tags?post=185594"}],"curies":[{"name":"wp","href":"https:\/\/api.w.org\/{rel}","templated":true}]}}