{"id":185596,"date":"2025-06-18T10:09:09","date_gmt":"2025-06-18T10:09:09","guid":{"rendered":"https:\/\/www.europesays.com\/fr\/185596\/"},"modified":"2025-06-18T10:09:09","modified_gmt":"2025-06-18T10:09:09","slug":"le-prospect-adama-bal-choisit-la-sig-strasbourg","status":"publish","type":"post","link":"https:\/\/www.europesays.com\/fr\/185596\/","title":{"rendered":"Le prospect Adama Bal choisit la SIG Strasbourg"},"content":{"rendered":"<p class=\"chapo\"><strong>La SIG Strasbourg poursuit son recrutement en officialisant ce jour la signature pour une saison de l\u2019arri\u00e8re Adama Bal (21ans, 1m99) en provenance de l\u2019universit\u00e9 de Santa Clara.<\/strong><\/p>\n<p>La signature d\u2019Adama Bal \u00e0 la SIG Strasbourg c\u2019est avant tout le retour en France d\u2019un jeune prospect parti s\u2019aguerrir en NCAA. Pass\u00e9 par Le Mans puis le centre f\u00e9d\u00e9ral de 2019 \u00e0 2021, il est arriv\u00e9 \u00e0 l\u2019Universit\u00e9 d\u2019Arizona \u00e0 l\u2019aube de la saison 2021\/22 o\u00f9 il est rest\u00e9 deux saisons avant de poursuivre son parcours avec l\u2019Universit\u00e9 de Santa Clara.<br \/>\nAlors que ses deux premi\u00e8res saisons en NCAA ont \u00e9t\u00e9 marqu\u00e9es par un temps de jeu limit\u00e9 (6,5 minutes de moyenne pour 2 points par match). C\u2019est le passage \u00e0 Santa Clara qui a \u00e9t\u00e9 la vraie bascule dans sa jeune carri\u00e8re. En Californie, Adama Bal s\u2019est pleinement r\u00e9v\u00e9l\u00e9. Il s\u2019est impos\u00e9 comme un scoreur dynamique, capable de p\u00e9n\u00e9trer au c\u0153ur des d\u00e9fenses adverses gr\u00e2ce \u00e0 son explosivit\u00e9 et sa capacit\u00e9 \u00e0 cr\u00e9er son tir avec un pourcentage fiable \u00e0 3pts (37,5%). Ses statistiques parlent pour lui : 13,7 points, 2,9 rebonds et 3,1 passes d\u00e9cisives de moyenne sur deux saisons.<br \/>\nJoueur tr\u00e8s rapide et athl\u00e9tique, Adama sait g\u00e9rer les pressings tout-terrain et ne recule pas devant les responsabilit\u00e9s dans les moments cl\u00e9s. Au-del\u00e0 de ses ind\u00e9niables qualit\u00e9s offensives, c\u2019est surtout d\u00e9fensivement que le jeune Fran\u00e7ais a su montrer une \u00e9volution croissante. Jouant de plus en plus dur au fil du temps et se montrant de plus en plus fiable pour gagner en r\u00e9gularit\u00e9 des deux c\u00f4t\u00e9s du terrain, il a su \u00e9toffer sa palette en d\u00e9montrant sa grande capacit\u00e9 de travail.<br \/>\nParall\u00e8lement \u00e0 sa carri\u00e8re universitaire, il a \u00e9t\u00e9 r\u00e9guli\u00e8rement appel\u00e9 en \u00c9quipe de France, aussi bien en U16 (2019\u20132020) qu\u2019en U20 (2022\u20132024). Il a notamment d\u00e9croch\u00e9 le titre de champion d\u2019Europe U20 en 2023.<br \/>\nEntrant parfaitement dans le plan de jeu et la structure d\u2019\u00e9quipe que veut mettre en place le club, Adama Bal a fait le choix de Strasbourg pour signer son premier contrat professionnel et parfaire son d\u00e9veloppement. Une signature qui \u00e9tait l\u2019une des cibles prioritaires du staff et que commente le coach <strong>Janis Gailitis<\/strong>\u00a0: \u00ab\u00a0Adama est un joueur tr\u00e8s int\u00e9ressant, venant d\u2019une tr\u00e8s bonne Universit\u00e9 avec un tr\u00e8s bon programme pour leurs \u00e9tudiants. C\u2019est un retour en France pour lui apr\u00e8s avoir d\u00e9montr\u00e9 beaucoup de qualit\u00e9 lors de son cursus. C\u2019est un joueur avec beaucoup de qualit\u00e9s et nul doute qu\u2019il va nous aider sur de nombreux points. Il sera \u00e0 coup s\u00fbr un joueur important de notre effectif\u00a0\u00bb.<br \/>\n<strong>Nicola Alberani<\/strong> commente \u00e9galement cette signature\u00a0: \u00ab Adama est un joueur polyvalent capable de jouer sur les trois postes ext\u00e9rieurs. Nous le consid\u00e9rons comme un faux rookie car il a d\u00e9j\u00e0 une certaine exp\u00e9rience de la France et de la sc\u00e8ne internationale avec les \u00e9quipes de France U16 et U20. C\u2019est un jeune joueur qui a d\u00e9j\u00e0 un corps pr\u00eat pour le haut niveau. Sa capacit\u00e9 d\u2019adaptation et sa polyvalence seront de pr\u00e9cieux atouts pour notre \u00e9quipe. Nous avons \u00e9t\u00e9 impressionn\u00e9s par la rapidit\u00e9 avec laquelle il a donn\u00e9 suite \u00e0 notre prise de contact et a d\u00e9cid\u00e9 de nous rejoindre. C\u2019est un indicateur fort concernant sa motivation\u00a0\u00bb.<\/p>\n<p>\u00a0<\/p>\n<p>\u00a0<\/p>\n","protected":false},"excerpt":{"rendered":"La SIG Strasbourg poursuit son recrutement en officialisant ce jour la signature pour une saison de l\u2019arri\u00e8re Adama&hellip;\n","protected":false},"author":2,"featured_media":185597,"comment_status":"","ping_status":"","sticky":false,"template":"","format":"standard","meta":{"footnotes":""},"categories":[2820],"tags":[1111,11,3146,1777,674,1011,27,775,3145,12,25,3144,640],"class_list":{"0":"post-185596","1":"post","2":"type-post","3":"status-publish","4":"format-standard","5":"has-post-thumbnail","7":"category-strasbourg","8":"tag-actu","9":"tag-actualites","10":"tag-betclic-elite","11":"tag-eu","12":"tag-europe","13":"tag-fr","14":"tag-france","15":"tag-grand-est","16":"tag-lnb","17":"tag-news","18":"tag-republique-francaise","19":"tag-sig","20":"tag-strasbourg"},"share_on_mastodon":{"url":"https:\/\/pubeurope.com\/@fr\/114703824567921136","error":""},"_links":{"self":[{"href":"https:\/\/www.europesays.com\/fr\/wp-json\/wp\/v2\/posts\/185596","targetHints":{"allow":["GET"]}}],"collection":[{"href":"https:\/\/www.europesays.com\/fr\/wp-json\/wp\/v2\/posts"}],"about":[{"href":"https:\/\/www.europesays.com\/fr\/wp-json\/wp\/v2\/types\/post"}],"author":[{"embeddable":true,"href":"https:\/\/www.europesays.com\/fr\/wp-json\/wp\/v2\/users\/2"}],"replies":[{"embeddable":true,"href":"https:\/\/www.europesays.com\/fr\/wp-json\/wp\/v2\/comments?post=185596"}],"version-history":[{"count":0,"href":"https:\/\/www.europesays.com\/fr\/wp-json\/wp\/v2\/posts\/185596\/revisions"}],"wp:featuredmedia":[{"embeddable":true,"href":"https:\/\/www.europesays.com\/fr\/wp-json\/wp\/v2\/media\/185597"}],"wp:attachment":[{"href":"https:\/\/www.europesays.com\/fr\/wp-json\/wp\/v2\/media?parent=185596"}],"wp:term":[{"taxonomy":"category","embeddable":true,"href":"https:\/\/www.europesays.com\/fr\/wp-json\/wp\/v2\/categories?post=185596"},{"taxonomy":"post_tag","embeddable":true,"href":"https:\/\/www.europesays.com\/fr\/wp-json\/wp\/v2\/tags?post=185596"}],"curies":[{"name":"wp","href":"https:\/\/api.w.org\/{rel}","templated":true}]}}