{"id":185598,"date":"2025-06-18T10:10:10","date_gmt":"2025-06-18T10:10:10","guid":{"rendered":"https:\/\/www.europesays.com\/fr\/185598\/"},"modified":"2025-06-18T10:10:10","modified_gmt":"2025-06-18T10:10:10","slug":"prudence-sur-lautoroute-a8-un-bouchon-de-25-km-paralyse-la-circulation-entre-mandelieu-et-nice","status":"publish","type":"post","link":"https:\/\/www.europesays.com\/fr\/185598\/","title":{"rendered":"Prudence sur l&rsquo;autoroute A8, un bouchon de 25 km paralyse la circulation entre Mandelieu et Nice"},"content":{"rendered":"<p>Patience et prucende sont de rigueur ce mercredi matin. Alors que la circulation sur l&rsquo;A8 conna\u00eet des matins difficiles depuis quelques jours, ce mercredi c&rsquo;est un bouchon de 25 km qui s&rsquo;est form\u00e9 entre\u00a0<strong>la sortie 41 (Mandelieu) et la sortie 51 (Nice-A\u00e9roport).<\/strong><\/p>\n<p>En raison d&rsquo;un accident, la circulation est particuli\u00e8rement dense y compris depuis le p\u00e9age o\u00f9 les v\u00e9hicules sont au ralenti et quasiment \u00e0 l&rsquo;arr\u00eat total.\u00a0<\/p>\n<p>Le temps de parcours est<strong> rallong\u00e9 d&rsquo;au moins 30 minutes<\/strong> sur cette portion de l&rsquo;autoroute. Il faudra donc redoubler de patience au volant&#8230;\u00a0<\/p>\n","protected":false},"excerpt":{"rendered":"Patience et prucende sont de rigueur ce mercredi matin. Alors que la circulation sur l&rsquo;A8 conna\u00eet des matins&hellip;\n","protected":false},"author":2,"featured_media":185599,"comment_status":"","ping_status":"","sticky":false,"template":"","format":"standard","meta":{"footnotes":""},"categories":[2819],"tags":[1111,11,1777,674,1011,27,803,12,2401,882,25],"class_list":{"0":"post-185598","1":"post","2":"type-post","3":"status-publish","4":"format-standard","5":"has-post-thumbnail","7":"category-nice","8":"tag-actu","9":"tag-actualites","10":"tag-eu","11":"tag-europe","12":"tag-fr","13":"tag-france","14":"tag-info-trafic","15":"tag-news","16":"tag-nice","17":"tag-provence-alpes-cote-dazur","18":"tag-republique-francaise"},"share_on_mastodon":{"url":"https:\/\/pubeurope.com\/@fr\/114703828637157553","error":""},"_links":{"self":[{"href":"https:\/\/www.europesays.com\/fr\/wp-json\/wp\/v2\/posts\/185598","targetHints":{"allow":["GET"]}}],"collection":[{"href":"https:\/\/www.europesays.com\/fr\/wp-json\/wp\/v2\/posts"}],"about":[{"href":"https:\/\/www.europesays.com\/fr\/wp-json\/wp\/v2\/types\/post"}],"author":[{"embeddable":true,"href":"https:\/\/www.europesays.com\/fr\/wp-json\/wp\/v2\/users\/2"}],"replies":[{"embeddable":true,"href":"https:\/\/www.europesays.com\/fr\/wp-json\/wp\/v2\/comments?post=185598"}],"version-history":[{"count":0,"href":"https:\/\/www.europesays.com\/fr\/wp-json\/wp\/v2\/posts\/185598\/revisions"}],"wp:featuredmedia":[{"embeddable":true,"href":"https:\/\/www.europesays.com\/fr\/wp-json\/wp\/v2\/media\/185599"}],"wp:attachment":[{"href":"https:\/\/www.europesays.com\/fr\/wp-json\/wp\/v2\/media?parent=185598"}],"wp:term":[{"taxonomy":"category","embeddable":true,"href":"https:\/\/www.europesays.com\/fr\/wp-json\/wp\/v2\/categories?post=185598"},{"taxonomy":"post_tag","embeddable":true,"href":"https:\/\/www.europesays.com\/fr\/wp-json\/wp\/v2\/tags?post=185598"}],"curies":[{"name":"wp","href":"https:\/\/api.w.org\/{rel}","templated":true}]}}