{"id":185600,"date":"2025-06-18T10:11:10","date_gmt":"2025-06-18T10:11:10","guid":{"rendered":"https:\/\/www.europesays.com\/fr\/185600\/"},"modified":"2025-06-18T10:11:10","modified_gmt":"2025-06-18T10:11:10","slug":"ultra-trail-a-70-ans-cette-star-de-la-tele-va-courir-les-160-km-de-lutmb-de-nice-et-reve-deja-du-mont-blanc","status":"publish","type":"post","link":"https:\/\/www.europesays.com\/fr\/185600\/","title":{"rendered":"Ultra-trail. \u00c0 70 ans, cette star de la t\u00e9l\u00e9 va courir les 160 km de l\u2019UTMB de Nice et r\u00eave d\u00e9j\u00e0 du Mont-Blanc"},"content":{"rendered":"<p>Apr\u00e8s l\u2019UTMB de Courmayeur, le triathlon de Nice et d\u2019Avignon, l\u2019ancien pr\u00e9sentateur mythique du Top 50, Marc Toesca se lance un nouveau d\u00e9fi. Celui de courir les 160 km de l\u2019UTMB de Nice pour ses 70 ans en ao\u00fbt prochain.<\/p>\n<p>Une course en montagne qui cache un objectif premier\u00a0: participer aux 170 km de l\u2019<a href=\"https:\/\/www.ledauphine.com\/environnement\/2025\/06\/11\/l-utmb-veut-reduire-de-20-ses-emissions-carbone-d-ici-2030\" target=\"_blank\" rel=\"noopener\">UTMB du Mont-Blanc<\/a> \u00e0 Chamonix en ao\u00fbt 2026. Un choix qu\u2019il explique dans une interview donn\u00e9e au quotidien sportif L\u2019\u00c9quipe\u00a0: \u00ab\u00a0Pour cela, il me faut des running stones, donc courir une \u00e9preuve qualificative du circuit UTMB. J&rsquo;ai choisi le 100 miles de Nice car le Mercantour c&rsquo;est chez moi, ce sont mes montagnes. Et elles ont toujours \u00e9t\u00e9 un d\u00e9fi pour moi.\u00a0\u00bb<\/p>\n<p>Pourtant, il y a quelques ann\u00e9es, pour ce passionn\u00e9 de marathon puis de trail, courir en montagne \u00e9tait loin de l\u2019int\u00e9resser. Aujourd\u2019hui, il confie \u00e0 L\u2019\u00c9quipe \u00eatre tomb\u00e9 amoureux de la montagne mais de nuit. \u00ab\u00a0On va tr\u00e8s haut et \u00e7a donne l&rsquo;impression de toucher les \u00e9toiles. Quand j&rsquo;ai fait la CCC en ao\u00fbt 2024 (course UTMB de Courmayeur \u00e0 Chamonix de 101 km), je me suis retrouv\u00e9 seul une bonne partie de la nuit. \u00c7a a \u00e9t\u00e9 un moment magique.\u00a0\u00bb<\/p>\n<p><strong>Un marathonien passionn\u00e9 de trails <\/strong><\/p>\n<p>Un Ultra-Trail o\u00f9 <a href=\"https:\/\/www.ledauphine.com\/culture-loisirs\/2025\/04\/08\/marc-toesca-j-ai-garde-beaucoup-d-amis-du-top-50-mais-je-ne-vis-pas-top-50\" target=\"_blank\" rel=\"noopener\">l\u2019ancien pr\u00e9sentateur de \u00ab\u00a0Salut les p\u2019tits clous\u00a0\u00bb<\/a> n\u2019est pas pass\u00e9 inaper\u00e7u. \u00ab\u00a0Lors de la CCC en 2024, entre Champex-Lac et la Fl\u00e9g\u00e8re, j&rsquo;ai fait une dizaine de selfies avec les b\u00e9n\u00e9voles et des gens au bord des sentiers\u00a0\u00bb, raconte-t-il.<\/p>\n<p>\u00c0 quelques mois de f\u00eater ses 70 ans, Marc Toesca n\u2019en n\u2019est pas \u00e0 son premier coup d\u2019essai. Au d\u00e9but des ann\u00e9es 80, pour son premier marathon, il a couru les 42,195 km, du marathon de New York en un temps in\u00e9dit\u00a0: 2h42 \u00a0!<\/p>\n<p>Puis, pris de passion pour les triathlons, il a notamment particip\u00e9 \u00e0 ceux de Nice (1983, 1984, 1986) et d&rsquo;Avignon (1985, 1986). Avignon o\u00f9 il a comment\u00e9 les Championnats du monde en 1989. Des courses qui lui ont permis de se classer parmi les 20 meilleurs fran\u00e7ais de l\u2019\u00e9poque.<\/p>\n<p class=\"note\">Lire l&rsquo;int\u00e9gralit\u00e9 de l&rsquo;interview sur <a href=\"https:\/\/www.lequipe.fr\/Ultra-trail\/Actualites\/-l-age-je-n-y-crois-pas-trop-c-est-juste-un-chiffre-subjugue-par-l-ultra-trail-l-ancien-presentateur-du-top-50-marc-toesca-va-courir-un-160-km-pour-ses-70-ans\/1570889\" target=\"_blank\" rel=\"noopener\">L&rsquo;\u00c9quipe<\/a><\/p>\n","protected":false},"excerpt":{"rendered":"Apr\u00e8s l\u2019UTMB de Courmayeur, le triathlon de Nice et d\u2019Avignon, l\u2019ancien pr\u00e9sentateur mythique du Top 50, Marc Toesca&hellip;\n","protected":false},"author":2,"featured_media":185601,"comment_status":"","ping_status":"","sticky":false,"template":"","format":"standard","meta":{"footnotes":""},"categories":[2819],"tags":[1111,11,22849,1687,9543,1777,674,107,1701,1011,27,329,4638,12,2401,882,25,7135,273,28019,517,1947,6187,32369],"class_list":{"0":"post-185600","1":"post","2":"type-post","3":"status-publish","4":"format-standard","5":"has-post-thumbnail","7":"category-nice","8":"tag-actu","9":"tag-actualites","10":"tag-chamonix-mont-blanc","11":"tag-culture-loisirs","12":"tag-edition-mont-blanc-arve","13":"tag-eu","14":"tag-europe","15":"tag-fil-info","16":"tag-fil-info-sport","17":"tag-fr","18":"tag-france","19":"tag-france-monde","20":"tag-haute-savoie","21":"tag-news","22":"tag-nice","23":"tag-provence-alpes-cote-dazur","24":"tag-republique-francaise","25":"tag-running","26":"tag-selection-de-la-redaction","27":"tag-selection-de-la-redaction-74","28":"tag-sport","29":"tag-sport-national","30":"tag-trail","31":"tag-utmb"},"share_on_mastodon":{"url":"https:\/\/pubeurope.com\/@fr\/114703832422350880","error":""},"_links":{"self":[{"href":"https:\/\/www.europesays.com\/fr\/wp-json\/wp\/v2\/posts\/185600","targetHints":{"allow":["GET"]}}],"collection":[{"href":"https:\/\/www.europesays.com\/fr\/wp-json\/wp\/v2\/posts"}],"about":[{"href":"https:\/\/www.europesays.com\/fr\/wp-json\/wp\/v2\/types\/post"}],"author":[{"embeddable":true,"href":"https:\/\/www.europesays.com\/fr\/wp-json\/wp\/v2\/users\/2"}],"replies":[{"embeddable":true,"href":"https:\/\/www.europesays.com\/fr\/wp-json\/wp\/v2\/comments?post=185600"}],"version-history":[{"count":0,"href":"https:\/\/www.europesays.com\/fr\/wp-json\/wp\/v2\/posts\/185600\/revisions"}],"wp:featuredmedia":[{"embeddable":true,"href":"https:\/\/www.europesays.com\/fr\/wp-json\/wp\/v2\/media\/185601"}],"wp:attachment":[{"href":"https:\/\/www.europesays.com\/fr\/wp-json\/wp\/v2\/media?parent=185600"}],"wp:term":[{"taxonomy":"category","embeddable":true,"href":"https:\/\/www.europesays.com\/fr\/wp-json\/wp\/v2\/categories?post=185600"},{"taxonomy":"post_tag","embeddable":true,"href":"https:\/\/www.europesays.com\/fr\/wp-json\/wp\/v2\/tags?post=185600"}],"curies":[{"name":"wp","href":"https:\/\/api.w.org\/{rel}","templated":true}]}}