{"id":185608,"date":"2025-06-18T10:15:16","date_gmt":"2025-06-18T10:15:16","guid":{"rendered":"https:\/\/www.europesays.com\/fr\/185608\/"},"modified":"2025-06-18T10:15:16","modified_gmt":"2025-06-18T10:15:16","slug":"bordeaux-renforce-sa-police-municipale-avec-un-poste-mobile-on-vous-explique","status":"publish","type":"post","link":"https:\/\/www.europesays.com\/fr\/185608\/","title":{"rendered":"Bordeaux renforce sa police municipale avec un \u00ab\u00a0poste mobile\u00a0\u00bb : on vous explique"},"content":{"rendered":"<p>            Par<br \/>\n        <strong><br \/>\n            <a href=\"https:\/\/actu.fr\/auteur\/juliette-cardinale\" title=\"Consulter tous les articles de Juliette Cardinale\" target=\"_blank\" rel=\"noopener\">Juliette Cardinale<\/a><br \/>\n        <\/strong><\/p>\n<p>        Publi\u00e9 le<\/p>\n<p>            18 juin 2025 \u00e0 12h12        <\/p>\n<p>C\u2019est une nouveaut\u00e9 <a href=\"https:\/\/actu.fr\/bordeaux\/\" target=\"_blank\" rel=\"noopener\">\u00e0 Bordeaux :<\/a> la <strong>police municipale<\/strong> est d\u00e9sormais dot\u00e9e d\u2019un \u00ab\u00a0poste mobile\u00a0\u00bb. Le but ? Cr\u00e9er une relation de confiance avec les Bordelais, et surtout rendre plus visible la police.<\/p>\n<p class=\" wall-content\">Ce poste mobile est en fait un camion utilitaire am\u00e9nag\u00e9 pour la <strong>r\u00e9ception du public <\/strong>qui se balade de quartier en quartier. Il est sigl\u00e9 <a href=\"https:\/\/actu.fr\/tag\/police\" target=\"_blank\" rel=\"noopener\">police municipale<\/a> pour \u00eatre clairement identifiable par le public.<\/p>\n<p>Cr\u00e9er une relation de confiance<\/p>\n<p class=\" wall-content\">\u00ab\u00a0Il sillonnera la ville <strong>chaque jour de la semaine<\/strong> avec deux agents charg\u00e9s d\u2019accueillir, renseigner et \u00e9changer avec les habitants\u00a0\u00bb, d\u00e9crit la Ville de Bordeaux \u00e0 l\u2019occasion de l\u2019inauguration mardi 17 juin 2025.<\/p>\n<p class=\" wall-content\">Ce poste mobile sera \u00ab\u00a0r\u00e9guli\u00e8rement compl\u00e9t\u00e9 d\u2019une <strong>patrouille suppl\u00e9mentaire<\/strong> de deux \u00e0 trois agents d\u2019ilotage\u00a0\u00bb pr\u00e9cise la Ville. Ils iront au contact des commer\u00e7ants, s\u2019occuperont de la surveillance de proximit\u00e9, et pourront m\u00eame verbaliser.<\/p>\n<p class=\" wall-content\">Jusqu\u2019au 20 juillet, le poste mobile est pr\u00e9sent dans l\u2019ensemble des quartiers. Puis, du 21 juillet au 31 ao\u00fbt, <strong>quatre sites \u00e0 forte fr\u00e9quentation estivale<\/strong> et concentration de public seront privil\u00e9gi\u00e9s. Il s\u2019agit de la place Saint-Projet, la place de la Victoire, la place de la Com\u00e9die, et des quais de Garonne Maison \u00e9cocitoyenne.<\/p>\n<p>Vid\u00e9os : en ce moment sur Actu<\/p>\n<p class=\" wall-content\">Enfin,\u00a0le poste mobile sera red\u00e9ploy\u00e9 <strong>dans tous les quartiers<\/strong> \u00e0 partir du 1er septembre, \u00ab\u00a0avec actualisation r\u00e9guli\u00e8re des sites selon les besoins et probl\u00e9matiques recens\u00e9es\u00a0\u00bb, pr\u00e9cise la mairie.<\/p>\n<p>La police municipale renforc\u00e9e\u00a0<\/p>\n<p class=\" wall-content\">Alors que la <strong>s\u00e9curit\u00e9 est au c\u0153ur des pr\u00e9occupations des Bordelais<\/strong> (et de la campagne des prochaines \u00e9lections municipales), Bordeaux renforce sa police municipale.<\/p>\n<p class=\" wall-content\">La Mairie a annonc\u00e9 un <strong>plan de renforcement<\/strong>, avec notamment des recrutements pour atteindre 210 agents en 2026, l\u2019\u00e9largissement du syst\u00e8me de vid\u00e9osurveillance et <a href=\"https:\/\/actu.fr\/nouvelle-aquitaine\/bordeaux_33063\/armes-date-de-lancement-on-vous-dit-tout-sur-la-future-brigade-armee-de-la-police-municipale-a-bordeaux_62585212.html\" target=\"_blank\" rel=\"noopener\">la cr\u00e9ation d\u2019une brigade arm\u00e9e.\u00a0<\/a><\/p>\n<p class=\" wall-content\">Suivez toute l\u2019actualit\u00e9 de vos villes et m\u00e9dias favoris en vous inscrivant \u00e0 <a href=\"https:\/\/moncompte.actu.fr\" title=\"D\u00e9couvez Mon Actu\" rel=\"nofollow noopener\" data-trk=\"{&quot;cta&quot;:{&quot;action&quot;:&quot;https:\\\/\\\/moncompte.actu.fr&quot;,&quot;category&quot;:&quot;mon compte&quot;,&quot;from&quot;:&quot;article footer&quot;,&quot;name&quot;:&quot;Mon actu&quot;,&quot;type&quot;:&quot;cta&quot;}}\" target=\"_blank\">Mon Actu<\/a>.<\/p>\n","protected":false},"excerpt":{"rendered":"Par Juliette Cardinale Publi\u00e9 le 18 juin 2025 \u00e0 12h12 C\u2019est une nouveaut\u00e9 \u00e0 Bordeaux : la police&hellip;\n","protected":false},"author":2,"featured_media":185609,"comment_status":"","ping_status":"","sticky":false,"template":"","format":"standard","meta":{"footnotes":""},"categories":[2817],"tags":[1111,11,1997,1777,674,1011,27,2825,12,2219,1072,25,104],"class_list":{"0":"post-185608","1":"post","2":"type-post","3":"status-publish","4":"format-standard","5":"has-post-thumbnail","7":"category-bordeaux","8":"tag-actu","9":"tag-actualites","10":"tag-bordeaux","11":"tag-eu","12":"tag-europe","13":"tag-fr","14":"tag-france","15":"tag-insecurite","16":"tag-news","17":"tag-nouvelle-aquitaine","18":"tag-police","19":"tag-republique-francaise","20":"tag-societe"},"share_on_mastodon":{"url":"https:\/\/pubeurope.com\/@fr\/114703848272985446","error":""},"_links":{"self":[{"href":"https:\/\/www.europesays.com\/fr\/wp-json\/wp\/v2\/posts\/185608","targetHints":{"allow":["GET"]}}],"collection":[{"href":"https:\/\/www.europesays.com\/fr\/wp-json\/wp\/v2\/posts"}],"about":[{"href":"https:\/\/www.europesays.com\/fr\/wp-json\/wp\/v2\/types\/post"}],"author":[{"embeddable":true,"href":"https:\/\/www.europesays.com\/fr\/wp-json\/wp\/v2\/users\/2"}],"replies":[{"embeddable":true,"href":"https:\/\/www.europesays.com\/fr\/wp-json\/wp\/v2\/comments?post=185608"}],"version-history":[{"count":0,"href":"https:\/\/www.europesays.com\/fr\/wp-json\/wp\/v2\/posts\/185608\/revisions"}],"wp:featuredmedia":[{"embeddable":true,"href":"https:\/\/www.europesays.com\/fr\/wp-json\/wp\/v2\/media\/185609"}],"wp:attachment":[{"href":"https:\/\/www.europesays.com\/fr\/wp-json\/wp\/v2\/media?parent=185608"}],"wp:term":[{"taxonomy":"category","embeddable":true,"href":"https:\/\/www.europesays.com\/fr\/wp-json\/wp\/v2\/categories?post=185608"},{"taxonomy":"post_tag","embeddable":true,"href":"https:\/\/www.europesays.com\/fr\/wp-json\/wp\/v2\/tags?post=185608"}],"curies":[{"name":"wp","href":"https:\/\/api.w.org\/{rel}","templated":true}]}}