{"id":185610,"date":"2025-06-18T10:16:10","date_gmt":"2025-06-18T10:16:10","guid":{"rendered":"https:\/\/www.europesays.com\/fr\/185610\/"},"modified":"2025-06-18T10:16:10","modified_gmt":"2025-06-18T10:16:10","slug":"direct-les-commandes-senchainent-pour-airbus-qui-poursuit-sa-moisson-au-troisieme-jour-du-salon-du-bourget","status":"publish","type":"post","link":"https:\/\/www.europesays.com\/fr\/185610\/","title":{"rendered":"Direct. Les commandes s&rsquo;encha\u00eenent pour Airbus, qui poursuit sa moisson au troisi\u00e8me jour du Salon du Bourget"},"content":{"rendered":"<p>            Par<br \/>\n        <strong><br \/>\n            <a href=\"https:\/\/actu.fr\/auteur\/guillaume-laurens\" title=\"Consulter tous les articles de Guillaume Laurens\" target=\"_blank\" rel=\"noopener\">Guillaume Laurens<\/a><br \/>\n        <\/strong><\/p>\n<p>        Publi\u00e9 le<\/p>\n<p>            18 juin 2025 \u00e0 12h02<br \/>\n        ; mis \u00e0 jour le 18 juin 2025 \u00e0 12h15    <\/p>\n<p>Apr\u00e8s par une ouverture tr\u00e8s prometteuse, marqu\u00e9e par <strong>232 commandes fermes d\u2019avions<\/strong> en deux jours, <strong><a href=\"https:\/\/actu.fr\/tag\/airbus\" target=\"_blank\" rel=\"noopener\">Airbus<\/a> <\/strong>poursuit sur sa lanc\u00e9e ce mercredi 18 juin 2025, au troisi\u00e8me jour de la 55\u1d49\u00a0\u00e9dition du <strong>Salon du Bourget<\/strong>, o\u00f9 tous les grands acteurs de l\u2019aviation de la plan\u00e8te viennent d\u00e9couvrir les nouveaut\u00e9s des constructeurs et start-up du monde entier. <br \/>Alors que de <strong>nouvelles commandes<\/strong> d\u2019avions et autres dr\u00f4les d\u2019engins viennent de tomber, d\u00e9couvrez ci-dessous en temps r\u00e9el les derni\u00e8res annonces autour du g\u00e9ant a\u00e9ronautique, dont le si\u00e8ge mondial est \u00e0 <a href=\"https:\/\/actu.fr\/toulouse\/\" target=\"_blank\" rel=\"noopener\"><strong>Toulouse<\/strong><\/a>.<\/p>\n<p>11h45. Egyptair s\u2019offre six A350-900 suppl\u00e9mentaires<\/p>\n<p class=\" wall-content\">Quelques minutes \u00e0 peine apr\u00e8s sa premi\u00e8re annonce du jour, Airbus a d\u00e9voil\u00e9 une commande ferme portant sur <strong>six A350-900 suppl\u00e9mentaires<\/strong>, par la compagnie Egyptair, \u00ab\u00a0dans le cadre de sa strat\u00e9gie d\u2019expansion visant \u00e0 r\u00e9pondre \u00e0 la demande croissante en mati\u00e8re de transport a\u00e9rien\u00a0\u00bb. Cet accord porte \u00e0 16 le nombre total d\u2019A350-900 command\u00e9s par la compagnie a\u00e9rienne nationale d\u2019\u00c9gypte, qui s\u2019\u00e9tait d\u00e9j\u00e0 engag\u00e9e sur dix a\u00e9ronefs : \u00ab\u00a0C\u2019est la deuxi\u00e8me fois qu\u2019EGYPTAIR passe commande de l\u2019A350, et cette d\u00e9cision t\u00e9moigne de la valeur de l\u2019appareil\u00a0\u00bb, estime d\u2019ailleurs <strong>Beno\u00eet de Saint-Exup\u00e9ry<\/strong>, vice-pr\u00e9sident d\u2019Airbus charg\u00e9 des ventes d\u2019avions commerciaux. Rappelons que <a href=\"https:\/\/actu.fr\/occitanie\/toulouse_31555\/video-toulouse-la-course-aux-livraisons-est-lancee-chez-airbus-plongee-dans-l-usine-a350-du-geant_55820832.html\" target=\"_blank\" rel=\"noopener\">l\u2019unique cha\u00eene d\u2019assemblage au monde des A350 se trouve \u00e0 Colomiers<\/a>, aux portes de la Ville rose.<\/p>\n<p>    <img   decoding=\"async\" loading=\"lazy\" src=\"https:\/\/www.europesays.com\/fr\/wp-content\/uploads\/2025\/06\/egyptair-airbus-a350-960x640.jpg\" alt=\"Bonne nouvelle pour l'emploi \u00e0 Toulouse : Egyptair vient d'annoncer l'achat de six A350-900 suppl\u00e9mentaires \u00e0 Airbus\" width=\"960\" height=\"640\"\/><br \/>\n    Bonne nouvelle pour l\u2019emploi \u00e0 Toulouse : Egyptair vient d\u2019annoncer l\u2019achat de six A350-900 suppl\u00e9mentaires \u00e0 Airbus (\u00a9Airbus)11h25. Commande record pour le Flexrotor, le dr\u00f4le de drone d\u2019Airbus<\/p>\n<p class=\" wall-content\">Outre la branche des avions, la division h\u00e9licopt\u00e8res d\u2019Airbus fait aussi des affaires au Salon du Bourget\u2026 La start-up a\u00e9rospatiale australienne <strong>Drone Forge<\/strong> et le g\u00e9ant a\u00e9ronautique europ\u00e9en ont en effet sign\u00e9 un accord portant sur l\u2019achat de six syst\u00e8mes a\u00e9riens sans pilote (UAS) Flexrotor, soit <strong>17 appareils<\/strong>. \u00ab\u00a0Il s\u2019agit de la plus importante commande de Flexrotor \u00e0 ce jour\u00a0\u00bb, pr\u00e9cise Airbus.<\/p>\n<p class=\" wall-content\">En Australie, ces drones auront pour mission la surveillance littorale et des missions terrestres \u00e0 haute altitude \u00e0 la surveillance des infrastructures et \u00e0 l\u2019\u00e9valuation de l\u2019environnement maritime.<\/p>\n<p>    <img   decoding=\"async\" loading=\"lazy\" src=\"https:\/\/www.europesays.com\/fr\/wp-content\/uploads\/2025\/06\/flexrotor-drone-airbus-960x640.jpg\" alt=\"Un an apr\u00e8s l'acquisition de la soci\u00e9t\u00e9 am\u00e9ricaine Aerovel, qui fabrique le Flexrotor, Airbus annonce une premi\u00e8re commande cons\u00e9quente au Salon du Bourget ce mercredi\" width=\"960\" height=\"640\"\/><br \/>\n    Un an apr\u00e8s l\u2019acquisition de la soci\u00e9t\u00e9 am\u00e9ricaine Aerovel, qui fabrique le Flexrotor, Airbus annonce une premi\u00e8re commande cons\u00e9quente au Salon du Bourget ce mercredi (\u00a9Airbus)11h15. MNG Airlines commande deux Airbus A350F Freighters<\/p>\n<p class=\" wall-content\">Airbus annonce que <strong>MNG Airlines,<\/strong> un prestataire logistique mondial et du commerce \u00e9lectronique bas\u00e9 en Turquie, est \u00ab\u00a0devenu le dernier transporteur \u00e0 s\u2019engager sur le tout nouvel A350F\u00a0\u00bb, suite \u00e0 la signature d\u2019un protocole d\u2019accord portant sur <strong>deux appareils <\/strong>pour le <strong>transport de fret<\/strong>.<\/p>\n<p class=\" wall-content\">\u00ab\u00a0L\u2019A350F deviendra un \u00e9l\u00e9ment central de la future flotte de MNG, apportant tous les avantages d\u2019un tout nouveau cargo aux op\u00e9rations de la compagnie\u00a0\u00bb, d\u00e9peint le g\u00e9ant a\u00e9ronautique, qui revendique avoir con\u00e7u \u00ab\u00a0l\u2019avion-cargo le plus avanc\u00e9 au monde\u00a0\u00bb. En cours de d\u00e9veloppement, il pourra transporter jusqu\u2019\u00e0 <strong>111 tonnes<\/strong> avec un rayon d\u2019action de <strong>8 700 km.<\/strong><\/p>\n<p>    <img   decoding=\"async\" loading=\"lazy\" src=\"https:\/\/www.europesays.com\/fr\/wp-content\/uploads\/2025\/06\/mng-a350f-rendering-airbus-960x640.jpg\" alt=\"MNG est le dernier transporteur \u00e0 s'offrir l'A350F, le dernier avion-cargo d'Airbus\" width=\"960\" height=\"640\"\/><br \/>\n    MNG est le dernier transporteur \u00e0 s\u2019offrir l\u2019A350F, le dernier avion-cargo d\u2019Airbus (\u00a9Airbus)11h00. 232 commandes fermes pour Airbus en deux jours<\/p>\n<p class=\" wall-content\">Lors des deux premiers jours du salon, ce n\u2019est pas moins de 232 commandes fermes qui ont \u00e9t\u00e9 engrang\u00e9es par Airbus. <a href=\"https:\/\/actu.fr\/occitanie\/toulouse_31555\/direct-airbus-engrange-de-nouvelles-commandes-pour-le-deuxieme-jour-du-salon-du-bourget_62783256.html\" target=\"_blank\" rel=\"noopener\">Mardi, \u00e0 la mi-journ\u00e9e, l\u2019avionneur a annonc\u00e9 une \u00e9norme commande<\/a> venue de la compagnie \u00e0 bas co\u00fbts <strong>VietJet Air<\/strong> (Vi\u00eatnam) qui a sign\u00e9 un protocole d\u2019accord portant sur l\u2019achat de 100 avions monocouloirs A321neo, avec 50 autres en option.<\/p>\n<p class=\" wall-content\">Rappelons que lundi, <a href=\"https:\/\/actu.fr\/occitanie\/toulouse_31555\/aeronautique-132-avions-commandes-le-premier-jour-le-decollage-tonitruant-d-airbus-au-salon-du-bourget_62778688.html\" target=\"_blank\" rel=\"noopener\">Airbus avait annonc\u00e9 132 commandes fermes, aupr\u00e8s de quatre compagnies<\/a>, en une journ\u00e9e ! D\u00e8s <a href=\"https:\/\/actu.fr\/occitanie\/toulouse_31555\/airbus-enregistre-une-premiere-grosse-commande-des-l-ouverture-du-salon-du-bourget_62777397.html\" target=\"_blank\" rel=\"noopener\">l\u2019ouverture du Salon, l\u2019avionneur avait rendu publique la commande <\/a>de <strong>44 avions<\/strong> par <strong>AviLease<\/strong>, soci\u00e9t\u00e9 de leasing d\u2019avions bas\u00e9e en <strong>Arabie Saoudite<\/strong>\u2009: (30 A320neo, et 10 avions cargos A350F), avec des options pour 37 autres appareils (25 A320neo et 12 A350F).<\/p>\n<p class=\" wall-content\">Un autre fleuron d\u2019<strong>Arabie Saoudite<\/strong> a aussi sign\u00e9 une commande ferme de<strong> 25 A350-1000,<\/strong> avec 25 autres avions en option\u2009: <strong>Riyadh Air<\/strong>, la nouvelle compagnie a\u00e9rienne internationale haut de gamme du Royaume.<\/p>\n<p class=\" wall-content\"><strong>Ana Holdings<\/strong>, un groupe japonais, a sign\u00e9 une commande ferme pour<strong>\u00a024 A321neo<\/strong>\u00a0et\u00a0<strong>trois A321XLR<\/strong> (pr\u00e9cis\u00e9ment\u2009: 14 A321neo pour All Nippon Airways, ainsi que 10 A321neo et trois A321XLR pour Peach Aviation, la compagnie \u00e0 bas co\u00fbts du groupe).<\/p>\n<p class=\" wall-content\">Enfin, un nouveau client a choisi de quitter Boeing pour Airbus. <strong>Lot Polish Airlines<\/strong> a pass\u00e9 une commande ferme pour <strong>20 A220-100<\/strong>\u00a0et\u00a0<strong>20 A220-300<\/strong>\u00a0(avec 44 appareils de la famille A220 en option).<\/p>\n<p class=\" wall-content\">Suivez toute l\u2019actualit\u00e9 de vos villes et m\u00e9dias favoris en vous inscrivant \u00e0 <a href=\"https:\/\/moncompte.actu.fr\" title=\"D\u00e9couvez Mon Actu\" rel=\"nofollow noopener\" data-trk=\"{&quot;cta&quot;:{&quot;action&quot;:&quot;https:\\\/\\\/moncompte.actu.fr&quot;,&quot;category&quot;:&quot;mon compte&quot;,&quot;from&quot;:&quot;article footer&quot;,&quot;name&quot;:&quot;Mon actu&quot;,&quot;type&quot;:&quot;cta&quot;}}\" target=\"_blank\">Mon Actu<\/a>.<\/p>\n","protected":false},"excerpt":{"rendered":"Par Guillaume Laurens Publi\u00e9 le 18 juin 2025 \u00e0 12h02 ; mis \u00e0 jour le 18 juin 2025&hellip;\n","protected":false},"author":2,"featured_media":185611,"comment_status":"","ping_status":"","sticky":false,"template":"","format":"standard","meta":{"footnotes":""},"categories":[2816],"tags":[1111,11,296,36,33,1777,674,1011,27,12,2680,25,2312],"class_list":{"0":"post-185610","1":"post","2":"type-post","3":"status-publish","4":"format-standard","5":"has-post-thumbnail","7":"category-toulouse","8":"tag-actu","9":"tag-actualites","10":"tag-aeronautique","11":"tag-airbus","12":"tag-economie","13":"tag-eu","14":"tag-europe","15":"tag-fr","16":"tag-france","17":"tag-news","18":"tag-occitanie","19":"tag-republique-francaise","20":"tag-toulouse"},"share_on_mastodon":{"url":"https:\/\/pubeurope.com\/@fr\/114703852238581643","error":""},"_links":{"self":[{"href":"https:\/\/www.europesays.com\/fr\/wp-json\/wp\/v2\/posts\/185610","targetHints":{"allow":["GET"]}}],"collection":[{"href":"https:\/\/www.europesays.com\/fr\/wp-json\/wp\/v2\/posts"}],"about":[{"href":"https:\/\/www.europesays.com\/fr\/wp-json\/wp\/v2\/types\/post"}],"author":[{"embeddable":true,"href":"https:\/\/www.europesays.com\/fr\/wp-json\/wp\/v2\/users\/2"}],"replies":[{"embeddable":true,"href":"https:\/\/www.europesays.com\/fr\/wp-json\/wp\/v2\/comments?post=185610"}],"version-history":[{"count":0,"href":"https:\/\/www.europesays.com\/fr\/wp-json\/wp\/v2\/posts\/185610\/revisions"}],"wp:featuredmedia":[{"embeddable":true,"href":"https:\/\/www.europesays.com\/fr\/wp-json\/wp\/v2\/media\/185611"}],"wp:attachment":[{"href":"https:\/\/www.europesays.com\/fr\/wp-json\/wp\/v2\/media?parent=185610"}],"wp:term":[{"taxonomy":"category","embeddable":true,"href":"https:\/\/www.europesays.com\/fr\/wp-json\/wp\/v2\/categories?post=185610"},{"taxonomy":"post_tag","embeddable":true,"href":"https:\/\/www.europesays.com\/fr\/wp-json\/wp\/v2\/tags?post=185610"}],"curies":[{"name":"wp","href":"https:\/\/api.w.org\/{rel}","templated":true}]}}