{"id":185614,"date":"2025-06-18T10:18:08","date_gmt":"2025-06-18T10:18:08","guid":{"rendered":"https:\/\/www.europesays.com\/fr\/185614\/"},"modified":"2025-06-18T10:18:08","modified_gmt":"2025-06-18T10:18:08","slug":"interruption-du-trafic-tgv-sur-la-ligne-lille-paris-apres-un-accident-de-personne","status":"publish","type":"post","link":"https:\/\/www.europesays.com\/fr\/185614\/","title":{"rendered":"Interruption du trafic TGV sur la ligne Lille-Paris apr\u00e8s un accident de personne"},"content":{"rendered":"<p>            Par<br \/>\n        <strong><br \/>\n            <a href=\"https:\/\/actu.fr\/auteur\/raphael-mahlmann\" title=\"Consulter tous les articles de Rapha\u00ebl Mahlmann\" target=\"_blank\" rel=\"noopener\">Rapha\u00ebl Mahlmann<\/a><br \/>\n        <\/strong><\/p>\n<p>        Publi\u00e9 le<\/p>\n<p>            18 juin 2025 \u00e0 12h13        <\/p>\n<p>Le trafic <a href=\"https:\/\/actu.fr\/hauts-de-france\/lille_59350\/lille-controle-sans-billet-il-devient-totalement-incontrolable-dans-le-tgv_62512696.html\" target=\"_blank\" rel=\"noopener\">TGV<\/a> sur la ligne <b>Lille-Paris <\/b>est actuellement interrompu. Un <b>accident de personne<\/b> est survenu<b> entre Fretin et Sainghin-en-Weppes <\/b>(Nord) mercredi 18\u00a0juin 2025, indique <a href=\"https:\/\/actu.fr\/tag\/sncf\" target=\"_blank\" rel=\"noopener\">SNCF<\/a>. Le train concern\u00e9 est pris en charge.<\/p>\n<p>Trafic bloqu\u00e9 pendant deux heures<\/p>\n<p class=\" wall-content\">Le conducteur doit \u00eatre remplac\u00e9. Les clients \u00e0 bord ont \u00e9galement \u00e9t\u00e9 pris en charge. La police judiciaire s\u2019est rendue sur place. Une enqu\u00eate est en cours. Le trafic pourra rependre apr\u00e8s la fin de la proc\u00e9dure, d\u2019une dur\u00e9e moyenne de deux heures pour ce type d\u2019\u00e9v\u00e9nement.<\/p>\n<p class=\" wall-content\">Plus d\u2019informations \u00e0 venir\u2026<\/p>\n<p class=\" wall-content\">Suivez toute l\u2019actualit\u00e9 de vos villes et m\u00e9dias favoris en vous inscrivant \u00e0 <a href=\"https:\/\/moncompte.actu.fr\" title=\"D\u00e9couvez Mon Actu\" rel=\"nofollow noopener\" data-trk=\"{&quot;cta&quot;:{&quot;action&quot;:&quot;https:\\\/\\\/moncompte.actu.fr&quot;,&quot;category&quot;:&quot;mon compte&quot;,&quot;from&quot;:&quot;article footer&quot;,&quot;name&quot;:&quot;Mon actu&quot;,&quot;type&quot;:&quot;cta&quot;}}\" target=\"_blank\">Mon Actu<\/a>.<\/p>\n","protected":false},"excerpt":{"rendered":"Par Rapha\u00ebl Mahlmann Publi\u00e9 le 18 juin 2025 \u00e0 12h13 Le trafic TGV sur la ligne Lille-Paris est&hellip;\n","protected":false},"author":2,"featured_media":185615,"comment_status":"","ping_status":"","sticky":false,"template":"","format":"standard","meta":{"footnotes":""},"categories":[2815],"tags":[119,1111,11,1777,674,1011,27,811,1307,12,25,2215,104],"class_list":{"0":"post-185614","1":"post","2":"type-post","3":"status-publish","4":"format-standard","5":"has-post-thumbnail","7":"category-lille","8":"tag-accident","9":"tag-actu","10":"tag-actualites","11":"tag-eu","12":"tag-europe","13":"tag-fr","14":"tag-france","15":"tag-hauts-de-france","16":"tag-lille","17":"tag-news","18":"tag-republique-francaise","19":"tag-sncf","20":"tag-societe"},"share_on_mastodon":{"url":"https:\/\/pubeurope.com\/@fr\/114703859949775348","error":""},"_links":{"self":[{"href":"https:\/\/www.europesays.com\/fr\/wp-json\/wp\/v2\/posts\/185614","targetHints":{"allow":["GET"]}}],"collection":[{"href":"https:\/\/www.europesays.com\/fr\/wp-json\/wp\/v2\/posts"}],"about":[{"href":"https:\/\/www.europesays.com\/fr\/wp-json\/wp\/v2\/types\/post"}],"author":[{"embeddable":true,"href":"https:\/\/www.europesays.com\/fr\/wp-json\/wp\/v2\/users\/2"}],"replies":[{"embeddable":true,"href":"https:\/\/www.europesays.com\/fr\/wp-json\/wp\/v2\/comments?post=185614"}],"version-history":[{"count":0,"href":"https:\/\/www.europesays.com\/fr\/wp-json\/wp\/v2\/posts\/185614\/revisions"}],"wp:featuredmedia":[{"embeddable":true,"href":"https:\/\/www.europesays.com\/fr\/wp-json\/wp\/v2\/media\/185615"}],"wp:attachment":[{"href":"https:\/\/www.europesays.com\/fr\/wp-json\/wp\/v2\/media?parent=185614"}],"wp:term":[{"taxonomy":"category","embeddable":true,"href":"https:\/\/www.europesays.com\/fr\/wp-json\/wp\/v2\/categories?post=185614"},{"taxonomy":"post_tag","embeddable":true,"href":"https:\/\/www.europesays.com\/fr\/wp-json\/wp\/v2\/tags?post=185614"}],"curies":[{"name":"wp","href":"https:\/\/api.w.org\/{rel}","templated":true}]}}