{"id":185624,"date":"2025-06-18T10:23:11","date_gmt":"2025-06-18T10:23:11","guid":{"rendered":"https:\/\/www.europesays.com\/fr\/185624\/"},"modified":"2025-06-18T10:23:11","modified_gmt":"2025-06-18T10:23:11","slug":"zfe-de-lyon-fin-de-la-mesure-pour-lutter-contre-la-pollution-de-lair","status":"publish","type":"post","link":"https:\/\/www.europesays.com\/fr\/185624\/","title":{"rendered":"ZFE de Lyon : fin de la mesure pour lutter contre la pollution de l&rsquo;air"},"content":{"rendered":"<p><img loading=\"lazy\" decoding=\"async\" alt=\"\u00a9 PxHere - La d\u00e9cision concernant la suppression des ZFE dont \u00e0 Lyon doit encore \u00eatre examin\u00e9e par le Conseil constitutionnel.\" data-zoom-src=\"https:\/\/www.europesays.com\/fr\/wp-content\/uploads\/2025\/06\/initial-suppression-des-zones-a-faibles-emissions-lyon-17-juin-2025-credit-pxhere.jpg\" data-zoomable=\"\" height=\"702\" src=\"https:\/\/www.europesays.com\/fr\/wp-content\/uploads\/2025\/06\/initial-suppression-des-zones-a-faibles-emissions-lyon-17-juin-2025-credit-pxhere.jpg\" width=\"1248\"\/>  <\/p>\n<p class=\"article-desc\">\u00a9 PxHere &#8211; La d\u00e9cision concernant la suppression des ZFE dont \u00e0 Lyon doit encore \u00eatre examin\u00e9e par le Conseil constitutionnel. <\/p>\n<p>Le d\u00e9nouement d&rsquo;un tr\u00e8s long \u00e9pisode. La<strong> fin des zones \u00e0 faibles \u00e9missions<\/strong> (ZFE)<strong> \u00e0 Lyon<\/strong> comme <a href=\"https:\/\/mesinfos.fr\/carte-zfe-quelles-sont-les-42-agglomerations-concernees-en-france-195733.html\" target=\"_blank\" rel=\"noopener\">pour 41 autres agglom\u00e9rations fran\u00e7aises<\/a>, est act\u00e9e. <\/p>\n<p>La <strong>loi de simplification de la vie \u00e9conomique<\/strong> a \u00e9t\u00e9 <strong>approuv\u00e9e par 275 voix contre 252<\/strong> mardi 17 juin lors du vote \u00e0 l&rsquo;<strong>Assembl\u00e9e nationale<\/strong>. <\/p>\n<p>Cette loi comprend diff\u00e9rentes mesures dont celle, inscrite dans l&rsquo;article 15Ter, portant sur la suppression du dispositif des ZFE visant \u00e0 lutter contre la <strong>pollution de l&rsquo;air<\/strong>. Une majorit\u00e9 de d\u00e9put\u00e9s (98) s&rsquo;\u00e9tait d\u00e9j\u00e0 exprim\u00e9e le 28 mai dans l&rsquo;h\u00e9micycle pour l&rsquo;abandon de la mesure. Cette fois-ci, l&rsquo;ensemble des d\u00e9put\u00e9s devait se prononcer sur le projet de loi. <\/p>\n<p>Suppression de la ZFE \u00e0 Lyon : la r\u00e9action des \u00e9lus \u00e9cologistes <\/p>\n<p>Dans la <strong>m\u00e9tropole de Lyon <\/strong>o\u00f9 60 000 v\u00e9hicules<strong> Crit&rsquo;air 3<\/strong> ont <a href=\"https:\/\/mesinfos.fr\/69000-lyon\/zone-a-faibles-emissions-zfe-a-lyon-tout-savoir-sur-les-interdictions-au-1er-janvier-2025-213300.html\" target=\"_blank\" rel=\"noopener\">interdiction de circuler depuis le 1er janvier 2025<\/a>, le calendrier du d\u00e9ploiement des ZFE pr\u00e9voyait d&#8217;emp\u00eacher l&rsquo;acc\u00e8s des voitures estampill\u00e9es <strong>Crit&rsquo;air 2 <\/strong>\u00e0 partir de 2028. La r\u00e9glementation concerne la quasi-totalit\u00e9 de Lyon, de Caluire-et-Cuire, Bron, Villeurbanne et V\u00e9nissieux.\u00a0<\/p>\n<p>A terme, seuls les v\u00e9hicules dot\u00e9s d&rsquo;une vignette <strong>Crit&rsquo;Air 1 <\/strong>(hybride et essence les plus r\u00e9cents) et 0 (\u00e9lectrique), auraient \u00e9t\u00e9 autoris\u00e9s.\u00a0 <\/p>\n<p>A l&rsquo;annonce de la fin des ZFE, la<strong> r\u00e9action des \u00e9lus lyonnais<\/strong> en premier lieu, les <strong>\u00e9cologistes<\/strong>, n&rsquo;a pas tard\u00e9. <strong>Bruno Bernard, pr\u00e9sident de la M\u00e9tropole de Lyon<\/strong>, a r\u00e9agi sur son compte Bluesky : \u00ab\u00a0C\u2019est un renoncement grave et une alliance cynique du centre de la droite et de l\u2019extr\u00eame droite. Il s\u2019agit d\u2019un vote de confort politicien, pas de courage politique. Ce vote est une attaque directe contre la science, l&rsquo;\u00e9cologie et la sant\u00e9 publique.\u00a0\u00bb <\/p>\n<p>Tandis que<strong> Gr\u00e9gory Doucet<\/strong>, maire de Lyon, d\u00e9non\u00e7ait d\u00e9j\u00e0 le 29 mai dernier, sur sa page Facebook, \u00ab\u00a0un vote contre la sant\u00e9\u00a0\u00bb.  <\/p>\n<p>De son c\u00f4t\u00e9,<strong> Bastien Joint<\/strong>, conseiller municipal \u00e0 Caluire-et-Cuire, <a href=\"https:\/\/mesinfos.fr\/69300-caluire-et-cuire\/a-caluire-un-elu-municipal-lance-une-petition-contre-la-zfe-de-lyon-220529.html\" target=\"_blank\" rel=\"noopener\">\u00e0 l&rsquo;origine d&rsquo;une p\u00e9tition contre la ZFE de Lyon<\/a>, n&rsquo;a pas dissimul\u00e9 sa satisfaction : <\/p>\n<p>\u00a0 <\/p><\/p>\n","protected":false},"excerpt":{"rendered":"\u00a9 PxHere &#8211; La d\u00e9cision concernant la suppression des ZFE dont \u00e0 Lyon doit encore \u00eatre examin\u00e9e par&hellip;\n","protected":false},"author":2,"featured_media":185625,"comment_status":"","ping_status":"","sticky":false,"template":"","format":"standard","meta":{"footnotes":""},"categories":[1889],"tags":[1111,11,6428,2430,1777,674,1011,27,2428,12,5170,25,19359],"class_list":{"0":"post-185624","1":"post","2":"type-post","3":"status-publish","4":"format-standard","5":"has-post-thumbnail","7":"category-lyon","8":"tag-actu","9":"tag-actualites","10":"tag-assemblu00e9e-nationale","11":"tag-auvergne-rhone-alpes","12":"tag-eu","13":"tag-europe","14":"tag-fr","15":"tag-france","16":"tag-lyon","17":"tag-news","18":"tag-pollution-de-lair","19":"tag-republique-francaise","20":"tag-zfe-lyon"},"share_on_mastodon":{"url":"https:\/\/pubeurope.com\/@fr\/114703879589743109","error":""},"_links":{"self":[{"href":"https:\/\/www.europesays.com\/fr\/wp-json\/wp\/v2\/posts\/185624","targetHints":{"allow":["GET"]}}],"collection":[{"href":"https:\/\/www.europesays.com\/fr\/wp-json\/wp\/v2\/posts"}],"about":[{"href":"https:\/\/www.europesays.com\/fr\/wp-json\/wp\/v2\/types\/post"}],"author":[{"embeddable":true,"href":"https:\/\/www.europesays.com\/fr\/wp-json\/wp\/v2\/users\/2"}],"replies":[{"embeddable":true,"href":"https:\/\/www.europesays.com\/fr\/wp-json\/wp\/v2\/comments?post=185624"}],"version-history":[{"count":0,"href":"https:\/\/www.europesays.com\/fr\/wp-json\/wp\/v2\/posts\/185624\/revisions"}],"wp:featuredmedia":[{"embeddable":true,"href":"https:\/\/www.europesays.com\/fr\/wp-json\/wp\/v2\/media\/185625"}],"wp:attachment":[{"href":"https:\/\/www.europesays.com\/fr\/wp-json\/wp\/v2\/media?parent=185624"}],"wp:term":[{"taxonomy":"category","embeddable":true,"href":"https:\/\/www.europesays.com\/fr\/wp-json\/wp\/v2\/categories?post=185624"},{"taxonomy":"post_tag","embeddable":true,"href":"https:\/\/www.europesays.com\/fr\/wp-json\/wp\/v2\/tags?post=185624"}],"curies":[{"name":"wp","href":"https:\/\/api.w.org\/{rel}","templated":true}]}}