{"id":185637,"date":"2025-06-18T10:33:09","date_gmt":"2025-06-18T10:33:09","guid":{"rendered":"https:\/\/www.europesays.com\/fr\/185637\/"},"modified":"2025-06-18T10:33:09","modified_gmt":"2025-06-18T10:33:09","slug":"moscou-affirme-avoir-conquis-un-nouveau-village-dans-la-region-de-soumy","status":"publish","type":"post","link":"https:\/\/www.europesays.com\/fr\/185637\/","title":{"rendered":"Moscou affirme avoir conquis un nouveau village dans la r\u00e9gion de Soumy"},"content":{"rendered":"<p>Le minist\u00e8re russe de la D\u00e9fense a affirm\u00e9 ce mercredi que ses unit\u00e9s avaient pris une localit\u00e9 situ\u00e9e \u00e0 environ 4km de la fronti\u00e8re russe, dans une r\u00e9gion o\u00f9 la Russie entend instaurer une \u00abzone tampon\u00bb.<\/p>\n<p class=\"fig-paragraph\">Les troupes russes progressent au nord-est de\u00a0<a href=\"http:\/\/www.lefigaro.fr\/conjoncture\/guerre-en-ukraine-macron-appelle-a-aller-beaucoup-plus-loin-dans-les-sanctions-contre-la-russie-trump-sceptique-20250617\" data-fig-type=\"NewsFlash\" data-gtm-custom-categorie=\"navigation\" data-gtm-custom-action=\"crossclick\" data-gtm-custom-label=\"Contextuel\" data-gtm-event=\"customEventSPE\" data-fig-domain=\"LEFIGARO\" target=\"_blank\" rel=\"noopener\">l\u2019Ukraine<\/a>. La Russie a affirm\u00e9 mercredi s&rsquo;\u00eatre empar\u00e9e d&rsquo;un nouveau village dans\u00a0<a href=\"http:\/\/www.lefigaro.fr\/international\/guerre-en-ukraine-kiev-fait-evacuer-11-villages-de-la-region-de-soumy-craignant-une-offensive-russe-20250531\" data-fig-type=\"NewsFlash\" data-gtm-custom-categorie=\"navigation\" data-gtm-custom-action=\"crossclick\" data-gtm-custom-label=\"Contextuel\" data-gtm-event=\"customEventSPE\" data-fig-domain=\"LEFIGARO\" target=\"_blank\" rel=\"noopener\">la\u00a0r\u00e9gion de Soumy<\/a>, o\u00f9 ses troupes grignotent du terrain depuis des semaines et entendent instaurer une \u00abzone tampon\u00bb pour pr\u00e9venir des incursions de Kiev.<\/p>\n<p class=\"fig-paragraph\">Dans un communiqu\u00e9, le minist\u00e8re russe de la D\u00e9fense a affirm\u00e9 que ses unit\u00e9s avaient conquis le village de Novomykola\u00efvka situ\u00e9 \u00e0 environ 4km de la fronti\u00e8re russe et \u00e0 une trentaine de Soumy, la capitale r\u00e9gionale. \u00abDes unit\u00e9s du groupement Nord ont avanc\u00e9 profond\u00e9ment dans les d\u00e9fenses de l\u2019ennemi et ont lib\u00e9r\u00e9 la localit\u00e9\u00bb, a pr\u00e9cis\u00e9 le minist\u00e8re.<\/p>\n<p class=\"fig-paragraph\">Depuis plusieurs semaines, les troupes russes ont revendiqu\u00e9 la prise d\u2019autres villages dans ce secteur de la r\u00e9gion de Soumy. Le Kremlin affirme vouloir y constituer une \u00abzone tampon\u00bb afin d\u2019emp\u00eacher les forces ukrainiennes de mener de nouvelles offensives en Russie, comme celle dans la r\u00e9gion russe de Koursk, frontali\u00e8re de celle de Soumy.<\/p>\n<p class=\"fig-body-link\">\n            \u00c0 lire aussi<br \/>\n        <a class=\"fig-body-link__link fig-premium-mark\" href=\"http:\/\/www.lefigaro.fr\/international\/deuil-et-colere-a-soumy-en-ukraine-apres-la-double-frappe-russe-meurtriere-le-recit-de-l-envoyee-speciale-du-figaro-20250414\" data-fig-type=\"Article\" data-gtm-custom-categorie=\"navigation\" data-gtm-custom-action=\"crossclick\" data-gtm-custom-label=\"Contextuel\" data-gtm-event=\"customEventSPE\" data-fig-domain=\"LEFIGARO\" target=\"_blank\" rel=\"noopener\">Deuil et col\u00e8re \u00e0 Soumy, en Ukraine, apr\u00e8s la double frappe russe meurtri\u00e8re: le r\u00e9cit de l\u2019envoy\u00e9e sp\u00e9ciale du Figaro<br \/>\n    <\/a>\n<\/p>\n<p>L\u2019arm\u00e9e russe revendique r\u00e9guli\u00e8rement la conqu\u00eate de nouvelles petites localit\u00e9s<\/p>\n<p class=\"fig-paragraph\">Pendant huit mois, des troupes ukrainiennes avaient occup\u00e9 une partie de la r\u00e9gion de Koursk, avant d\u2019en \u00eatre chass\u00e9es au printemps par l\u2019arm\u00e9e russe, soutenue par un contingent nord-cor\u00e9en. Ailleurs sur le front, Moscou a \u00e9galement revendiqu\u00e9 mercredi la prise du village de Dovgenk\u00e9, dans la r\u00e9gion de Kharkiv (nord-est).<\/p>\n<p class=\"fig-paragraph\">L\u2019arm\u00e9e russe, face \u00e0 des troupes ukrainiennes moins nombreuses et moins bien \u00e9quip\u00e9es, revendique r\u00e9guli\u00e8rement la conqu\u00eate de nouvelles petites localit\u00e9s qu\u2019elle assure \u00ablib\u00e9rer\u00bb. Sur le plan diplomatique, les pourparlers sont dans l\u2019impasse. Moscou exige notamment que Kiev lui c\u00e8de quatre r\u00e9gions enti\u00e8res (Kherson, Donetsk, Lougansk, Zaporijjia), en plus de la Crim\u00e9e annex\u00e9e, des demandes inacceptables pour l\u2019Ukraine.<\/p>\n","protected":false},"excerpt":{"rendered":"Le minist\u00e8re russe de la D\u00e9fense a affirm\u00e9 ce mercredi que ses unit\u00e9s avaient pris une localit\u00e9 situ\u00e9e&hellip;\n","protected":false},"author":2,"featured_media":185638,"comment_status":"","ping_status":"","sticky":false,"template":"","format":"standard","meta":{"footnotes":""},"categories":[1590],"tags":[259,11,260,1777,674,131,14,261,12,262,132,220],"class_list":{"0":"post-185637","1":"post","2":"type-post","3":"status-publish","4":"format-standard","5":"has-post-thumbnail","7":"category-ukraine","8":"tag-actualite-internationale","9":"tag-actualites","10":"tag-affaires-etrangeres","11":"tag-eu","12":"tag-europe","13":"tag-guerre-en-ukraine","14":"tag-international","15":"tag-ministere-des-affaires-etrangeres","16":"tag-news","17":"tag-politique-etrangere","18":"tag-russie","19":"tag-ukraine"},"share_on_mastodon":{"url":"https:\/\/pubeurope.com\/@fr\/114703918948403983","error":""},"_links":{"self":[{"href":"https:\/\/www.europesays.com\/fr\/wp-json\/wp\/v2\/posts\/185637","targetHints":{"allow":["GET"]}}],"collection":[{"href":"https:\/\/www.europesays.com\/fr\/wp-json\/wp\/v2\/posts"}],"about":[{"href":"https:\/\/www.europesays.com\/fr\/wp-json\/wp\/v2\/types\/post"}],"author":[{"embeddable":true,"href":"https:\/\/www.europesays.com\/fr\/wp-json\/wp\/v2\/users\/2"}],"replies":[{"embeddable":true,"href":"https:\/\/www.europesays.com\/fr\/wp-json\/wp\/v2\/comments?post=185637"}],"version-history":[{"count":0,"href":"https:\/\/www.europesays.com\/fr\/wp-json\/wp\/v2\/posts\/185637\/revisions"}],"wp:featuredmedia":[{"embeddable":true,"href":"https:\/\/www.europesays.com\/fr\/wp-json\/wp\/v2\/media\/185638"}],"wp:attachment":[{"href":"https:\/\/www.europesays.com\/fr\/wp-json\/wp\/v2\/media?parent=185637"}],"wp:term":[{"taxonomy":"category","embeddable":true,"href":"https:\/\/www.europesays.com\/fr\/wp-json\/wp\/v2\/categories?post=185637"},{"taxonomy":"post_tag","embeddable":true,"href":"https:\/\/www.europesays.com\/fr\/wp-json\/wp\/v2\/tags?post=185637"}],"curies":[{"name":"wp","href":"https:\/\/api.w.org\/{rel}","templated":true}]}}