{"id":185642,"date":"2025-06-18T10:36:23","date_gmt":"2025-06-18T10:36:23","guid":{"rendered":"https:\/\/www.europesays.com\/fr\/185642\/"},"modified":"2025-06-18T10:36:23","modified_gmt":"2025-06-18T10:36:23","slug":"le-chantage-aux-reformes-quappelle-lallemagne-de-ses-voeux","status":"publish","type":"post","link":"https:\/\/www.europesays.com\/fr\/185642\/","title":{"rendered":"le chantage aux r\u00e9formes qu&rsquo;appelle l\u2019Allemagne de ses v\u0153ux"},"content":{"rendered":"\n<p>L\u2019Allemagne pousse pour qu\u2019une partie des fonds europ\u00e9ens soit subordonn\u00e9e \u00e0 la r\u00e9alisation de \u00ab&amp;nbspjalons&amp;nbsp\u00bb, selon le jargon manag\u00e9rial de la technocratie allemande, ou r\u00e9formes dans le budget 2028-2034. L\u2019Allemagne, contributrice nette comme la France, contribue elle jusqu\u2019\u00e0 pr\u00e9sent pour un quart du budget de l\u2019UE. Selon Berlin, les fonds de coh\u00e9sion, destin\u00e9s \u00e0 aider&#8230;<\/p>\n","protected":false},"excerpt":{"rendered":"L\u2019Allemagne pousse pour qu\u2019une partie des fonds europ\u00e9ens soit subordonn\u00e9e \u00e0 la r\u00e9alisation de \u00ab&amp;nbspjalons&amp;nbsp\u00bb, selon le jargon&hellip;\n","protected":false},"author":2,"featured_media":185643,"comment_status":"","ping_status":"","sticky":false,"template":"","format":"standard","meta":{"footnotes":""},"categories":[1587],"tags":[11,672,1804,1805,1803,1777,674,1801,14,12,1802],"class_list":{"0":"post-185642","1":"post","2":"type-post","3":"status-publish","4":"format-standard","5":"has-post-thumbnail","7":"category-allemagne","8":"tag-actualites","9":"tag-allemagne","10":"tag-bundesrepublik-deutschland","11":"tag-de","12":"tag-deutschland","13":"tag-eu","14":"tag-europe","15":"tag-germany","16":"tag-international","17":"tag-news","18":"tag-republique-federale-dallemagne"},"share_on_mastodon":{"url":"https:\/\/pubeurope.com\/@fr\/114703930745395079","error":""},"_links":{"self":[{"href":"https:\/\/www.europesays.com\/fr\/wp-json\/wp\/v2\/posts\/185642","targetHints":{"allow":["GET"]}}],"collection":[{"href":"https:\/\/www.europesays.com\/fr\/wp-json\/wp\/v2\/posts"}],"about":[{"href":"https:\/\/www.europesays.com\/fr\/wp-json\/wp\/v2\/types\/post"}],"author":[{"embeddable":true,"href":"https:\/\/www.europesays.com\/fr\/wp-json\/wp\/v2\/users\/2"}],"replies":[{"embeddable":true,"href":"https:\/\/www.europesays.com\/fr\/wp-json\/wp\/v2\/comments?post=185642"}],"version-history":[{"count":0,"href":"https:\/\/www.europesays.com\/fr\/wp-json\/wp\/v2\/posts\/185642\/revisions"}],"wp:featuredmedia":[{"embeddable":true,"href":"https:\/\/www.europesays.com\/fr\/wp-json\/wp\/v2\/media\/185643"}],"wp:attachment":[{"href":"https:\/\/www.europesays.com\/fr\/wp-json\/wp\/v2\/media?parent=185642"}],"wp:term":[{"taxonomy":"category","embeddable":true,"href":"https:\/\/www.europesays.com\/fr\/wp-json\/wp\/v2\/categories?post=185642"},{"taxonomy":"post_tag","embeddable":true,"href":"https:\/\/www.europesays.com\/fr\/wp-json\/wp\/v2\/tags?post=185642"}],"curies":[{"name":"wp","href":"https:\/\/api.w.org\/{rel}","templated":true}]}}