{"id":185644,"date":"2025-06-18T10:37:10","date_gmt":"2025-06-18T10:37:10","guid":{"rendered":"https:\/\/www.europesays.com\/fr\/185644\/"},"modified":"2025-06-18T10:37:10","modified_gmt":"2025-06-18T10:37:10","slug":"accords-avec-lunion-europeenne-il-en-va-de-notre-securite","status":"publish","type":"post","link":"https:\/\/www.europesays.com\/fr\/185644\/","title":{"rendered":"Accords avec l\u2019Union europ\u00e9enne: il en va de notre s\u00e9curit\u00e9"},"content":{"rendered":"<p>              <a tabindex=\"-1\" title=\"Fran\u00e7ois Nordmann\" href=\"https:\/\/www.letemps.ch\/profil\/francois-nordmann\" target=\"_blank\" rel=\"noopener\"><\/p>\n<p>                    <img decoding=\"async\" src=\"https:\/\/www.europesays.com\/fr\/wp-content\/uploads\/2025\/06\/1749533954_751_small.jpeg\" class=\"lazy\" alt=\"\"\/><\/p>\n<p><\/a>        <\/p>\n<p>    Publi\u00e9 le 18 juin 2025 \u00e0 11:08. \/ Modifi\u00e9 le 18 juin 2025 \u00e0 11:09.<\/p>\n<p> 3 min. de lecture<\/p>\n<p>S\u2019il s\u2019agit de poursuivre la voie bilat\u00e9rale avec l\u2019Union europ\u00e9enne, inaugur\u00e9e il y a un quart de si\u00e8cle, pourquoi changer ce qui a si bien fonctionn\u00e9? Le rapport explicatif du Conseil f\u00e9d\u00e9ral, \u00e0 l\u2019appui des textes des nouveaux accords bilat\u00e9raux publi\u00e9s le 13\u00a0juin dernier, r\u00e9pond honn\u00eatement \u00e0 cette question. Le statu quo ne pouvait \u00eatre maintenu d\u00e8s lors que l\u2019Union europ\u00e9enne n\u2019\u00e9tait plus dispos\u00e9e \u00e0 adapter les accords existants. Elle les aurait laiss\u00e9s d\u00e9p\u00e9rir, au prix de graves dommages pour l\u2019\u00e9conomie suisse.<\/p>\n<p>De plus, la position strat\u00e9gique de la Suisse s\u2019est fragilis\u00e9e depuis l\u2019ouverture des n\u00e9gociations il y a 11 ans. Le Conseil f\u00e9d\u00e9ral \u00e9num\u00e8re les facteurs qui rendent le monde \u00abplus instable, plus incertain et plus impr\u00e9visible\u00bb, d\u2019abord avec la \u00abceinture de feu\u00bb qui nous entoure, de la guerre d\u2019agression, men\u00e9e par la Russie en Ukraine, aux Balkans, dans le Caucase, au Proche-Orient et en Afrique du Nord. La loi du plus fort l\u2019emporte sur le droit international, ou \u00e0 l\u2019int\u00e9rieur de soci\u00e9t\u00e9s polaris\u00e9es par les in\u00e9galit\u00e9s, en proie aux cons\u00e9quences de l\u2019endettement ou faisant face \u00e0 l\u2019irruption de nouvelles technologies telles que l\u2019intelligence artificielle.<\/p>\n","protected":false},"excerpt":{"rendered":"Publi\u00e9 le 18 juin 2025 \u00e0 11:08. \/ Modifi\u00e9 le 18 juin 2025 \u00e0 11:09. 3 min. de&hellip;\n","protected":false},"author":2,"featured_media":185645,"comment_status":"","ping_status":"","sticky":false,"template":"","format":"standard","meta":{"footnotes":""},"categories":[1586],"tags":[11,1777,674,1011,27,12,6328,301,25,2582],"class_list":{"0":"post-185644","1":"post","2":"type-post","3":"status-publish","4":"format-standard","5":"has-post-thumbnail","7":"category-europe","8":"tag-actualites","9":"tag-eu","10":"tag-europe","11":"tag-fr","12":"tag-france","13":"tag-news","14":"tag-politique-federale","15":"tag-premium","16":"tag-republique-francaise","17":"tag-suisse-ue"},"share_on_mastodon":{"url":"https:\/\/pubeurope.com\/@fr\/114703934715458844","error":""},"_links":{"self":[{"href":"https:\/\/www.europesays.com\/fr\/wp-json\/wp\/v2\/posts\/185644","targetHints":{"allow":["GET"]}}],"collection":[{"href":"https:\/\/www.europesays.com\/fr\/wp-json\/wp\/v2\/posts"}],"about":[{"href":"https:\/\/www.europesays.com\/fr\/wp-json\/wp\/v2\/types\/post"}],"author":[{"embeddable":true,"href":"https:\/\/www.europesays.com\/fr\/wp-json\/wp\/v2\/users\/2"}],"replies":[{"embeddable":true,"href":"https:\/\/www.europesays.com\/fr\/wp-json\/wp\/v2\/comments?post=185644"}],"version-history":[{"count":0,"href":"https:\/\/www.europesays.com\/fr\/wp-json\/wp\/v2\/posts\/185644\/revisions"}],"wp:featuredmedia":[{"embeddable":true,"href":"https:\/\/www.europesays.com\/fr\/wp-json\/wp\/v2\/media\/185645"}],"wp:attachment":[{"href":"https:\/\/www.europesays.com\/fr\/wp-json\/wp\/v2\/media?parent=185644"}],"wp:term":[{"taxonomy":"category","embeddable":true,"href":"https:\/\/www.europesays.com\/fr\/wp-json\/wp\/v2\/categories?post=185644"},{"taxonomy":"post_tag","embeddable":true,"href":"https:\/\/www.europesays.com\/fr\/wp-json\/wp\/v2\/tags?post=185644"}],"curies":[{"name":"wp","href":"https:\/\/api.w.org\/{rel}","templated":true}]}}