{"id":185648,"date":"2025-06-18T10:39:09","date_gmt":"2025-06-18T10:39:09","guid":{"rendered":"https:\/\/www.europesays.com\/fr\/185648\/"},"modified":"2025-06-18T10:39:09","modified_gmt":"2025-06-18T10:39:09","slug":"paul-larrouturou-de-tf1-nous-rejoint-la-patronne-de-franceinfo-presente-sa-rentree-en-avant-premiere","status":"publish","type":"post","link":"https:\/\/www.europesays.com\/fr\/185648\/","title":{"rendered":"\u00ab\u00a0Paul Larrouturou de TF1 nous rejoint\u00a0\u00bb\u00a0: la patronne de franceinfo pr\u00e9sente sa rentr\u00e9e en avant-premi\u00e8re"},"content":{"rendered":"<p class=\"paragraph text_align_left lp-f-body-02\">Depuis le d\u00e9but du printemps, la nouvelle dirigeante travaille ainsi sur la grille qu\u2019elle lancera le 1er septembre. \u00ab C\u2019est avant tout un projet \u00e9ditorial, celui d\u2019\u00eatre toujours au plus pr\u00e8s de l\u2019information. Mais aussi d\u2019\u00eatre une radio chaude par son traitement de l\u2019actualit\u00e9 au moment o\u00f9 elle se passe, ainsi que par son accueil de l\u2019auditeur, pr\u00e9cise-t-elle. Franceinfo, c\u2019est plus qu\u2019une radio : c\u2019est une exp\u00e9rience immersive. La premi\u00e8re chose que j\u2019ai dite aux \u00e9quipes, c\u2019est qu\u2019il faut qu\u2019on entende encore plus les bruits du monde, qu\u2019on sorte du studio. Quand un journaliste couvre les \u00e9meutes aux \u00c9tats-Unis, il ne doit pas \u00eatre enferm\u00e9 dans une chambre d\u2019h\u00f4tel. \u00bb<\/p>\n","protected":false},"excerpt":{"rendered":"Depuis le d\u00e9but du printemps, la nouvelle dirigeante travaille ainsi sur la grille qu\u2019elle lancera le 1er septembre.&hellip;\n","protected":false},"author":2,"featured_media":185649,"comment_status":"","ping_status":"","sticky":false,"template":"","format":"standard","meta":{"footnotes":""},"categories":[2],"tags":[11,872,1011,27,12,25,2205],"class_list":{"0":"post-185648","1":"post","2":"type-post","3":"status-publish","4":"format-standard","5":"has-post-thumbnail","7":"category-actualites","8":"tag-actualites","9":"tag-culture-et-loisirs","10":"tag-fr","11":"tag-france","12":"tag-news","13":"tag-republique-francaise","14":"tag-television-medias"},"share_on_mastodon":{"url":"https:\/\/pubeurope.com\/@fr\/114703942507559636","error":""},"_links":{"self":[{"href":"https:\/\/www.europesays.com\/fr\/wp-json\/wp\/v2\/posts\/185648","targetHints":{"allow":["GET"]}}],"collection":[{"href":"https:\/\/www.europesays.com\/fr\/wp-json\/wp\/v2\/posts"}],"about":[{"href":"https:\/\/www.europesays.com\/fr\/wp-json\/wp\/v2\/types\/post"}],"author":[{"embeddable":true,"href":"https:\/\/www.europesays.com\/fr\/wp-json\/wp\/v2\/users\/2"}],"replies":[{"embeddable":true,"href":"https:\/\/www.europesays.com\/fr\/wp-json\/wp\/v2\/comments?post=185648"}],"version-history":[{"count":0,"href":"https:\/\/www.europesays.com\/fr\/wp-json\/wp\/v2\/posts\/185648\/revisions"}],"wp:featuredmedia":[{"embeddable":true,"href":"https:\/\/www.europesays.com\/fr\/wp-json\/wp\/v2\/media\/185649"}],"wp:attachment":[{"href":"https:\/\/www.europesays.com\/fr\/wp-json\/wp\/v2\/media?parent=185648"}],"wp:term":[{"taxonomy":"category","embeddable":true,"href":"https:\/\/www.europesays.com\/fr\/wp-json\/wp\/v2\/categories?post=185648"},{"taxonomy":"post_tag","embeddable":true,"href":"https:\/\/www.europesays.com\/fr\/wp-json\/wp\/v2\/tags?post=185648"}],"curies":[{"name":"wp","href":"https:\/\/api.w.org\/{rel}","templated":true}]}}