{"id":18566,"date":"2025-04-11T23:51:18","date_gmt":"2025-04-11T23:51:18","guid":{"rendered":"https:\/\/www.europesays.com\/fr\/18566\/"},"modified":"2025-04-11T23:51:18","modified_gmt":"2025-04-11T23:51:18","slug":"quand-lart-entre-en-scene-dans-les-rotatives-de-la-provence-une-soiree-rse-engagee","status":"publish","type":"post","link":"https:\/\/www.europesays.com\/fr\/18566\/","title":{"rendered":"Quand l&rsquo;art entre en sc\u00e8ne dans les rotatives de La Provence&#8230; une soir\u00e9e RSE engag\u00e9e"},"content":{"rendered":"<p>La Provence a ouvert mercredi les portes de son imprimerie, avenue Salengro (Marseille 15e), pour une soir\u00e9e RSE plac\u00e9e sous le signe de la culture. Le th\u00e8me : \u00ab\u00a0Faire entrer la culture dans l&rsquo;entreprise\u00a0\u00bb, une d\u00e9marche forte et symbolique pour un journal en pleine transition, sur le point de quitter ce site historique.<\/p>\n<p>Au c\u0153ur des rotatives encore en marche, l&rsquo;artiste Lionel Sauzereau a d\u00e9ploy\u00e9 deux imposantes b\u00e2ches issues de son travail autour du recyclage.<\/p>\n<p>La premi\u00e8re, intitul\u00e9e L.U.T 3 \u2013 Laisser Une Trace, r\u00e9sonnait profond\u00e9ment avec le lieu et son activit\u00e9 : la presse \u00e9crite comme trace tangible, et La Provence elle-m\u00eame, pr\u00eate \u00e0 marquer une derni\u00e8re empreinte dans ces murs qu&rsquo;elle s&rsquo;appr\u00eate \u00e0 quitter.<\/p>\n<p><img alt=\"Soir\u00e9e RSE dans les rotatives de La Provence\" loading=\"lazy\" decoding=\"async\" data-nimg=\"fill\" class=\" TwicCore_img__i9TC1 undefined  undefined\" style=\"position:absolute;height:100%;width:100%;left:0;top:0;right:0;bottom:0;color:transparent;background-size:cover;background-position:50% 50%;background-repeat:no-repeat;background-image:url(&quot;data:image\/svg+xml;charset=utf-8,%3Csvg xmlns='http:\/\/www.w3.org\/2000\/svg' %3E%3Cfilter id='b' color-interpolation-filters='sRGB'%3E%3CfeGaussianBlur stdDeviation='20'\/%3E%3CfeColorMatrix values='1 0 0 0 0 0 1 0 0 0 0 0 1 0 0 0 0 0 100 -1' result='s'\/%3E%3CfeFlood x='0' y='0' width='100%25' height='100%25'\/%3E%3CfeComposite operator='out' in='s'\/%3E%3CfeComposite in2='SourceGraphic'\/%3E%3CfeGaussianBlur stdDeviation='20'\/%3E%3C\/filter%3E%3Cimage width='100%25' height='100%25' x='0' y='0' preserveAspectRatio='none' style='filter: url(%23b);' href='https:\/\/pictures.laprovence.com\/cdn-cgi\/image\/blur=250\/media\/melody\/2025\/04\/11\/soiree-rse-dans-les-rotatives-de-la-provence-1744372324_a4c5d8b009f7699c5d8b009f70ec5dv_.jpg'\/%3E%3C\/svg%3E&quot;)\"   src=\"https:\/\/www.europesays.com\/fr\/wp-content\/uploads\/2025\/04\/soiree-rse-dans-les-rotatives-de-la-provence-1744372324_a4c5d8b009f7699c5d8b009f70ec5dv_.jpg\"\/>Soir\u00e9e RSE dans les rotatives de La Provence YHL Photographie<\/p>\n<p>La seconde \u0153uvre, L.M.P \u2013 Let&rsquo;s the music play est n\u00e9e d&rsquo;une proposition du directeur du cin\u00e9ma Artplexe, Bernard Cohen. Il lui a confi\u00e9 des b\u00e2ches de 2,50 x 2,50 m\u00e8tres, vestiges d&rsquo;un s\u00e9minaire sur l&rsquo;ing\u00e9nierie du son.<\/p>\n<p><img alt=\"Soir\u00e9e RSE dans les rotatives de La Provence\" loading=\"lazy\" decoding=\"async\" data-nimg=\"fill\" class=\" TwicCore_img__i9TC1 undefined  undefined\" style=\"position:absolute;height:100%;width:100%;left:0;top:0;right:0;bottom:0;color:transparent;background-size:cover;background-position:50% 50%;background-repeat:no-repeat;background-image:url(&quot;data:image\/svg+xml;charset=utf-8,%3Csvg xmlns='http:\/\/www.w3.org\/2000\/svg' %3E%3Cfilter id='b' color-interpolation-filters='sRGB'%3E%3CfeGaussianBlur stdDeviation='20'\/%3E%3CfeColorMatrix values='1 0 0 0 0 0 1 0 0 0 0 0 1 0 0 0 0 0 100 -1' result='s'\/%3E%3CfeFlood x='0' y='0' width='100%25' height='100%25'\/%3E%3CfeComposite operator='out' in='s'\/%3E%3CfeComposite in2='SourceGraphic'\/%3E%3CfeGaussianBlur stdDeviation='20'\/%3E%3C\/filter%3E%3Cimage width='100%25' height='100%25' x='0' y='0' preserveAspectRatio='none' style='filter: url(%23b);' href='https:\/\/pictures.laprovence.com\/cdn-cgi\/image\/blur=250\/media\/melody\/2025\/04\/11\/yhl-photographie-1744376117_3f1f98b009f76d311a8b009f71d11av_.jpg'\/%3E%3C\/svg%3E&quot;)\"   src=\"https:\/\/www.europesays.com\/fr\/wp-content\/uploads\/2025\/04\/yhl-photographie-1744376117_3f1f98b009f76d311a8b009f71d11av_.jpg\"\/>Soir\u00e9e RSE dans les rotatives de La Provence YHL Photographie<\/p>\n<p>Lionel Sauzereau les a transform\u00e9es dans le cadre de sa s\u00e9rie R.E.C.Y.C.L.A.G.E \u2013 upcycling, exp\u00e9rimentant une nouvelle fa\u00e7on de peindre : au sol, \u00e0 grande \u00e9chelle, en r\u00e9fl\u00e9chissant \u00e0 chaque geste pour \u00e9viter de pi\u00e9tiner la peinture encore fra\u00eeche. Une mani\u00e8re de donner une seconde vie \u00e0 ces supports, tout en interrogeant notre rapport aux mat\u00e9riaux et \u00e0 la m\u00e9moire.<\/p>\n<p><img alt=\"Photo d'illustration de l'article\" loading=\"lazy\" decoding=\"async\" data-nimg=\"fill\" class=\" TwicCore_img__i9TC1 undefined  undefined\" style=\"position:absolute;height:100%;width:100%;left:0;top:0;right:0;bottom:0;color:transparent;background-size:cover;background-position:50% 50%;background-repeat:no-repeat;background-image:url(&quot;data:image\/svg+xml;charset=utf-8,%3Csvg xmlns='http:\/\/www.w3.org\/2000\/svg' %3E%3Cfilter id='b' color-interpolation-filters='sRGB'%3E%3CfeGaussianBlur stdDeviation='20'\/%3E%3CfeColorMatrix values='1 0 0 0 0 0 1 0 0 0 0 0 1 0 0 0 0 0 100 -1' result='s'\/%3E%3CfeFlood x='0' y='0' width='100%25' height='100%25'\/%3E%3CfeComposite operator='out' in='s'\/%3E%3CfeComposite in2='SourceGraphic'\/%3E%3CfeGaussianBlur stdDeviation='20'\/%3E%3C\/filter%3E%3Cimage width='100%25' height='100%25' x='0' y='0' preserveAspectRatio='none' style='filter: url(%23b);' href='https:\/\/pictures.laprovence.com\/cdn-cgi\/image\/blur=250\/media\/melody\/2025\/04\/11\/yhl-photographie-1744376118_1ea598b009f76dd4698b009f792569v_.jpg'\/%3E%3C\/svg%3E&quot;)\"   src=\"https:\/\/www.europesays.com\/fr\/wp-content\/uploads\/2025\/04\/yhl-photographie-1744376118_1ea598b009f76dd4698b009f792569v_.jpg\"\/>Illustration YHL Photographie<\/p>\n<p>La soir\u00e9e a \u00e9galement \u00e9t\u00e9 marqu\u00e9e par la pr\u00e9sence du photographe Yves Tenaglia, qui d\u00e9veloppe le projet \u00ab\u00a0L&rsquo;\u00e2me des locaux\u00a0\u00bb, immortalisant des lieux insolites de Marseille, souvent en voie de disparition.<\/p>\n<p><img alt=\"Soir\u00e9e RSE dans les rotatives de La Provence\" loading=\"lazy\" decoding=\"async\" data-nimg=\"fill\" class=\" TwicCore_img__i9TC1 undefined  undefined\" style=\"position:absolute;height:100%;width:100%;left:0;top:0;right:0;bottom:0;color:transparent;background-size:cover;background-position:50% 50%;background-repeat:no-repeat;background-image:url(&quot;data:image\/svg+xml;charset=utf-8,%3Csvg xmlns='http:\/\/www.w3.org\/2000\/svg' %3E%3Cfilter id='b' color-interpolation-filters='sRGB'%3E%3CfeGaussianBlur stdDeviation='20'\/%3E%3CfeColorMatrix values='1 0 0 0 0 0 1 0 0 0 0 0 1 0 0 0 0 0 100 -1' result='s'\/%3E%3CfeFlood x='0' y='0' width='100%25' height='100%25'\/%3E%3CfeComposite operator='out' in='s'\/%3E%3CfeComposite in2='SourceGraphic'\/%3E%3CfeGaussianBlur stdDeviation='20'\/%3E%3C\/filter%3E%3Cimage width='100%25' height='100%25' x='0' y='0' preserveAspectRatio='none' style='filter: url(%23b);' href='https:\/\/pictures.laprovence.com\/cdn-cgi\/image\/blur=250\/media\/melody\/2025\/04\/11\/soiree-rse-dans-les-rotatives-de-la-provence-1744372325_f20939b009f76070939b009f7fa093v_.jpg'\/%3E%3C\/svg%3E&quot;)\"   src=\"https:\/\/www.europesays.com\/fr\/wp-content\/uploads\/2025\/04\/soiree-rse-dans-les-rotatives-de-la-provence-1744372325_f20939b009f76070939b009f7fa093v_.jpg\"\/>Soir\u00e9e RSE dans les rotatives de La Provence YHL Photographie<\/p>\n<p>A Marseille, son objectif s&rsquo;est tourn\u00e9 vers l&rsquo;imprimerie de La Provence, saisissant la beaut\u00e9 brute des machines et le geste pr\u00e9cis des hommes au travail. Un hommage discret mais puissant \u00e0 ceux qui, chaque nuit, fabriquent le journal.<\/p>\n<p>Cet \u00e9v\u00e9nement a \u00e9t\u00e9 rendu possible gr\u00e2ce \u00e0 l&rsquo;implication de Jo\u00eblle Giordano, cr\u00e9atrice de liens entre culture et \u00e9conomie, au travers de son entreprise Arts &amp; Business.<\/p>\n<p><img alt=\"Soir\u00e9e RSE dans les rotatives de La Provence\" loading=\"lazy\" decoding=\"async\" data-nimg=\"fill\" class=\" TwicCore_img__i9TC1 undefined  undefined\" style=\"position:absolute;height:100%;width:100%;left:0;top:0;right:0;bottom:0;color:transparent;background-size:cover;background-position:50% 50%;background-repeat:no-repeat;background-image:url(&quot;data:image\/svg+xml;charset=utf-8,%3Csvg xmlns='http:\/\/www.w3.org\/2000\/svg' %3E%3Cfilter id='b' color-interpolation-filters='sRGB'%3E%3CfeGaussianBlur stdDeviation='20'\/%3E%3CfeColorMatrix values='1 0 0 0 0 0 1 0 0 0 0 0 1 0 0 0 0 0 100 -1' result='s'\/%3E%3CfeFlood x='0' y='0' width='100%25' height='100%25'\/%3E%3CfeComposite operator='out' in='s'\/%3E%3CfeComposite in2='SourceGraphic'\/%3E%3CfeGaussianBlur stdDeviation='20'\/%3E%3C\/filter%3E%3Cimage width='100%25' height='100%25' x='0' y='0' preserveAspectRatio='none' style='filter: url(%23b);' href='https:\/\/pictures.laprovence.com\/cdn-cgi\/image\/blur=250\/media\/melody\/2025\/04\/11\/soiree-rse-dans-les-rotatives-de-la-provence-1744372326_67de98b009f76102f98b009f73511av_.jpg'\/%3E%3C\/svg%3E&quot;)\"   src=\"https:\/\/www.europesays.com\/fr\/wp-content\/uploads\/2025\/04\/soiree-rse-dans-les-rotatives-de-la-provence-1744372326_67de98b009f76102f98b009f73511av_.jpg\"\/>Soir\u00e9e RSE dans les rotatives de La Provence YHL Photographie<\/p>\n<p>Entre bruits des rotatives, regards d&rsquo;artistes et \u00e9changes humains, cette soir\u00e9e a su capter l&rsquo;essence d&rsquo;un lieu et d&rsquo;un moment : celui d&rsquo;une entreprise qui s&rsquo;appr\u00eate \u00e0 tourner une page, tout en \u00e9crivant la suivante avec sens, engagement et imagination.<\/p>\n","protected":false},"excerpt":{"rendered":"La Provence a ouvert mercredi les portes de son imprimerie, avenue Salengro (Marseille 15e), pour une soir\u00e9e RSE&hellip;\n","protected":false},"author":2,"featured_media":18567,"comment_status":"","ping_status":"","sticky":false,"template":"","format":"standard","meta":{"footnotes":""},"categories":[2814],"tags":[17,1111,11,251,1446,2834,1777,674,1011,27,3053,151,884,12,882,396,25,7348,7347],"class_list":{"0":"post-18566","1":"post","2":"type-post","3":"status-publish","4":"format-standard","5":"has-post-thumbnail","7":"category-marseille","8":"tag-17","9":"tag-actu","10":"tag-actualites","11":"tag-culture","12":"tag-dans","13":"tag-entre","14":"tag-eu","15":"tag-europe","16":"tag-fr","17":"tag-france","18":"tag-lart","19":"tag-les","20":"tag-marseille","21":"tag-news","22":"tag-provence-alpes-cote-dazur","23":"tag-quand","24":"tag-republique-francaise","25":"tag-rotatives","26":"tag-scene"},"share_on_mastodon":{"url":"https:\/\/pubeurope.com\/@fr\/114322020077869932","error":""},"_links":{"self":[{"href":"https:\/\/www.europesays.com\/fr\/wp-json\/wp\/v2\/posts\/18566","targetHints":{"allow":["GET"]}}],"collection":[{"href":"https:\/\/www.europesays.com\/fr\/wp-json\/wp\/v2\/posts"}],"about":[{"href":"https:\/\/www.europesays.com\/fr\/wp-json\/wp\/v2\/types\/post"}],"author":[{"embeddable":true,"href":"https:\/\/www.europesays.com\/fr\/wp-json\/wp\/v2\/users\/2"}],"replies":[{"embeddable":true,"href":"https:\/\/www.europesays.com\/fr\/wp-json\/wp\/v2\/comments?post=18566"}],"version-history":[{"count":0,"href":"https:\/\/www.europesays.com\/fr\/wp-json\/wp\/v2\/posts\/18566\/revisions"}],"wp:featuredmedia":[{"embeddable":true,"href":"https:\/\/www.europesays.com\/fr\/wp-json\/wp\/v2\/media\/18567"}],"wp:attachment":[{"href":"https:\/\/www.europesays.com\/fr\/wp-json\/wp\/v2\/media?parent=18566"}],"wp:term":[{"taxonomy":"category","embeddable":true,"href":"https:\/\/www.europesays.com\/fr\/wp-json\/wp\/v2\/categories?post=18566"},{"taxonomy":"post_tag","embeddable":true,"href":"https:\/\/www.europesays.com\/fr\/wp-json\/wp\/v2\/tags?post=18566"}],"curies":[{"name":"wp","href":"https:\/\/api.w.org\/{rel}","templated":true}]}}