{"id":185671,"date":"2025-06-18T10:53:09","date_gmt":"2025-06-18T10:53:09","guid":{"rendered":"https:\/\/www.europesays.com\/fr\/185671\/"},"modified":"2025-06-18T10:53:09","modified_gmt":"2025-06-18T10:53:09","slug":"lhopital-de-saint-etienne-du-rouvray-adopte-la-technique-du-livre-vivant-pour-destigmatiser-la-maladie-mentale","status":"publish","type":"post","link":"https:\/\/www.europesays.com\/fr\/185671\/","title":{"rendered":"L\u2019h\u00f4pital de Saint-\u00c9tienne-du-Rouvray adopte la technique du \u00ab\u00a0livre vivant\u00a0\u00bb pour \u00ab\u00a0d\u00e9stigmatiser\u00a0\u00bb la maladie mentale"},"content":{"rendered":"<p class=\"paragraph text_align_left lp-f-body-02\">M\u00e9thodologie n\u00e9e au Danemark dans les ann\u00e9es 1990, la \u00ab biblioth\u00e8que vivante \u00bb est compos\u00e9e de \u00ab livres \u00bb incarn\u00e9s par des personnes en chair et en os, afin de d\u00e9stigmatiser des sujets de soci\u00e9t\u00e9 \u00e0 travers des \u00e9changes sans tabou. Du 14 au 21 juin, la Quinzaine des biblioth\u00e8ques vivantes a choisi pour son \u00e9dition 2025<a href=\"https:\/\/www.leparisien.fr\/societe\/sante\/sante-mentale-des-jeunes-grande-cause-petits-moyens-26-04-2025-5UDAUYY3NJAXDISGPN6N6Y56VI.php\" target=\"_self\" rel=\"noopener\"> la Grande cause nationale : la sant\u00e9 mentale.<\/a><\/p>\n<p class=\"paragraph text_align_left lp-f-body-02\">Des rencontres ont \u00e9t\u00e9 organis\u00e9es \u00e0 Aix-en-Provence, Clermont-Ferrand, Les Lilas, Lyon, Morlaix, Ouistreham, Paris, Rambouillet, Toulouse et aussi \u00e0 l\u2019initiative du Centre hospitalier du Rouvray, \u00e0 Saint-\u00c9tienne-du-Rouvray, pr\u00e8s de Rouen.<\/p>\n<p class=\"paragraph text_align_left lp-f-body-02\">\u00ab Il s\u2019agit de d\u00e9velopper la pair-aidance (un malade r\u00e9tabli devient un trait d\u2019union entre patient et malade NDLR), d\u2019envisager de cr\u00e9er une maison des usagers et de dupliquer ce dispositif au sein du CHR plusieurs fois dans l\u2019ann\u00e9e \u00bb, explique Marie-H\u00e9l\u00e8ne Roux, directrice qualit\u00e9 et relations avec les usagers. C\u2019est surtout une occasion pour les patients de parler de leurs maladies sans jugement.<\/p>\n<p class=\"paragraph text_align_left lp-f-body-02\">C\u2019est ainsi que mardi 17 juin, six \u00ab livres vivants \u00bb, parmi lesquels cinq patients, ont accueilli le public \u00e0 la M\u00e9diath\u00e8que Georges-D\u00e9zir\u00e9. \u00ab Ce sont des personnes qui ont des histoires personnelles et ont la g\u00e9n\u00e9rosit\u00e9 de les partager avec d\u2019autres qu\u2019ils n\u2019auraient certainement jamais crois\u00e9s, explique \u00c9va Mazur, m\u00e9diatrice sant\u00e9-pair qui a elle-m\u00eame un long parcours psychiatrique.<\/p>\n<p class=\"paragraph text_align_left lp-f-body-02\">\u00ab Le but, poursuit-elle, est de g\u00e9n\u00e9rer des rencontres pour d\u00e9stigmatiser les troubles psychiques, car la meilleure fa\u00e7on de parler d\u2019un tel sujet est d\u2019aller vers l\u2019autre. L\u00e0, ce sont des patients-volontaires qui ont particip\u00e9 \u00e0 des ateliers d\u2019\u00e9criture et d\u2019improvisation. Avec des professionnels, ils deviennent des biblioth\u00e9caires ou des livres vivants, car tout ceci est une belle m\u00e9taphore. \u00bb<\/p>\n<p>\u00ab Merci de m\u2019avoir lu(e) ! \u00bb<\/p>\n<p class=\"paragraph text_align_left lp-f-body-02\">\u00ab C\u00f4t\u00e9 lecteur, c\u2019est une autre image des troubles psychiques qui est donn\u00e9e. C\u00f4t\u00e9 livre vivant, il ou elle se r\u00e9approprie son histoire, une fa\u00e7on de travailler son identit\u00e9 et de d\u00e9passer sa maladie \u00bb, d\u00e9taille \u00c9va Mazur. Et l\u2019exp\u00e9rience est garantie.<\/p>\n<p class=\"paragraph text_align_left lp-f-body-02\">\u00ab Vous arrivez, vous \u00eates accueilli et d\u00e9couvrez les quatri\u00e8mes de couverture. Un livre vous appelle et vous allez \u00e9couter son histoire. \u00c0 la fin, vous avez dix minutes pour poser des questions, pour \u00e9changer. Et, surtout, il faut rendre le livre en bon \u00e9tat, pas corn\u00e9 [rires]. Moi-m\u00eame, je suis livre vivant. Avant d\u2019aider les autres, j\u2019avais besoin de m\u2019aider. J\u2019utilise mon histoire, cette exp\u00e9rience de folie que j\u2019ai v\u00e9cue de l\u2019int\u00e9rieur. \u00bb Et, \u00e0 la fin elle conclut logiquement par un \u00ab Merci de m\u2019avoir lu(e) \u00bb !<\/p>\n","protected":false},"excerpt":{"rendered":"M\u00e9thodologie n\u00e9e au Danemark dans les ann\u00e9es 1990, la \u00ab biblioth\u00e8que vivante \u00bb est compos\u00e9e de \u00ab livres&hellip;\n","protected":false},"author":2,"featured_media":185672,"comment_status":"","ping_status":"","sticky":false,"template":"","format":"standard","meta":{"footnotes":""},"categories":[1357],"tags":[917,1379,459,58,59,1011,27,1380,11074,104],"class_list":{"0":"post-185671","1":"post","2":"type-post","3":"status-publish","4":"format-standard","5":"has-post-thumbnail","7":"category-livres","8":"tag-actu-locale","9":"tag-books","10":"tag-departements-horsidfo","11":"tag-divertissement","12":"tag-entertainment","13":"tag-fr","14":"tag-france","15":"tag-livres","16":"tag-seine-maritime-76","17":"tag-societe"},"share_on_mastodon":{"url":"https:\/\/pubeurope.com\/@fr\/114703997550631178","error":""},"_links":{"self":[{"href":"https:\/\/www.europesays.com\/fr\/wp-json\/wp\/v2\/posts\/185671","targetHints":{"allow":["GET"]}}],"collection":[{"href":"https:\/\/www.europesays.com\/fr\/wp-json\/wp\/v2\/posts"}],"about":[{"href":"https:\/\/www.europesays.com\/fr\/wp-json\/wp\/v2\/types\/post"}],"author":[{"embeddable":true,"href":"https:\/\/www.europesays.com\/fr\/wp-json\/wp\/v2\/users\/2"}],"replies":[{"embeddable":true,"href":"https:\/\/www.europesays.com\/fr\/wp-json\/wp\/v2\/comments?post=185671"}],"version-history":[{"count":0,"href":"https:\/\/www.europesays.com\/fr\/wp-json\/wp\/v2\/posts\/185671\/revisions"}],"wp:featuredmedia":[{"embeddable":true,"href":"https:\/\/www.europesays.com\/fr\/wp-json\/wp\/v2\/media\/185672"}],"wp:attachment":[{"href":"https:\/\/www.europesays.com\/fr\/wp-json\/wp\/v2\/media?parent=185671"}],"wp:term":[{"taxonomy":"category","embeddable":true,"href":"https:\/\/www.europesays.com\/fr\/wp-json\/wp\/v2\/categories?post=185671"},{"taxonomy":"post_tag","embeddable":true,"href":"https:\/\/www.europesays.com\/fr\/wp-json\/wp\/v2\/tags?post=185671"}],"curies":[{"name":"wp","href":"https:\/\/api.w.org\/{rel}","templated":true}]}}