{"id":185675,"date":"2025-06-18T10:55:10","date_gmt":"2025-06-18T10:55:10","guid":{"rendered":"https:\/\/www.europesays.com\/fr\/185675\/"},"modified":"2025-06-18T10:55:10","modified_gmt":"2025-06-18T10:55:10","slug":"thomas-dutronc-regle-ses-comptes-avec-les-rappeurs-qui-ne-connaissent-pas-francoise-hardy","status":"publish","type":"post","link":"https:\/\/www.europesays.com\/fr\/185675\/","title":{"rendered":"Thomas Dutronc r\u00e8gle ses comptes avec les rappeurs qui ne connaissent pas Fran\u00e7oise Hardy"},"content":{"rendered":"<p>Une figure embl\u00e9matique de la chanson fran\u00e7aise nous quittait le 11 juin 2024. \u00c0 cette date, <a href=\"https:\/\/www.public.fr\/maman-est-partie-thomas-dutronc-annonce-sur-ses-reseaux-sociaux-la-mort-de-france-hardy-a-80-ans\" rel=\"nofollow noopener\" target=\"_blank\">Fran\u00e7oise Hardy s\u2019envolait \u00e0 l\u2019\u00e2ge de 80 ans<\/a> apr\u00e8s avoir longtemps lutt\u00e9 contre le cancer. Un an apr\u00e8s son d\u00e9c\u00e8s un coffret <strong>\u00ab\u00a0Fran\u00e7oise Hardy Blues : Int\u00e9grale Vogue 1962-1967\u00a0\u00bb<\/strong>, consacr\u00e9 \u00e0 ses premi\u00e8res ann\u00e9es de succ\u00e8s, vient de voir le jour. Un coffret sp\u00e9cial, qui fait le bonheur de son fils <a href=\"https:\/\/www.public.fr\/tag\/thomas-dutronc\" rel=\"nofollow noopener\" target=\"_blank\">Thomas Dutronc<\/a>.<\/p>\n<p>En effet, ce dernier vient d\u2019accorder un entretien au Figaro \u00e0 l\u2019occasion de la sortie de <strong>\u00ab\u00a0Fran\u00e7oise Hardy Blues : Int\u00e9grale Vogue 1962-1967\u00a0\u00bb.<\/strong> Lors de son entrevue, le fils de Jacques Dutronc et <a href=\"https:\/\/vsd.fr\/63985-mort-de-francoise-hardy-ces-films-dans-lesquels-elle-sest-illustree-en-tant-quactrice\/\" rel=\"nofollow noopener\" target=\"_blank\">Fran\u00e7ois Hardy <\/a>a d\u2019abord souhait\u00e9 \u00e9voquer le travail d\u2019Etienne Daho dans ce projet.\u00a0<\/p>\n<p>L\u2019interpr\u00e8te de <strong>\u00ab\u00a0Comme un boomerang\u00a0\u00bb<\/strong> a en effet supervis\u00e9 la remasterisation de 217 morceaux, dont 31 rares ou in\u00e9dits comme le souligne Purecharts. Et visiblement, collaborer avec Etienne Daho pour ce projet a enchant\u00e9 Thomas Dutronc.\u00a0<\/p>\n<p>Un coffret retra\u00e7ant les premiers succ\u00e8s de Fran\u00e7oise Hardy<\/p>\n<p>\u00ab\u00a0Travailler avec \u00c9tienne a \u00e9t\u00e9 assez id\u00e9al parce que nous avons pris toutes les d\u00e9cisions ensemble. \u00c7a lui pla\u00eet beaucoup de rendre hommage \u00e0 cette artiste qu&rsquo;il aime tendrement et consid\u00e8re comme la plus grande. Il en est vraiment raide dingue\u00a0\u00bb, se r\u00e9jouit l\u2019artiste de 52 ans.\u00a0<\/p>\n<p>Offrir ce coffret aux fans de sa m\u00e8re est une grande r\u00e9ussite pour Thomas Dutronc. D\u2019autant plus qu\u2019il n\u2019avait jamais r\u00e9ellement \u00e9cout\u00e9 les premiers morceaux de sa maman. \u00ab\u00a0Ma m\u00e8re nous interdisait d&rsquo;\u00e9couter \u00e0 la maison les disques de sa premi\u00e8re p\u00e9riode. J&rsquo;ai toujours \u00e9t\u00e9 inquiet d&rsquo;y trouver des trucs pas terribles. Alors que c&rsquo;est fabuleux ! Un peu kitsch sur les bords, mais il y a plein de titres bourr\u00e9s d&rsquo;\u00e9motion, qui sont assez fantastiques\u00a0\u00bb, s\u2019enthousiasme-t-il.\u00a0<\/p>\n<p>Avant de poursuivre : \u00ab\u00a0Elle \u00e9tait vraiment trop dure avec elle-m\u00eame. Cet engouement m&rsquo;a cueilli. Je ne pensais pas que ce serait aussi international. Je m&rsquo;attendais \u00e0 quelque chose en France et j&rsquo;ai \u00e9t\u00e9 \u00e9mu par les gens qui se sont d\u00e9plac\u00e9s pour ses obs\u00e8ques au P\u00e8re-Lachaise. (&#8230;) Les gens, quand ils aiment une chanson, ils aiment l&rsquo;artiste et ne font pas la diff\u00e9rence entre l&rsquo;\u0153uvre et la personne, ils donnent tout leur coeur. Ils ne pouvaient pas le savoir, mais ma m\u00e8re se donnait tellement de peine pour faire de son mieux. Elle a travaill\u00e9 comme un moine dans sa cellule\u00a0\u00bb.<\/p>\n<p>Thomas Dutronc peste contre les rappeurs qui ne connaissent pas sa m\u00e8re<\/p>\n<p>N\u00e9anmoins, si l\u2019engouement autour des obs\u00e8ques de sa m\u00e8re l\u2019a profond\u00e9ment \u00e9mu, Thomas Dutronc regrette que certains artistes d\u2019aujourd\u2019hui ne connaissent pas Fran\u00e7ois Hardy.\u00a0<\/p>\n<p>\u00ab\u00a0Je me suis rendu r\u00e9cemment \u00e0 une remise de prix de la Sacem. Dans les coulisses, j&rsquo;\u00e9tais avec des rappeurs, sympathiques au demeurant, mais qui <strong>ne savaient pas du tout qui \u00e9taient mes parents<\/strong>. \u00c7a ne m&rsquo;a pas surpris tant que \u00e7a\u00a0\u00bb, avoue-t-il au Figaro.<\/p>\n<p>Avant de d\u00e9plorer : \u00ab\u00a0Les mecs ne connaissaient ni \u00ab\u00a0Tous les gar\u00e7ons et les filles\u00a0\u00bb, ni \u00ab\u00a0Mon amie la rose\u00a0\u00bb. Il <strong>y&rsquo;a des gens qui ont du p\u00e2t\u00e9 dans les oreilles<\/strong>\u00ab\u00a0. Peut-\u00eatre que la sortie du coffret retra\u00e7ant les premiers succ\u00e8s de sa m\u00e8re vont permettre de changer la situation.\u00a0<\/p>\n<p>      Mentionn\u00e9s dans cet article<\/p>\n<p>\u00c0 lire aussi<\/p>\n","protected":false},"excerpt":{"rendered":"Une figure embl\u00e9matique de la chanson fran\u00e7aise nous quittait le 11 juin 2024. \u00c0 cette date, Fran\u00e7oise Hardy&hellip;\n","protected":false},"author":2,"featured_media":185676,"comment_status":"","ping_status":"","sticky":false,"template":"","format":"standard","meta":{"footnotes":""},"categories":[1355],"tags":[58,59,1011,27,7549,7545,1361,873,3110],"class_list":{"0":"post-185675","1":"post","2":"type-post","3":"status-publish","4":"format-standard","5":"has-post-thumbnail","7":"category-musique","8":"tag-divertissement","9":"tag-entertainment","10":"tag-fr","11":"tag-france","12":"tag-francoise-hardy","13":"tag-jacques-dutronc","14":"tag-music","15":"tag-musique","16":"tag-thomas-dutronc"},"share_on_mastodon":{"url":"https:\/\/pubeurope.com\/@fr\/114704005664090721","error":""},"_links":{"self":[{"href":"https:\/\/www.europesays.com\/fr\/wp-json\/wp\/v2\/posts\/185675","targetHints":{"allow":["GET"]}}],"collection":[{"href":"https:\/\/www.europesays.com\/fr\/wp-json\/wp\/v2\/posts"}],"about":[{"href":"https:\/\/www.europesays.com\/fr\/wp-json\/wp\/v2\/types\/post"}],"author":[{"embeddable":true,"href":"https:\/\/www.europesays.com\/fr\/wp-json\/wp\/v2\/users\/2"}],"replies":[{"embeddable":true,"href":"https:\/\/www.europesays.com\/fr\/wp-json\/wp\/v2\/comments?post=185675"}],"version-history":[{"count":0,"href":"https:\/\/www.europesays.com\/fr\/wp-json\/wp\/v2\/posts\/185675\/revisions"}],"wp:featuredmedia":[{"embeddable":true,"href":"https:\/\/www.europesays.com\/fr\/wp-json\/wp\/v2\/media\/185676"}],"wp:attachment":[{"href":"https:\/\/www.europesays.com\/fr\/wp-json\/wp\/v2\/media?parent=185675"}],"wp:term":[{"taxonomy":"category","embeddable":true,"href":"https:\/\/www.europesays.com\/fr\/wp-json\/wp\/v2\/categories?post=185675"},{"taxonomy":"post_tag","embeddable":true,"href":"https:\/\/www.europesays.com\/fr\/wp-json\/wp\/v2\/tags?post=185675"}],"curies":[{"name":"wp","href":"https:\/\/api.w.org\/{rel}","templated":true}]}}