{"id":185677,"date":"2025-06-18T10:56:20","date_gmt":"2025-06-18T10:56:20","guid":{"rendered":"https:\/\/www.europesays.com\/fr\/185677\/"},"modified":"2025-06-18T10:56:20","modified_gmt":"2025-06-18T10:56:20","slug":"ruridragon-la-bande-annonce-17-juin-2025","status":"publish","type":"post","link":"https:\/\/www.europesays.com\/fr\/185677\/","title":{"rendered":"Ruridragon: la bande-annonce, 17 Juin 2025"},"content":{"rendered":"<p>Apr\u00e8s avoir d\u00e9voil\u00e9 une all\u00e9chante <a href=\"https:\/\/www.manga-news.com\/index.php\/actus\/2025\/04\/02\/Une-edition-collector-pour-le-tome-1-de-Ruridragon\" target=\"_blank\" rel=\"noopener\">\u00e9dition collector du tome 1<\/a> ainsi que <a href=\"https:\/\/www.manga-news.com\/index.php\/actus\/2025\/06\/03\/Ruridragon:-le-mois-de-juin-place-sous-le-signe-du-nouveau-manga-phenomene-de-Glenat\" target=\"_blank\" rel=\"noopener\">plusieurs \u00e9v\u00e9nements autour de la s\u00e9rie<\/a> en ce mois de juin, les \u00e9ditions <strong>Gl\u00e9nat <\/strong>continuent d&rsquo;entretenir l&rsquo;attente autour de leur nouveaut\u00e9 phare de l&rsquo;\u00e9t\u00e9, <strong><a href=\"https:\/\/www.manga-news.com\/index.php\/serie\/Ruridragon\" target=\"_blank\" rel=\"noopener\">Ruridrago<\/a><\/strong>, dont le premier volume est pr\u00e9vu en librairies le <strong>2 juillet<\/strong>: ainsi, c&rsquo;est d\u00e9sormais une bande-annonce de la s\u00e9rie que l&rsquo;on peut d\u00e9couvrir et qui est visible ci-dessous !<\/p>\n<p style=\"text-align: justify;\">Pour rappel, ce manga est la toute premi\u00e8re s\u00e9rie de la carri\u00e8re de\u00a0<strong><a href=\"https:\/\/www.manga-news.com\/index.php\/auteur\/SHINDO-Masaoki\" target=\"_blank\" rel=\"noopener\">Masaoki Shind\u00f4<\/a><\/strong>, un mangaka qui avait auparavant d\u00e9j\u00e0 con\u00e7u quelques histoires courtes pour l&rsquo;\u00e9curie Jump depuis ses d\u00e9buts en 2016.<\/p>\n<p style=\"text-align: justify;\">Le d\u00e9marrage de l&rsquo;oeuvre <a href=\"https:\/\/www.manga-news.com\/index.php\/serie-vo\/Ruri-Dragon-vo\" target=\"_blank\" rel=\"noopener\">au Japon<\/a> n&rsquo;a pas \u00e9t\u00e9 de tout repos: lanc\u00e9e dans le magazine <a href=\"https:\/\/www.manga-news.com\/index.php\/magazine\/Shonen-Jump\" target=\"_blank\" rel=\"noopener\">Sh\u00f4nen Jump<\/a> en juin 2022, elle dut \u00eatre mise en pause d\u00e8s le mois suivant \u00e0 cause des probl\u00e8mes de sant\u00e9 du mangaka, avant de reprendre en f\u00e9vrier 2024, puis de passer en avril 2024 sur la version la version num\u00e9rique du magazine et sur le site <a href=\"https:\/\/www.manga-news.com\/index.php\/magazine\/Shonen-Jump-plus\" target=\"_blank\" rel=\"noopener\">Sh\u00f4nen Jump+<\/a>. N\u00e9anmoins, le bon accueil de la s\u00e9rie ne s&rsquo;est pas d\u00e9menti, puisque chacun de ses premiers volumes se sont class\u00e9s parmi les meilleures ventes du top hebdomadaire Oricon.<\/p>\n<p style=\"text-align: justify;\">Au sein de cette tranche de vie, on suit les p\u00e9rip\u00e9ties d&rsquo;une jeune adolescente qui apprend que son p\u00e8re \u00e9tait un dragon, avec tout ce que \u00e7a pourra impliquer pour elle lors de son retour au coll\u00e8ge&#8230; notamment des cornes qui lui poussent sur la t\u00eate !<\/p>\n<p style=\"text-align: center;\"><img decoding=\"async\" src=\"https:\/\/www.europesays.com\/fr\/wp-content\/uploads\/2025\/06\/ruridragon-1-glenat.webp.webp\" alt=\"\" style=\"width: 100%; max-width: 460px; height: auto; max-height: 702px;\"\/><\/p>\n<p style=\"text-align: justify;\">Synopsis :<\/p>\n<p style=\"text-align: justify;\">Ruri Aoki, lyc\u00e9enne, se r\u00e9veille un matin avec des cornes sur la t\u00eate ! D\u2019apr\u00e8s sa m\u00e8re, elle tient probablement \u00e7a de son p\u00e8re qui est en r\u00e9alit\u00e9\u2026 un dragon ?! Malgr\u00e9 cette situation inattendue, Ruri se rend au lyc\u00e9e\u2026 Bien \u00e9videmment, l\u2019apparition de ces cornes attire l\u2019attention de ses camarades, mais ce n\u2019est pas tout : Ruri se d\u00e9couvre d\u2019autres attributs de dragon ! Le quotidien de Ruri s\u2019appr\u00eate \u00e0 conna\u00eetre bien des bouleversements !<\/p>\n<p style=\"text-align: justify;\">La bande-annonce :<\/p>\n<p style=\"text-align: justify;\">\u00a0<\/p>\n","protected":false},"excerpt":{"rendered":"Apr\u00e8s avoir d\u00e9voil\u00e9 une all\u00e9chante \u00e9dition collector du tome 1 ainsi que plusieurs \u00e9v\u00e9nements autour de la s\u00e9rie&hellip;\n","protected":false},"author":2,"featured_media":185678,"comment_status":"","ping_status":"","sticky":false,"template":"","format":"standard","meta":{"footnotes":""},"categories":[1354],"tags":[1111,47,58,59,1346,1011,27,1922,6681,6683,2567,6682,1360,1404,32378],"class_list":{"0":"post-185677","1":"post","2":"type-post","3":"status-publish","4":"format-standard","5":"has-post-thumbnail","7":"category-films","8":"tag-actu","9":"tag-actualite","10":"tag-divertissement","11":"tag-entertainment","12":"tag-films","13":"tag-fr","14":"tag-france","15":"tag-info","16":"tag-manga","17":"tag-manga-news","18":"tag-manga-news-com","19":"tag-mangas","20":"tag-movies","21":"tag-quotidien","22":"tag-ruridragon-la-bande-annonce"},"share_on_mastodon":{"url":"https:\/\/pubeurope.com\/@fr\/114704009396908830","error":""},"_links":{"self":[{"href":"https:\/\/www.europesays.com\/fr\/wp-json\/wp\/v2\/posts\/185677","targetHints":{"allow":["GET"]}}],"collection":[{"href":"https:\/\/www.europesays.com\/fr\/wp-json\/wp\/v2\/posts"}],"about":[{"href":"https:\/\/www.europesays.com\/fr\/wp-json\/wp\/v2\/types\/post"}],"author":[{"embeddable":true,"href":"https:\/\/www.europesays.com\/fr\/wp-json\/wp\/v2\/users\/2"}],"replies":[{"embeddable":true,"href":"https:\/\/www.europesays.com\/fr\/wp-json\/wp\/v2\/comments?post=185677"}],"version-history":[{"count":0,"href":"https:\/\/www.europesays.com\/fr\/wp-json\/wp\/v2\/posts\/185677\/revisions"}],"wp:featuredmedia":[{"embeddable":true,"href":"https:\/\/www.europesays.com\/fr\/wp-json\/wp\/v2\/media\/185678"}],"wp:attachment":[{"href":"https:\/\/www.europesays.com\/fr\/wp-json\/wp\/v2\/media?parent=185677"}],"wp:term":[{"taxonomy":"category","embeddable":true,"href":"https:\/\/www.europesays.com\/fr\/wp-json\/wp\/v2\/categories?post=185677"},{"taxonomy":"post_tag","embeddable":true,"href":"https:\/\/www.europesays.com\/fr\/wp-json\/wp\/v2\/tags?post=185677"}],"curies":[{"name":"wp","href":"https:\/\/api.w.org\/{rel}","templated":true}]}}