{"id":185687,"date":"2025-06-18T11:01:09","date_gmt":"2025-06-18T11:01:09","guid":{"rendered":"https:\/\/www.europesays.com\/fr\/185687\/"},"modified":"2025-06-18T11:01:09","modified_gmt":"2025-06-18T11:01:09","slug":"la-detresse-des-proprietaires-de-citroen-c3-et-ds3-equipees-dairbags-takata","status":"publish","type":"post","link":"https:\/\/www.europesays.com\/fr\/185687\/","title":{"rendered":"la d\u00e9tresse des propri\u00e9taires de Citro\u00ebn C3 et DS3 \u00e9quip\u00e9es d\u2019airbags Takata"},"content":{"rendered":"<p>Le ministre des Transports a demand\u00e9 mardi l\u2019immobilisation de toutes les Citro\u00ebn C3 et DS3 \u00e9quip\u00e9es d\u2019airbags Takata en France. Mais de nombreux conducteurs se disent perdus face \u00e0 des consignes jug\u00e9es floues.<\/p>\n<p class=\"fig-paragraph\">Certains ont conduit leur voiture pendant des ann\u00e9es, sans savoir qu\u2019elle \u00e9tait \u00e9quip\u00e9e d\u2019airbags potentiellement dangereux de la marque Takata. Apr\u00e8s qu\u2019une m\u00e8re de famille \u00e2g\u00e9e de 37 ans est d\u00e9c\u00e9d\u00e9e le 11 juin dernier \u00e0 la suite du d\u00e9clenchement de ce qui est cens\u00e9 \u00eatre un \u00abdispositif de s\u00e9curit\u00e9\u00bb, le ministre des Transports Philippe Tabarot a\u00a0<a href=\"http:\/\/www.lefigaro.fr\/societes\/airbags-takata-le-gouvernement-ordonne-l-immobilisation-de-toutes-les-citroen-c3-faisant-l-objet-d-un-rappel-20250617\" data-fig-type=\"NewsFlash\" data-gtm-custom-categorie=\"navigation\" data-gtm-custom-action=\"crossclick\" data-gtm-custom-label=\"Contextuel\" data-gtm-event=\"customEventSPE\" data-fig-domain=\"LEFIGARO\" rel=\"nofollow noopener\" target=\"_blank\">ordonn\u00e9 mardi 17 juin l\u2019immobilisation de toutes les Citro\u00ebn C3 et DS3<\/a>\u00a0n\u00e9cessitant un changement d\u2019airbags. Quelques heures plus tard, Citro\u00ebn a demand\u00e9 l\u2019immobilisation imm\u00e9diate de ces voitures encore \u00e9quip\u00e9es de ces airbags dans toute l\u2019Europe, quelle que soit leur ann\u00e9e de production.<\/p>\n<p class=\"fig-paragraph\">Aujourd\u2019hui, les propri\u00e9taires de ces voitures semblent d\u00e9munis, essaient de trouver des informations sur des forums de discussions et sur les r\u00e9seaux sociaux, lan\u00e7ant \u00e9galement des proc\u00e9dures collectives pour \u00eatre d\u00e9dommag\u00e9s. Probl\u00e8me, les informations ne sont pas vraiment claires. Philippe Tabarot lui-m\u00eame a estim\u00e9 mardi qu\u2019\u00aben l\u2019\u00e9tat, l\u2019attitude de l\u2019entreprise\u2026<\/p>\n<p class=\"fig-premium-paywall__infos\">\n        Cet article est r\u00e9serv\u00e9 aux abonn\u00e9s.        Il vous reste 80% \u00e0 d\u00e9couvrir.\n    <\/p>\n<p>                <img  data- alt=\"Le Figaro\" class=\"fig-img--complete fig-img\"\/><\/p>\n<p class=\"fig-premium-paywall__title\">Vente Flash<\/p>\n<p class=\"fig-premium-paywall__subtitle\">3,99\u20ac par mois pendant 12 mois. Sans engagement.<\/p>\n<p class=\"fig-premium-paywall__connect\">\n                D\u00e9j\u00e0 abonn\u00e9\u00a0?                <a class=\"fig-premium-paywall__connect-link\" href=\"https:\/\/connect.lefigaro.fr\/login?client=horizon_web&amp;type=main&amp;redirect_uri=https%3A%2F%2Fwww.lefigaro.fr%2Fconso%2Fje-joue-a-la-roulette-russe-au-volant-de-ma-voiture-les-proprietaires-de-citroen-demunis-face-a-une-inedite-campagne-d-immobilisation-20250618\" data-js-gtm=\"{&quot;customCategorie&quot;: &quot;conversion&quot;, &quot;customAction&quot;: &quot;before_Landing_Connexion_paywall_auto&quot;, &quot;customLabel&quot;: &quot;bGVmaWdhcm8uZnJfXzFmMDRiOGI2LTc3OWEtNjhiYy1hMDhmLTFmNjUzM2VlODNmY19fTmV3c0ZsYXNo_\u00abJe joue \u00e0 la roulette russe au volant de ma voiture\u00bb\u00a0: la d\u00e9tresse des propri\u00e9taires de Citro\u00ebn C3 et DS3 \u00e9quip\u00e9es d\u2019airbags Takata_363&quot;, &quot;customIDSPE&quot;: &quot;bGVmaWdhcm8uZnJfXzFmMDRiOGI2LTc3OWEtNjhiYy1hMDhmLTFmNjUzM2VlODNmY19fTmV3c0ZsYXNo&quot;, &quot;event&quot;: &quot;customEventSPE&quot;}\" rel=\"nofollow noopener\" target=\"_blank\"><br \/>\n                    Connectez-vous<br \/>\n                <\/a>\n            <\/p>\n","protected":false},"excerpt":{"rendered":"Le ministre des Transports a demand\u00e9 mardi l\u2019immobilisation de toutes les Citro\u00ebn C3 et DS3 \u00e9quip\u00e9es d\u2019airbags Takata&hellip;\n","protected":false},"author":2,"featured_media":185688,"comment_status":"","ping_status":"","sticky":false,"template":"","format":"standard","meta":{"footnotes":""},"categories":[6],"tags":[1117,35,7527,130,7064,33,34,638,1011,27,1116,342,6025,639,2551,1118,137,800],"class_list":{"0":"post-185687","1":"post","2":"type-post","3":"status-publish","4":"format-standard","5":"has-post-thumbnail","7":"category-economie","8":"tag-assurance","9":"tag-business","10":"tag-citroen","11":"tag-consommation","12":"tag-consommer","13":"tag-economie","14":"tag-economy","15":"tag-figaro","16":"tag-fr","17":"tag-france","18":"tag-immobilier","19":"tag-impots","20":"tag-industrie-automobile","21":"tag-le-figaro","22":"tag-patrimoine","23":"tag-placement","24":"tag-retraite","25":"tag-transports"},"share_on_mastodon":{"url":"https:\/\/pubeurope.com\/@fr\/114704029053500594","error":""},"_links":{"self":[{"href":"https:\/\/www.europesays.com\/fr\/wp-json\/wp\/v2\/posts\/185687","targetHints":{"allow":["GET"]}}],"collection":[{"href":"https:\/\/www.europesays.com\/fr\/wp-json\/wp\/v2\/posts"}],"about":[{"href":"https:\/\/www.europesays.com\/fr\/wp-json\/wp\/v2\/types\/post"}],"author":[{"embeddable":true,"href":"https:\/\/www.europesays.com\/fr\/wp-json\/wp\/v2\/users\/2"}],"replies":[{"embeddable":true,"href":"https:\/\/www.europesays.com\/fr\/wp-json\/wp\/v2\/comments?post=185687"}],"version-history":[{"count":0,"href":"https:\/\/www.europesays.com\/fr\/wp-json\/wp\/v2\/posts\/185687\/revisions"}],"wp:featuredmedia":[{"embeddable":true,"href":"https:\/\/www.europesays.com\/fr\/wp-json\/wp\/v2\/media\/185688"}],"wp:attachment":[{"href":"https:\/\/www.europesays.com\/fr\/wp-json\/wp\/v2\/media?parent=185687"}],"wp:term":[{"taxonomy":"category","embeddable":true,"href":"https:\/\/www.europesays.com\/fr\/wp-json\/wp\/v2\/categories?post=185687"},{"taxonomy":"post_tag","embeddable":true,"href":"https:\/\/www.europesays.com\/fr\/wp-json\/wp\/v2\/tags?post=185687"}],"curies":[{"name":"wp","href":"https:\/\/api.w.org\/{rel}","templated":true}]}}