{"id":185691,"date":"2025-06-18T11:03:10","date_gmt":"2025-06-18T11:03:10","guid":{"rendered":"https:\/\/www.europesays.com\/fr\/185691\/"},"modified":"2025-06-18T11:03:10","modified_gmt":"2025-06-18T11:03:10","slug":"une-fresque-islamiste-realisee-a-venissieux-avec-de-largent-public-et-la-validation-de-grandlyon-habitat","status":"publish","type":"post","link":"https:\/\/www.europesays.com\/fr\/185691\/","title":{"rendered":"Une fresque islamiste r\u00e9alis\u00e9e \u00e0 V\u00e9nissieux avec de l&rsquo;argent public et la validation de GrandLyon Habitat ?"},"content":{"rendered":"<p>Au sein de l&rsquo;un des quartiers les plus pauvres de l&rsquo;agglom\u00e9ration, les parties communes des tours sont rarement en bon \u00e9tat.<\/p>\n<p>La tour 61 du boulevard L\u00e9nine ne fait pas exception. Sa porte d&rsquo;entr\u00e9e d\u00e9magn\u00e9tis\u00e9e permet au tout-venant de rentrer sans peine, et la cage d&rsquo;escalier est jonch\u00e9e de d\u00e9tritus et sent l&rsquo;urine sur tout le parcours, du rez-de-chauss\u00e9e au 15e \u00e9tage.<\/p>\n<p>Pourtant, GrandLyon Habitat \u0153uvre pour reconnecter les habitants avec leur propre immeuble. Le projet D&rsquo;ART-naise \u00e9tait n\u00e9.<\/p>\n<p>C&rsquo;est ainsi qu&rsquo;en f\u00e9vrier dernier, la tour 41 de ce m\u00eame boulevard L\u00e9nine avait accueilli en son sein l&rsquo;artiste br\u00e9silien Dagson Silva et l&rsquo;\u00e9quipe d&rsquo;Ahmed Yahiaoui de Kolor1 pour accompagner les riverains dans la r\u00e9alisation de fresques participatives.<\/p>\n<p>Le r\u00e9sultat \u00e9tait plut\u00f4t r\u00e9ussi, avec des sc\u00e8nes de la vie quotidienne v\u00e9nissiane inaugur\u00e9es par la maire de V\u00e9nissieux <a href=\"https:\/\/www.lyonmag.com\/profil-personnalite-lyonnaise\/168\/michele-picard\" target=\"_blank\" rel=\"noopener\">Mich\u00e8le Picard<\/a>, le vice-pr\u00e9sident de la M\u00e9tropole de Lyon charg\u00e9 du Logement <a href=\"https:\/\/www.lyonmag.com\/profil-personnalite-lyonnaise\/527\/renaud-payre\" target=\"_blank\" rel=\"noopener\">Renaud Payre<\/a> et le pr\u00e9sident de GrandLyon Habitat, <a href=\"https:\/\/www.lyonmag.com\/profil-personnalite-lyonnaise\/597\/francois-thevenieau\" target=\"_blank\" rel=\"noopener\">Fran\u00e7ois Th\u00e9venieau<\/a>.<\/p>\n<p>Co\u00fbt de l&rsquo;op\u00e9ration annonc\u00e9 \u00e0 80 000 euros, financ\u00e9e notamment par la M\u00e9tropole de Lyon et l&rsquo;Etat, via l&rsquo;Agence nationale de renouvellement urbain (Anru).<\/p>\n<p><strong>Un d\u00e9rapage dans la tour 61 ?<\/strong><\/p>\n<p>Face \u00e0 ce succ\u00e8s populaire, la d\u00e9cision a \u00e9t\u00e9 prise de la renouveler dans les tours voisines. Ainsi, depuis quelques semaines, c&rsquo;est la tour 61, celle o\u00f9 la porte d&rsquo;entr\u00e9e ne ferme pas et o\u00f9 des individus mal l\u00e9ch\u00e9s se soulagent dans la cage d&rsquo;escalier, qui a b\u00e9n\u00e9fici\u00e9 de l&rsquo;intervention de Kolor1.<\/p>\n<p>L\u00e0 encore, \u00e0 chaque \u00e9tage, une sc\u00e8ne de vie : un petit vieux revient \u00e0 son domicile un journal sous le bras, une partie de p\u00e9tanque entre jeunes, un joggeur, une femme qui jardine&#8230;<\/p>\n<p>Mais plus on descend les \u00e9tages, plus on remarque quelque chose : les personnages n&rsquo;ont pas de visage. Dans le rond qui leur sert de t\u00eate, point d&rsquo;yeux, de nez ou de bouche. Au sein de la tour 41 pourtant, Kolor1 et le br\u00e9silien Dagson Silva les avaient r\u00e9alis\u00e9s.<\/p>\n<p>Et puis arrive le 5e \u00e9tage, o\u00f9 une m\u00e8re dit au revoir \u00e0 son fils et \u00e0 sa fille qui partent \u00e0 l&rsquo;\u00e9cole.<\/p>\n<p>La fillette n&rsquo;a pas plus de 12 ans, elle semble voil\u00e9e.<\/p>\n<p>Et son fr\u00e8re, qui fait la m\u00eame taille, semble porter des gants et un collant. D\u00e9duction faite parce que son visage est marron, ses mains noires et ses jambes grises.<\/p>\n<p><img loading=\"lazy\" decoding=\"async\" style=\"display: block; margin-left: auto; margin-right: auto;\" src=\"https:\/\/www.europesays.com\/fr\/wp-content\/uploads\/2025\/06\/boulevard-lenine-1-89780.jpg\" alt=\"\" width=\"600\" height=\"352\"\/><\/p>\n<p>Une fresque que certains s&#8217;empresseraient de qualifier d&rsquo;islamiste, sensation renforc\u00e9e par l&rsquo;absence de visages puisque l&rsquo;islam interdit la repr\u00e9sentation de personnages via le dessin. A noter toutefois que des animaux sont repr\u00e9sent\u00e9s sur d&rsquo;autres dessins, affaiblissant donc la th\u00e8se soulev\u00e9e par certains habitants.<\/p>\n<p>\u00ab\u00a0On avait \u00e9t\u00e9 contact\u00e9s sur cette fresque. Il n&rsquo;y a aucun doute sur le fait que la petite fille repr\u00e9sent\u00e9e porte un voile, nous explique Patrick Mottet, au nom du comit\u00e9 Loi 1905 du Rh\u00f4ne, une association en cours de constitutionnalisation et qui lutte pour faire respecter le principe de la\u00efcit\u00e9 \u00e0 Lyon et ses alentours. Nous sommes un peu d\u00e9munis par rapport \u00e0 cette affaire, car la fresque existe, a \u00e9t\u00e9 valid\u00e9e par un collectif d&rsquo;habitants, mais surtout financ\u00e9e par le pouvoir public et le gestionnaire du b\u00e2timent. C&rsquo;est un probl\u00e8me.\u00a0\u00bb<\/p>\n<p>Contact\u00e9 par notre r\u00e9daction, GrandLyon Habitat n&rsquo;a pas la m\u00eame lecture que ces derniers. \u00ab\u00a0Il a \u00e9t\u00e9 d\u00e9cid\u00e9 de ne personnifier aucun personnage et de n\u2019inclure aucun d\u00e9tail pour pouvoir utiliser la technique des pochoirs. Il n&rsquo;y avait pas de pinceaux de pr\u00e9cision, mais des pochoirs et de la bombe pour aller au plus facile et inclure le maximum de monde dans la participation aux fresques. Cette approche ne permet donc pas de dessiner du fin et du pr\u00e9cis. L&rsquo;utilisation de pochoirs ne permet pas de d\u00e9tails et\/ou parfois de d\u00e9limitations vestimentaires, comme sur tous les autres personnages de cette fresque et des autres\u00a0\u00bb, se d\u00e9fend le bailleur social, qui a valid\u00e9 les visuels en interne.<\/p>\n<p>Pour la tour 61, ce sont 49 622 euros qui auront \u00e9t\u00e9 d\u00e9pens\u00e9s, dont 20 000 euros pris en charge par la M\u00e9tropole.<\/p>\n<p>Une rencontre est attendue dans les prochains jours entre GrandLyon Habitant et le comit\u00e9 Loi 1905 du Rh\u00f4ne. \u00ab\u00a0On souhaite leur pr\u00e9senter les choses avec notre regard. On veut \u00e9galement entendre des explications concr\u00e8tes de la part du pr\u00e9sident de GrandLyon Habitat, Fran\u00e7ois Th\u00e9venieau, et marquer une position en disant qu&rsquo;ils ont fait preuve de l\u00e9g\u00e8ret\u00e9, d&rsquo;autant plus que ce n&rsquo;est pas la premi\u00e8re fois que \u00e7a arrive\u00a0\u00bb, conclut Patrick Mottet. Affaire \u00e0 suivre\u2026<\/p>\n","protected":false},"excerpt":{"rendered":"Au sein de l&rsquo;un des quartiers les plus pauvres de l&rsquo;agglom\u00e9ration, les parties communes des tours sont rarement&hellip;\n","protected":false},"author":2,"featured_media":185692,"comment_status":"","ping_status":"","sticky":false,"template":"","format":"standard","meta":{"footnotes":""},"categories":[4],"tags":[1111,11,2813,2190,1109,251,1112,2811,118,1011,27,1922,1110,1114,2428,2810,12,241,316,25,2812,517,800],"class_list":{"0":"post-185691","1":"post","2":"type-post","3":"status-publish","4":"format-standard","5":"has-post-thumbnail","7":"category-france","8":"tag-actu","9":"tag-actualites","10":"tag-article","11":"tag-asvel","12":"tag-breves","13":"tag-culture","14":"tag-depeches","15":"tag-economique","16":"tag-faits-divers","17":"tag-fr","18":"tag-france","19":"tag-info","20":"tag-informations","21":"tag-infos","22":"tag-lyon","23":"tag-lyonmag","24":"tag-news","25":"tag-ol","26":"tag-politique","27":"tag-republique-francaise","28":"tag-sociale","29":"tag-sport","30":"tag-transports"},"share_on_mastodon":{"url":"https:\/\/pubeurope.com\/@fr\/114704037036512343","error":""},"_links":{"self":[{"href":"https:\/\/www.europesays.com\/fr\/wp-json\/wp\/v2\/posts\/185691","targetHints":{"allow":["GET"]}}],"collection":[{"href":"https:\/\/www.europesays.com\/fr\/wp-json\/wp\/v2\/posts"}],"about":[{"href":"https:\/\/www.europesays.com\/fr\/wp-json\/wp\/v2\/types\/post"}],"author":[{"embeddable":true,"href":"https:\/\/www.europesays.com\/fr\/wp-json\/wp\/v2\/users\/2"}],"replies":[{"embeddable":true,"href":"https:\/\/www.europesays.com\/fr\/wp-json\/wp\/v2\/comments?post=185691"}],"version-history":[{"count":0,"href":"https:\/\/www.europesays.com\/fr\/wp-json\/wp\/v2\/posts\/185691\/revisions"}],"wp:featuredmedia":[{"embeddable":true,"href":"https:\/\/www.europesays.com\/fr\/wp-json\/wp\/v2\/media\/185692"}],"wp:attachment":[{"href":"https:\/\/www.europesays.com\/fr\/wp-json\/wp\/v2\/media?parent=185691"}],"wp:term":[{"taxonomy":"category","embeddable":true,"href":"https:\/\/www.europesays.com\/fr\/wp-json\/wp\/v2\/categories?post=185691"},{"taxonomy":"post_tag","embeddable":true,"href":"https:\/\/www.europesays.com\/fr\/wp-json\/wp\/v2\/tags?post=185691"}],"curies":[{"name":"wp","href":"https:\/\/api.w.org\/{rel}","templated":true}]}}