{"id":185693,"date":"2025-06-18T11:04:10","date_gmt":"2025-06-18T11:04:10","guid":{"rendered":"https:\/\/www.europesays.com\/fr\/185693\/"},"modified":"2025-06-18T11:04:10","modified_gmt":"2025-06-18T11:04:10","slug":"un-enfant-de-3-ans-chute-du-3e-etage-et-atterrit-par-miracle-sur-un-canape","status":"publish","type":"post","link":"https:\/\/www.europesays.com\/fr\/185693\/","title":{"rendered":"Un enfant de 3 ans chute du 3e \u00e9tage et atterrit par miracle sur un canap\u00e9"},"content":{"rendered":"<p>Les parents vont pouvoir chaudement remercier leurs voisins du 1er \u00e9tage, qui ont eu la bonne id\u00e9e d\u2019installer un canap\u00e9 sur leur balcon \u00e0 <a href=\"https:\/\/www.20minutes.fr\/marseille\/\" class=\"color-ultramarine c-link\" target=\"_blank\" rel=\"noopener\">Marseille<\/a>. Car c\u2019est sur celui-ci qu\u2019a miraculeusement atterri leur <a href=\"https:\/\/www.20minutes.fr\/dossier\/enfant\" class=\"color-ultramarine c-link\" target=\"_blank\" rel=\"noopener\">enfant <\/a>\u00e2g\u00e9 de 3 ans apr\u00e8s avoir <a href=\"https:\/\/www.20minutes.fr\/dossier\/chute\" class=\"color-ultramarine c-link\" target=\"_blank\" rel=\"noopener\">chut\u00e9 <\/a>du 3e \u00e9tage, <a href=\"https:\/\/www.bfmtv.com\/marseille\/info-bfm-marseille-provence-un-enfant-de-3-ans-survit-a-une-chute-du-3e-etage-d-un-immeuble_AN-202506160654.html\" rel=\"nofollow noopener\" target=\"_blank\" class=\"color-ultramarine c-link\">rapporte BFMTV<\/a>.<\/p>\n<p>La sc\u00e8ne s\u2019est d\u00e9roul\u00e9e dans le 10e\u00a0arrondissement de la ville. Apparemment, le jeune marseillais serait mont\u00e9 sur un banc de l\u2019appartement familial avant de chuter sur une hauteur de 2e \u00e9tage et d\u2019atterrir, donc, sur un canap\u00e9 install\u00e9 sur un balcon du 1er, pr\u00e9cise la TV d\u2019info en continu.<\/p>\n<\/p>\n<p>Tout de m\u00eame transport\u00e9 aux urgences, le gar\u00e7onnet a \u00e9t\u00e9 auscult\u00e9, et les docteurs ne lui ont pas trouv\u00e9 la moindre blessure.<\/p>\n","protected":false},"excerpt":{"rendered":"Les parents vont pouvoir chaudement remercier leurs voisins du 1er \u00e9tage, qui ont eu la bonne id\u00e9e d\u2019installer&hellip;\n","protected":false},"author":2,"featured_media":185694,"comment_status":"","ping_status":"","sticky":false,"template":"","format":"standard","meta":{"footnotes":""},"categories":[2],"tags":[47,11,885,847,118,7505,1011,27,884,12,883,882],"class_list":{"0":"post-185693","1":"post","2":"type-post","3":"status-publish","4":"format-standard","5":"has-post-thumbnail","7":"category-actualites","8":"tag-actualite","9":"tag-actualites","10":"tag-bouches-du-rhone","11":"tag-enfant","12":"tag-faits-divers","13":"tag-faits-divers-marseille","14":"tag-fr","15":"tag-france","16":"tag-marseille","17":"tag-news","18":"tag-paca","19":"tag-provence-alpes-cote-dazur"},"share_on_mastodon":{"url":"https:\/\/pubeurope.com\/@fr\/114704040853813657","error":""},"_links":{"self":[{"href":"https:\/\/www.europesays.com\/fr\/wp-json\/wp\/v2\/posts\/185693","targetHints":{"allow":["GET"]}}],"collection":[{"href":"https:\/\/www.europesays.com\/fr\/wp-json\/wp\/v2\/posts"}],"about":[{"href":"https:\/\/www.europesays.com\/fr\/wp-json\/wp\/v2\/types\/post"}],"author":[{"embeddable":true,"href":"https:\/\/www.europesays.com\/fr\/wp-json\/wp\/v2\/users\/2"}],"replies":[{"embeddable":true,"href":"https:\/\/www.europesays.com\/fr\/wp-json\/wp\/v2\/comments?post=185693"}],"version-history":[{"count":0,"href":"https:\/\/www.europesays.com\/fr\/wp-json\/wp\/v2\/posts\/185693\/revisions"}],"wp:featuredmedia":[{"embeddable":true,"href":"https:\/\/www.europesays.com\/fr\/wp-json\/wp\/v2\/media\/185694"}],"wp:attachment":[{"href":"https:\/\/www.europesays.com\/fr\/wp-json\/wp\/v2\/media?parent=185693"}],"wp:term":[{"taxonomy":"category","embeddable":true,"href":"https:\/\/www.europesays.com\/fr\/wp-json\/wp\/v2\/categories?post=185693"},{"taxonomy":"post_tag","embeddable":true,"href":"https:\/\/www.europesays.com\/fr\/wp-json\/wp\/v2\/tags?post=185693"}],"curies":[{"name":"wp","href":"https:\/\/api.w.org\/{rel}","templated":true}]}}