{"id":185695,"date":"2025-06-18T11:05:09","date_gmt":"2025-06-18T11:05:09","guid":{"rendered":"https:\/\/www.europesays.com\/fr\/185695\/"},"modified":"2025-06-18T11:05:09","modified_gmt":"2025-06-18T11:05:09","slug":"loire-ces-supermarches-rachetes-par-le-groupe-intermarche-ce-que-lon-sait","status":"publish","type":"post","link":"https:\/\/www.europesays.com\/fr\/185695\/","title":{"rendered":"Loire. Ces supermarch\u00e9s rachet\u00e9s par le groupe Intermarch\u00e9 ? Ce que l&rsquo;on sait"},"content":{"rendered":"<p>            Par<br \/>\n        <strong><br \/>\n            <a href=\"https:\/\/actu.fr\/auteur\/mathias-souteyrat\" title=\"Consulter tous les articles de Mathias Souteyrat\" target=\"_blank\" rel=\"noopener\">Mathias Souteyrat<\/a><br \/>\n        <\/strong><\/p>\n<p>        Publi\u00e9 le<\/p>\n<p>            18 juin 2025 \u00e0 11h13        <\/p>\n<p>Les deux <a href=\"https:\/\/actu.fr\/auvergne-rhone-alpes\/saint-etienne_42218\/ce-supermarche-unique-a-saint-etienne-sur-la-sellette-l-enseigne-prend-la-parole_62600101.html\" target=\"_blank\" rel=\"noopener\">supermarch\u00e9s<\/a> lig\u00e9riens appartenant \u00e0 l\u2019enseigne belge <a href=\"https:\/\/actu.fr\/economie\/intermarche-recupere-plus-de-80-supermarches-colruyt-en-france-quel-avenir-pour-les-salaries_62783499.html\" target=\"_blank\" rel=\"noopener\">Colruyt<\/a> vont-ils passer sous pavillon du groupe Les Mousquetaires, maison m\u00e8re des marques <a href=\"https:\/\/actu.fr\/tag\/intermarche\" target=\"_blank\" rel=\"noopener\">Intermarch\u00e9<\/a>\/<a href=\"https:\/\/actu.fr\/tag\/netto\" target=\"_blank\" rel=\"noopener\">Netto<\/a>\u2009?<br \/>La d\u00e9cision \u00e9tait attendue \u00e0 la fin du mois de mai. Elle est tomb\u00e9e le 16\u00a0juin 2025. \u00ab\u2009Apr\u00e8s avoir examin\u00e9 plusieurs options strat\u00e9giques concernant ses activit\u00e9s int\u00e9gr\u00e9es en France, Colruyt Group a re\u00e7u une promesse unilat\u00e9rale d\u2019achat la \u00ab\u2009Promesse d\u2019Achat\u2009\u00bb du Groupement Mousquetaires, qui s\u2019engage \u00e0 acqu\u00e9rir, pour le compte de ses adh\u00e9rents (affili\u00e9s ind\u00e9pendants), 81 magasins du r\u00e9seau int\u00e9gr\u00e9 fran\u00e7ais de Colruyt Group (sur les 104), pour un montant total d\u2019environ 215\u00a0millions d\u2019euros en num\u00e9raire.\u2009\u00bb<\/p>\n<p>La liste des magasins (encore) inconnue<\/p>\n<p class=\" wall-content\">Quid des deux supermarch\u00e9s situ\u00e9s \u00e0 Saint-Etienne et \u00e0 Roanne\u2009?<\/p>\n<p class=\" wall-content\">\u00ab\u2009Malheureusement, nous ne pouvons pas encore entrer en d\u00e9tail sur quels magasins sont exactement impliqu\u00e9s\/inclus\u2009\u00bb, nous pr\u00e9cise l\u2019enseigne belge, contact\u00e9e ce 18\u00a0juin.<\/p>\n<blockquote class=\"ac-article-quote wall-content\">\n<p>La cascade d&rsquo;information vers les collaborateurs est encore en cours. Et nous voulons respecter ce processus des prochains jours.<\/p>\n<p>    <strong>Groupe Colruyt<\/strong>\n            <\/p><\/blockquote>\n<p>\u00ab\u2009Renforcer les positions de ses enseignes Intermarch\u00e9 et Netto en France\u2009\u00bb<\/p>\n<p class=\" wall-content\">Colruyt a re\u00e7u une promesse d\u2019achat du Groupement Mousquetaires, qui s\u2019engage \u00e9galement \u00e0 reprendre 44 stations-service DATS 24.<\/p>\n<p class=\" wall-content\">Dans un communiqu\u00e9 s\u00e9par\u00e9, les Mousquetaires\/Intermarch\u00e9 ont confirm\u00e9 \u00ab\u2009une entr\u00e9e en n\u00e9gociations exclusives\u2009\u00bb pour l\u2019acquisition de 81 supermarch\u00e9s et 44 stations-service situ\u00e9s dans l\u2019est et <strong>le centre-est de la France<\/strong>.<\/p>\n<p class=\" wall-content\">Ce projet d\u2019acquisition s\u2019inscrit dans le plan strat\u00e9gique du groupement qui vise \u00e0 renforcer les positions de ses enseignes Intermarch\u00e9 et Netto en France, avec pour objectif d\u2019atteindre <strong>20\u2009% de parts de march\u00e9 d\u2019ici \u00e0 2028<\/strong>.<\/p>\n<p class=\" wall-content\">Le groupe belge informe que \u00ab\u2009diff\u00e9rentes offres ont \u00e9t\u00e9 re\u00e7ues de la part d\u2019autres acteurs pour environ 15 magasins\u2009\u00bb.<\/p>\n<p>L\u2019op\u00e9ration devrait avoir lieu au premier semestre 2026<\/p>\n<p class=\" wall-content\">Colruyt emploie environ 2\u2009250 collaborateurs (hors 105 int\u00e9rimaires), dont environ 1\u2009600 en magasin, 280 en entrep\u00f4t et 370 au si\u00e8ge.<\/p>\n<blockquote class=\"ac-article-quote wall-content\">\n<p>Les derniers mois ont \u00e9t\u00e9 particuli\u00e8rement \u00e9prouvants pour nos coll\u00e8gues fran\u00e7ais et nous comprenons combien cette annonce peut \u00eatre difficile. Bien que ce soit une annonce difficile, nous pensons qu\u2019il s\u2019agit de la solution la plus responsable : pour les \u00e9quipes, les clients et la continuit\u00e9 des activit\u00e9s. Nous sommes convaincus que les activit\u00e9s concern\u00e9es par l\u2019offre du Groupement Mousquetaires pourraient se d\u00e9velopper durablement gr\u00e2ce au soutien de ce grand distributeur fran\u00e7ais.<\/p>\n<p>    <strong>Stefan Goethaert<\/strong><br \/>\n        CEO de Colruyt Group    <\/p><\/blockquote>\n<p class=\" wall-content\">Les instances repr\u00e9sentatives du personnel de Colruyt Retail France SAS seront inform\u00e9es et consult\u00e9es sur cette op\u00e9ration. La d\u00e9cision d\u2019exercer ou non la Promesse d\u2019Achat sera prise par Colruyt Group \u00e0 l\u2019issue de cette proc\u00e9dure.<\/p>\n<p class=\" wall-content\">L\u2019op\u00e9ration reste soumise aux autorisations r\u00e9glementaires habituelles, notamment de <strong>l\u2019Autorit\u00e9 de la concurrence fran\u00e7aise<\/strong>. La r\u00e9alisation de l\u2019op\u00e9ration envisag\u00e9e devrait avoir lieu au premier semestre 2026.<\/p>\n<p class=\" wall-content\">Suivez toute l\u2019actualit\u00e9 de vos villes et m\u00e9dias favoris en vous inscrivant \u00e0 <a href=\"https:\/\/moncompte.actu.fr\" title=\"D\u00e9couvez Mon Actu\" rel=\"nofollow noopener\" data-trk=\"{&quot;cta&quot;:{&quot;action&quot;:&quot;https:\\\/\\\/moncompte.actu.fr&quot;,&quot;category&quot;:&quot;mon compte&quot;,&quot;from&quot;:&quot;article footer&quot;,&quot;name&quot;:&quot;Mon actu&quot;,&quot;type&quot;:&quot;cta&quot;}}\" target=\"_blank\">Mon Actu<\/a>.<\/p>\n","protected":false},"excerpt":{"rendered":"Par Mathias Souteyrat Publi\u00e9 le 18 juin 2025 \u00e0 11h13 Les deux supermarch\u00e9s lig\u00e9riens appartenant \u00e0 l\u2019enseigne belge&hellip;\n","protected":false},"author":2,"featured_media":185696,"comment_status":"","ping_status":"","sticky":false,"template":"","format":"standard","meta":{"footnotes":""},"categories":[9653],"tags":[1111,11,2430,215,33,1777,674,1011,27,2529,12,25,4001],"class_list":{"0":"post-185695","1":"post","2":"type-post","3":"status-publish","4":"format-standard","5":"has-post-thumbnail","7":"category-saint-etienne","8":"tag-actu","9":"tag-actualites","10":"tag-auvergne-rhone-alpes","11":"tag-commerce","12":"tag-economie","13":"tag-eu","14":"tag-europe","15":"tag-fr","16":"tag-france","17":"tag-intermarche","18":"tag-news","19":"tag-republique-francaise","20":"tag-saint-etienne"},"share_on_mastodon":{"url":"https:\/\/pubeurope.com\/@fr\/114704044991364640","error":""},"_links":{"self":[{"href":"https:\/\/www.europesays.com\/fr\/wp-json\/wp\/v2\/posts\/185695","targetHints":{"allow":["GET"]}}],"collection":[{"href":"https:\/\/www.europesays.com\/fr\/wp-json\/wp\/v2\/posts"}],"about":[{"href":"https:\/\/www.europesays.com\/fr\/wp-json\/wp\/v2\/types\/post"}],"author":[{"embeddable":true,"href":"https:\/\/www.europesays.com\/fr\/wp-json\/wp\/v2\/users\/2"}],"replies":[{"embeddable":true,"href":"https:\/\/www.europesays.com\/fr\/wp-json\/wp\/v2\/comments?post=185695"}],"version-history":[{"count":0,"href":"https:\/\/www.europesays.com\/fr\/wp-json\/wp\/v2\/posts\/185695\/revisions"}],"wp:featuredmedia":[{"embeddable":true,"href":"https:\/\/www.europesays.com\/fr\/wp-json\/wp\/v2\/media\/185696"}],"wp:attachment":[{"href":"https:\/\/www.europesays.com\/fr\/wp-json\/wp\/v2\/media?parent=185695"}],"wp:term":[{"taxonomy":"category","embeddable":true,"href":"https:\/\/www.europesays.com\/fr\/wp-json\/wp\/v2\/categories?post=185695"},{"taxonomy":"post_tag","embeddable":true,"href":"https:\/\/www.europesays.com\/fr\/wp-json\/wp\/v2\/tags?post=185695"}],"curies":[{"name":"wp","href":"https:\/\/api.w.org\/{rel}","templated":true}]}}