{"id":185701,"date":"2025-06-18T11:08:10","date_gmt":"2025-06-18T11:08:10","guid":{"rendered":"https:\/\/www.europesays.com\/fr\/185701\/"},"modified":"2025-06-18T11:08:10","modified_gmt":"2025-06-18T11:08:10","slug":"proligue-engagement-valide-en-proligue-pour-besancon-nancy-recale-par-la-cnacg","status":"publish","type":"post","link":"https:\/\/www.europesays.com\/fr\/185701\/","title":{"rendered":"Proligue. Engagement valid\u00e9 en Proligue pour Besan\u00e7on, Nancy recal\u00e9 par la CNACG"},"content":{"rendered":"<p>Auditionn\u00e9 au mois de mai par la CNACG (Commission Nationale d\u2019Aide et de Contr\u00f4le de Gestion), gendarme financier de la LNH, <a href=\"https:\/\/www.estrepublicain.fr\/sport\/2025\/04\/08\/besancon-seul-club-de-proligue-a-avoir-obtenu-un-label-argent\" target=\"_blank\" rel=\"noopener\">le GBDH<\/a> a vu son engagement en Proligue valid\u00e9. Mieux encore, aucune mesure n\u2019a \u00e9t\u00e9 prise \u00e0 l\u2019encontre du club, pr\u00e9cise-t-on c\u00f4t\u00e9 bisontin. \u00ab\u00a0Le club reste pleinement engag\u00e9 \u00e0 consolider son avenir, \u00e0 assurer sa stabilit\u00e9 financi\u00e8re et \u00e0 poursuivre la construction d\u2019un projet p\u00e9renne, au service de ses supporters, de son territoire et de ses partenaires\u00a0\u00bb.<\/p>\n<p>Cela pourrait sembler une formalit\u00e9 mais tous les clubs n\u2019ont pas pass\u00e9 l\u2019obstacle. A commencer par le <a href=\"https:\/\/www.estrepublicain.fr\/sport\/2025\/06\/17\/le-nancy-handball-exclu-du-championnat-de-proligue\" target=\"_blank\" rel=\"noopener\">Nancy Handball<\/a> qui, pour le moment, n\u2019est pas autoris\u00e9 \u00e0 participer \u00e0 la saison 2025\/26 de Proligue, faute de garanties financi\u00e8res suffisantes. C\u2019est aussi le cas de Dreux-Vernouillet et Saintes, qui avaient obtenu sportivement leur mont\u00e9e, les premiers ayant fait savoir au cours de la saison qu\u2019ils ne souhaitaient pas monter. \u00c0 l\u2019heure actuelle, l\u2019antichambre de la Starligue partirait donc \u00e0 treize \u00e9quipes avec Besan\u00e7on, Caen, Cherbourg, Cournon, Cr\u00e9teil, Frontignan, Ivry, Massy, Pau-Bill\u00e8re, Pontault-Combault, Saran, Sarrebourg et Valence. En attendant les r\u00e9sultats des appels de Nancy et Saintes, ou d\u2019un probable rep\u00eachage d\u2019Angers&#8230;<\/p>\n","protected":false},"excerpt":{"rendered":"Auditionn\u00e9 au mois de mai par la CNACG (Commission Nationale d\u2019Aide et de Contr\u00f4le de Gestion), gendarme financier&hellip;\n","protected":false},"author":2,"featured_media":185702,"comment_status":"","ping_status":"","sticky":false,"template":"","format":"standard","meta":{"footnotes":""},"categories":[9635],"tags":[1111,11,10112,14382,14383,1777,674,1011,27,32379,775,1792,1702,12,25,517,14185],"class_list":{"0":"post-185701","1":"post","2":"type-post","3":"status-publish","4":"format-standard","5":"has-post-thumbnail","7":"category-nancy","8":"tag-actu","9":"tag-actualites","10":"tag-besancon","11":"tag-besancon-ville-25a","12":"tag-edition-besancon","13":"tag-eu","14":"tag-europe","15":"tag-fr","16":"tag-france","17":"tag-gbdh","18":"tag-grand-est","19":"tag-handball","20":"tag-nancy","21":"tag-news","22":"tag-republique-francaise","23":"tag-sport","24":"tag-sport-franc-comtois"},"share_on_mastodon":{"url":"https:\/\/pubeurope.com\/@fr\/114704056519583690","error":""},"_links":{"self":[{"href":"https:\/\/www.europesays.com\/fr\/wp-json\/wp\/v2\/posts\/185701","targetHints":{"allow":["GET"]}}],"collection":[{"href":"https:\/\/www.europesays.com\/fr\/wp-json\/wp\/v2\/posts"}],"about":[{"href":"https:\/\/www.europesays.com\/fr\/wp-json\/wp\/v2\/types\/post"}],"author":[{"embeddable":true,"href":"https:\/\/www.europesays.com\/fr\/wp-json\/wp\/v2\/users\/2"}],"replies":[{"embeddable":true,"href":"https:\/\/www.europesays.com\/fr\/wp-json\/wp\/v2\/comments?post=185701"}],"version-history":[{"count":0,"href":"https:\/\/www.europesays.com\/fr\/wp-json\/wp\/v2\/posts\/185701\/revisions"}],"wp:featuredmedia":[{"embeddable":true,"href":"https:\/\/www.europesays.com\/fr\/wp-json\/wp\/v2\/media\/185702"}],"wp:attachment":[{"href":"https:\/\/www.europesays.com\/fr\/wp-json\/wp\/v2\/media?parent=185701"}],"wp:term":[{"taxonomy":"category","embeddable":true,"href":"https:\/\/www.europesays.com\/fr\/wp-json\/wp\/v2\/categories?post=185701"},{"taxonomy":"post_tag","embeddable":true,"href":"https:\/\/www.europesays.com\/fr\/wp-json\/wp\/v2\/tags?post=185701"}],"curies":[{"name":"wp","href":"https:\/\/api.w.org\/{rel}","templated":true}]}}