{"id":185715,"date":"2025-06-18T11:16:08","date_gmt":"2025-06-18T11:16:08","guid":{"rendered":"https:\/\/www.europesays.com\/fr\/185715\/"},"modified":"2025-06-18T11:16:08","modified_gmt":"2025-06-18T11:16:08","slug":"dimportants-moyens-deployes-pour-le-retrouver","status":"publish","type":"post","link":"https:\/\/www.europesays.com\/fr\/185715\/","title":{"rendered":"d&rsquo;importants moyens d\u00e9ploy\u00e9s pour le retrouver"},"content":{"rendered":"<p>            Par<br \/>\n        <strong><br \/>\n            <a href=\"https:\/\/actu.fr\/auteur\/lisa-rodrigues\" title=\"Consulter tous les articles de Lisa Rodrigues\" target=\"_blank\" rel=\"noopener\">Lisa Rodrigues<\/a><br \/>\n        <\/strong><\/p>\n<p>        Publi\u00e9 le<\/p>\n<p>            18 juin 2025 \u00e0 11h46        <\/p>\n<p>Il aurait profit\u00e9 d\u2019une sortie organis\u00e9e par le centre p\u00e9nitencier pour s\u2019enfuir. D\u2019apr\u00e8s une information r\u00e9v\u00e9l\u00e9e par <a href=\"https:\/\/c.ledauphine.com\/faits-divers-justice\/2025\/06\/18\/un-detenu-s-evade-de-la-prison-de-varces-grenoble\" target=\"_blank\" rel=\"noopener\">Le Dauphin\u00e9 Lib\u00e9r\u00e9<\/a>, un homme \u00e2g\u00e9 de 28 ans s\u2019est <strong>\u00e9chapp\u00e9 de la prison de Grenoble Varces<\/strong>, o\u00f9 il \u00e9tait incarc\u00e9r\u00e9, mercredi 18 juin au matin.<\/p>\n<p>    <a href=\"https:\/\/www.google.com\/maps\/embed?pb=!1m18!1m12!1m3!1d2816.32497018058!2d5.683590176788237!3d45.099480071070374!2m3!1f0!2f0!3f0!3m2!1i1024!2i768!4f13.1!3m3!1m2!1s0x478a8c1b5809c851%3A0x742dc5c389208638!2sMaison%20d%27arr%C3%AAt%20de%20Grenoble-Varces!5e0!3m2!1sfr!2sfr!4v1750237845770!5m2!1sfr!2sfr\" title=\"Ouvrie le lien\" target=\"_blank\" rel=\"noopener\">Cliquez ici pour visualiser le contenu<\/a><\/p>\n<p class=\" wall-content\">Une fois sorti, l\u2019individu serait <strong>mont\u00e9 dans une voiture<\/strong> stationn\u00e9e \u00e0 proximit\u00e9 du centre p\u00e9nitencier, avec \u00e0 son bord deux autres hommes, selon le journal local.<\/p>\n<p>Barrages routiers<\/p>\n<p class=\" wall-content\">Une enqu\u00eate a \u00e9t\u00e9 ouverte par la gendarmerie.<\/p>\n<p class=\" wall-content\">Plusieurs <strong>barrages routiers<\/strong> ont \u00e9t\u00e9 mis en place sur les grands axes de l\u2019agglom\u00e9ration de <a href=\"https:\/\/actu.fr\/auvergne-rhone-alpes\/grenoble_38185\" target=\"_blank\" rel=\"noopener\">Grenoble<\/a>, ainsi que sur une partie des routes du d\u00e9partement pour le retrouver.<\/p>\n<p>Vid\u00e9os : en ce moment sur Actu<\/p>\n<p class=\" wall-content\">Plus d\u2019informations \u00e0 suivre\u2026<\/p>\n<p class=\" wall-content\">Suivez toute l\u2019actualit\u00e9 de vos villes et m\u00e9dias favoris en vous inscrivant \u00e0 <a href=\"https:\/\/moncompte.actu.fr\" title=\"D\u00e9couvez Mon Actu\" rel=\"nofollow noopener\" data-trk=\"{&quot;cta&quot;:{&quot;action&quot;:&quot;https:\\\/\\\/moncompte.actu.fr&quot;,&quot;category&quot;:&quot;mon compte&quot;,&quot;from&quot;:&quot;article footer&quot;,&quot;name&quot;:&quot;Mon actu&quot;,&quot;type&quot;:&quot;cta&quot;}}\" target=\"_blank\">Mon Actu<\/a>.<\/p>\n","protected":false},"excerpt":{"rendered":"Par Lisa Rodrigues Publi\u00e9 le 18 juin 2025 \u00e0 11h46 Il aurait profit\u00e9 d\u2019une sortie organis\u00e9e par le&hellip;\n","protected":false},"author":2,"featured_media":155802,"comment_status":"","ping_status":"","sticky":false,"template":"","format":"standard","meta":{"footnotes":""},"categories":[9566],"tags":[1111,11,2430,1777,674,118,1011,27,3381,2731,12,899,25],"class_list":{"0":"post-185715","1":"post","2":"type-post","3":"status-publish","4":"format-standard","5":"has-post-thumbnail","7":"category-grenoble","8":"tag-actu","9":"tag-actualites","10":"tag-auvergne-rhone-alpes","11":"tag-eu","12":"tag-europe","13":"tag-faits-divers","14":"tag-fr","15":"tag-france","16":"tag-gendarmerie","17":"tag-grenoble","18":"tag-news","19":"tag-prisons","20":"tag-republique-francaise"},"share_on_mastodon":{"url":"https:\/\/pubeurope.com\/@fr\/114704088015080742","error":""},"_links":{"self":[{"href":"https:\/\/www.europesays.com\/fr\/wp-json\/wp\/v2\/posts\/185715","targetHints":{"allow":["GET"]}}],"collection":[{"href":"https:\/\/www.europesays.com\/fr\/wp-json\/wp\/v2\/posts"}],"about":[{"href":"https:\/\/www.europesays.com\/fr\/wp-json\/wp\/v2\/types\/post"}],"author":[{"embeddable":true,"href":"https:\/\/www.europesays.com\/fr\/wp-json\/wp\/v2\/users\/2"}],"replies":[{"embeddable":true,"href":"https:\/\/www.europesays.com\/fr\/wp-json\/wp\/v2\/comments?post=185715"}],"version-history":[{"count":0,"href":"https:\/\/www.europesays.com\/fr\/wp-json\/wp\/v2\/posts\/185715\/revisions"}],"wp:featuredmedia":[{"embeddable":true,"href":"https:\/\/www.europesays.com\/fr\/wp-json\/wp\/v2\/media\/155802"}],"wp:attachment":[{"href":"https:\/\/www.europesays.com\/fr\/wp-json\/wp\/v2\/media?parent=185715"}],"wp:term":[{"taxonomy":"category","embeddable":true,"href":"https:\/\/www.europesays.com\/fr\/wp-json\/wp\/v2\/categories?post=185715"},{"taxonomy":"post_tag","embeddable":true,"href":"https:\/\/www.europesays.com\/fr\/wp-json\/wp\/v2\/tags?post=185715"}],"curies":[{"name":"wp","href":"https:\/\/api.w.org\/{rel}","templated":true}]}}