{"id":185716,"date":"2025-06-18T11:17:18","date_gmt":"2025-06-18T11:17:18","guid":{"rendered":"https:\/\/www.europesays.com\/fr\/185716\/"},"modified":"2025-06-18T11:17:18","modified_gmt":"2025-06-18T11:17:18","slug":"grenoble-pourquoi-lhomme-blanc-se-prend-il-toujours-pour-le-maitre-du-monde-une-piece-de-theatre-fait-scandale","status":"publish","type":"post","link":"https:\/\/www.europesays.com\/fr\/185716\/","title":{"rendered":"Grenoble : \u00ab Pourquoi l&rsquo;homme blanc se prend-il toujours pour le Ma\u00eetre du monde \u00bb, une pi\u00e8ce de th\u00e9\u00e2tre fait scandale"},"content":{"rendered":"<p>\tGrenoble : \u00ab Pourquoi l&rsquo;homme blanc se prend-il toujours pour le Ma\u00eetre du monde \u00bb, une pi\u00e8ce de th\u00e9\u00e2tre fait scandale &#8211; Valeurs actuelles<\/p>\n<p><a href=\"https:\/\/www.valeursactuelles.com\/\" target=\"_blank\" rel=\"noopener\">Accueil<\/a> \u00bb <a href=\"https:\/\/www.valeursactuelles.com\/societe\" target=\"_blank\" rel=\"noopener\">Soci\u00e9t\u00e9<\/a> \u00bb Grenoble : \u00ab Pourquoi l\u2019homme blanc se prend-il toujours pour le Ma\u00eetre du monde \u00bb, une pi\u00e8ce de th\u00e9\u00e2tre fait scandale<\/p>\n","protected":false},"excerpt":{"rendered":"Grenoble : \u00ab Pourquoi l&rsquo;homme blanc se prend-il toujours pour le Ma\u00eetre du monde \u00bb, une pi\u00e8ce de&hellip;\n","protected":false},"author":2,"featured_media":185717,"comment_status":"","ping_status":"","sticky":false,"template":"","format":"standard","meta":{"footnotes":""},"categories":[9566],"tags":[1111,11,13797,2430,1777,674,1011,27,2731,12,10162,20616,25,1347],"class_list":{"0":"post-185716","1":"post","2":"type-post","3":"status-publish","4":"format-standard","5":"has-post-thumbnail","7":"category-grenoble","8":"tag-actu","9":"tag-actualites","10":"tag-antifascisme","11":"tag-auvergne-rhone-alpes","12":"tag-eu","13":"tag-europe","14":"tag-fr","15":"tag-france","16":"tag-grenoble","17":"tag-news","18":"tag-racisme","19":"tag-racisme-anti-blanc","20":"tag-republique-francaise","21":"tag-theatre"},"share_on_mastodon":{"url":"https:\/\/pubeurope.com\/@fr\/114704091900691351","error":""},"_links":{"self":[{"href":"https:\/\/www.europesays.com\/fr\/wp-json\/wp\/v2\/posts\/185716","targetHints":{"allow":["GET"]}}],"collection":[{"href":"https:\/\/www.europesays.com\/fr\/wp-json\/wp\/v2\/posts"}],"about":[{"href":"https:\/\/www.europesays.com\/fr\/wp-json\/wp\/v2\/types\/post"}],"author":[{"embeddable":true,"href":"https:\/\/www.europesays.com\/fr\/wp-json\/wp\/v2\/users\/2"}],"replies":[{"embeddable":true,"href":"https:\/\/www.europesays.com\/fr\/wp-json\/wp\/v2\/comments?post=185716"}],"version-history":[{"count":0,"href":"https:\/\/www.europesays.com\/fr\/wp-json\/wp\/v2\/posts\/185716\/revisions"}],"wp:featuredmedia":[{"embeddable":true,"href":"https:\/\/www.europesays.com\/fr\/wp-json\/wp\/v2\/media\/185717"}],"wp:attachment":[{"href":"https:\/\/www.europesays.com\/fr\/wp-json\/wp\/v2\/media?parent=185716"}],"wp:term":[{"taxonomy":"category","embeddable":true,"href":"https:\/\/www.europesays.com\/fr\/wp-json\/wp\/v2\/categories?post=185716"},{"taxonomy":"post_tag","embeddable":true,"href":"https:\/\/www.europesays.com\/fr\/wp-json\/wp\/v2\/tags?post=185716"}],"curies":[{"name":"wp","href":"https:\/\/api.w.org\/{rel}","templated":true}]}}