{"id":185718,"date":"2025-06-18T11:18:09","date_gmt":"2025-06-18T11:18:09","guid":{"rendered":"https:\/\/www.europesays.com\/fr\/185718\/"},"modified":"2025-06-18T11:18:09","modified_gmt":"2025-06-18T11:18:09","slug":"a-lorient-julien-jan-vient-de-fonder-altidiag-bretagne-conseil","status":"publish","type":"post","link":"https:\/\/www.europesays.com\/fr\/185718\/","title":{"rendered":"\u00c0 Lorient, Julien Jan vient de fonder AltiDiag Bretagne Conseil"},"content":{"rendered":"<p>Julien Jan est issu d\u2019une formation d\u2019ing\u00e9nieur. Il a \u00e9volu\u00e9 \u00e0 des postes commerciaux dans l\u2019automobile (BMW, Mini), puis dans l\u2019immobilier avant de fonder AltiDiag Bretagne Conseil. Diagnostic immobilier (diagnostic de performance \u00e9nerg\u00e9tique (DPE), amiante, \u00e9lectricit\u00e9, plomb, gaz, \u00e9tat parasitaire\u2026) ou diagnostic avant-vente, il accompagne aussi les travaux de r\u00e9novation \u00e9nerg\u00e9tique. \u00ab\u00a0Nos r\u00e9servations et devis se font en ligne, explique le sp\u00e9cialiste. Nous proc\u00e9dons \u00e0 une analyse pouss\u00e9e des DPE avec recommandations techniques pour am\u00e9liorer les performances \u00e9nerg\u00e9tiques\u00a0\u00bb. Sa zone d\u2019intervention s\u2019\u00e9tend de Lorient \u00e0 Vannes.<\/p>\n<p>Contact<\/p>\n","protected":false},"excerpt":{"rendered":"Julien Jan est issu d\u2019une formation d\u2019ing\u00e9nieur. Il a \u00e9volu\u00e9 \u00e0 des postes commerciaux dans l\u2019automobile (BMW, Mini),&hellip;\n","protected":false},"author":2,"featured_media":185719,"comment_status":"","ping_status":"","sticky":false,"template":"","format":"standard","meta":{"footnotes":""},"categories":[2821],"tags":[1111,11,829,1777,674,1011,27,1781,12,584,25],"class_list":{"0":"post-185718","1":"post","2":"type-post","3":"status-publish","4":"format-standard","5":"has-post-thumbnail","7":"category-rennes","8":"tag-actu","9":"tag-actualites","10":"tag-bretagne","11":"tag-eu","12":"tag-europe","13":"tag-fr","14":"tag-france","15":"tag-lorient","16":"tag-news","17":"tag-rennes","18":"tag-republique-francaise"},"share_on_mastodon":{"url":"https:\/\/pubeurope.com\/@fr\/114704095921653286","error":""},"_links":{"self":[{"href":"https:\/\/www.europesays.com\/fr\/wp-json\/wp\/v2\/posts\/185718","targetHints":{"allow":["GET"]}}],"collection":[{"href":"https:\/\/www.europesays.com\/fr\/wp-json\/wp\/v2\/posts"}],"about":[{"href":"https:\/\/www.europesays.com\/fr\/wp-json\/wp\/v2\/types\/post"}],"author":[{"embeddable":true,"href":"https:\/\/www.europesays.com\/fr\/wp-json\/wp\/v2\/users\/2"}],"replies":[{"embeddable":true,"href":"https:\/\/www.europesays.com\/fr\/wp-json\/wp\/v2\/comments?post=185718"}],"version-history":[{"count":0,"href":"https:\/\/www.europesays.com\/fr\/wp-json\/wp\/v2\/posts\/185718\/revisions"}],"wp:featuredmedia":[{"embeddable":true,"href":"https:\/\/www.europesays.com\/fr\/wp-json\/wp\/v2\/media\/185719"}],"wp:attachment":[{"href":"https:\/\/www.europesays.com\/fr\/wp-json\/wp\/v2\/media?parent=185718"}],"wp:term":[{"taxonomy":"category","embeddable":true,"href":"https:\/\/www.europesays.com\/fr\/wp-json\/wp\/v2\/categories?post=185718"},{"taxonomy":"post_tag","embeddable":true,"href":"https:\/\/www.europesays.com\/fr\/wp-json\/wp\/v2\/tags?post=185718"}],"curies":[{"name":"wp","href":"https:\/\/api.w.org\/{rel}","templated":true}]}}