{"id":185720,"date":"2025-06-18T11:19:10","date_gmt":"2025-06-18T11:19:10","guid":{"rendered":"https:\/\/www.europesays.com\/fr\/185720\/"},"modified":"2025-06-18T11:19:10","modified_gmt":"2025-06-18T11:19:10","slug":"le-jarl-ancien-videur-du-1988-a-rennes-place-en-garde-a-vue","status":"publish","type":"post","link":"https:\/\/www.europesays.com\/fr\/185720\/","title":{"rendered":"Le Jarl, ancien videur du 1988 \u00e0 Rennes, plac\u00e9 en garde \u00e0 vue"},"content":{"rendered":"<p>Yovan Delourme, dit Le Jarl, a \u00e9t\u00e9 plac\u00e9 en garde \u00e0 vue ce jeudi 18 juin au matin. Selon nos informations, l\u2019ancien responsable de la s\u00e9curit\u00e9 du 1988 est actuellement entendu sur l\u2019absence de conformit\u00e9 administrative de la discoth\u00e8que du Colombier. Pour rappel, le 8 mars dernier, Le Jarl et ses agents \u00e9taient intervenus de fa\u00e7on muscl\u00e9e en marge d\u2019une rave-party ill\u00e9gale organis\u00e9e dans des locaux vides au-dessus de la bo\u00eete de nuit. Des vid\u00e9os montrant des gazages \u00e0 la bombe lacrymog\u00e8ne et des actes de violence r\u00e9alis\u00e9s par un videur du 88 avaient circul\u00e9 sur les r\u00e9seaux sociaux. La pol\u00e9mique avait enfl\u00e9 pendant des semaines.<\/p>\n<p><a href=\"https:\/\/www.letelegramme.fr\/ille-et-vilaine\/rennes-35000\/armes-non-autorisees-et-violences-repetees-a-rennes-pourquoi-la-prefecture-ferme-le-1988-pendant-un-mois-6783332.php\" target=\"_blank\" rel=\"nofollow noopener\">La bo\u00eete de nuit avait \u00e9t\u00e9 ferm\u00e9e pendant un mois<\/a> par la pr\u00e9fecture et <a href=\"https:\/\/www.letelegramme.fr\/ille-et-vilaine\/rennes-35000\/incidents-autour-de-la-boite-de-nuit-le-1988-a-rennes-trois-enquetes-ont-ete-ouvertes-par-le-parquet-6778368.php\" target=\"_blank\" rel=\"nofollow noopener\">trois enqu\u00eates avaient \u00e9t\u00e9 ouvertes<\/a> par le procureur de la r\u00e9publique. La premi\u00e8re pour intrusion dans les locaux vides. La deuxi\u00e8me pour \u00ab le comportement des agents du service de s\u00e9curit\u00e9 de l\u2019\u00e9tablissement 1988 Club lors de ces incidents \u00bb. Et la troisi\u00e8me pour \u00ab la conformit\u00e9 de l\u2019existence de ce service, du recrutement et de la formation des membres de ce dernier, avec la r\u00e9glementation. \u00bb C\u2019est donc sur ce troisi\u00e8me volet que le Jarl est entendu ce mercredi 18 juin.<\/p>\n<p>Le Jarl \u00ab confiant sur les suites judiciaires \u00bb<\/p>\n<p>Fr\u00e9d\u00e9ric Teillet, procureur, confirme la garde \u00e0 vue et explique qu\u2019il donnera des pr\u00e9cisions plus tard. Quant \u00e0 l\u2019avocat de l\u2019int\u00e9ress\u00e9, il ne souhaite pas s\u2019exprimer \u00e0 ce stade sur cette affaire. Une source dans l\u2019entourage du Jarl ajoute cependant \u00ab Le Jarl est confiant sur les suites judiciaires de cette affaire. Cela fait des semaines qu\u2019il pr\u00e9pare sa garde \u00e0 vue avec son avocat. \u00bb Une autre source proche du dossier rappelle : \u00ab Il n\u2019\u00e9tait qu\u2019un simple salari\u00e9 du 1988. D\u2019ailleurs, son ancien patron, S\u00e9bastien B\u00e9tin a lui aussi \u00e9t\u00e9 entendu sous le r\u00e9gime de la garde \u00e0 vue il y a quelques semaines pour les irr\u00e9gularit\u00e9s administratives. \u00bb<\/p>\n<blockquote><p>Il n\u2019\u00e9tait qu\u2019un simple salari\u00e9 du 1988<\/p><\/blockquote>\n<p>Comme le r\u00e9v\u00e9lait Le T\u00e9l\u00e9gramme en avril dernier, <a href=\"https:\/\/www.letelegramme.fr\/ille-et-vilaine\/rennes-35000\/le-jarl-ancien-chef-de-la-securite-du-1988-a-rennes-navait-pas-dautorisation-pour-exercer-dapres-le-cnaps-6792227.php?utm_content=link&amp;utm_term=LeTelegrammeRennes&amp;utm_campaign=facebook&amp;utm_source=nonli&amp;utm_medium=Social\" target=\"_blank\" rel=\"nofollow noopener\">Le Jarl ne d\u00e9tenait pas les autorisations n\u00e9cessaires \u00e0 l\u2019exercice de la profession de videur<\/a>. Genevi\u00e8ve Biscaro, la directrice de cabinet du Conseil national des activit\u00e9s priv\u00e9es de s\u00e9curit\u00e9 (CNAPS), expliquait dans nos colonnes : \u00ab Yovan Delourme ne d\u00e9tient pas d\u2019autorisation pour exercer une activit\u00e9 de s\u00e9curit\u00e9 priv\u00e9e telle que r\u00e9glement\u00e9e par le Livre VI du code de la s\u00e9curit\u00e9 int\u00e9rieure. Pour travailler comme agent de s\u00e9curit\u00e9 en France, il faut obtenir une autorisation pr\u00e9alable pour suivre une formation\ufeff. La carte professionnelle n\u2019est d\u00e9livr\u00e9e qu\u2019apr\u00e8s une enqu\u00eate administrative aupr\u00e8s de la police et de la justice. \u00bb<\/p>\n<p>Condamn\u00e9 en appel pour pratique commerciale trompeuse<\/p>\n<p>Le lundi 10 mars dernier, <a href=\"https:\/\/www.letelegramme.fr\/ille-et-vilaine\/rennes-35000\/a-rennes-le-jarl-condamne-en-appel-pour-pratiques-commerciales-trompeuses-6776283.php\" target=\"_blank\" rel=\"nofollow noopener\">la Cour d\u2019appel du tribunal correctionnel de Rennes avait condamn\u00e9 Yovan Delourme pour pratique commerciale trompeuse<\/a>. La justice avait estim\u00e9 qu\u2019entre le 3 octobre 2020 et le 14 mai 2021, Yovan Delourme, notamment gr\u00e2ce \u00e0 la diffusion d\u2019informations sur les r\u00e9seaux sociaux, qui laissaient penser qu\u2019il \u00e9tait le coach de sa salle de MMA, alors qu\u2019il \u00e9tait d\u00e9pourvu de tout dipl\u00f4me l\u2019autorisant \u00e0 exercer des activit\u00e9s d\u2019enseignement, animation ou encadrement d\u2019activit\u00e9 physique ou sportive ainsi qu\u2019\u00e0 entra\u00eener des pratiquants. Cette diffusion relevait d\u2019une \u00ab pratique commerciale trompeuse reposant sur des indications ou pr\u00e9sentations fausses ou de nature \u00e0 induire en erreur portant sur les qualit\u00e9s substantielles du service<\/p>\n","protected":false},"excerpt":{"rendered":"Yovan Delourme, dit Le Jarl, a \u00e9t\u00e9 plac\u00e9 en garde \u00e0 vue ce jeudi 18 juin au matin.&hellip;\n","protected":false},"author":2,"featured_media":185721,"comment_status":"","ping_status":"","sticky":false,"template":"","format":"standard","meta":{"footnotes":""},"categories":[2821],"tags":[1111,11,829,765,1777,674,3383,1011,27,303,12,584,25],"class_list":{"0":"post-185720","1":"post","2":"type-post","3":"status-publish","4":"format-standard","5":"has-post-thumbnail","7":"category-rennes","8":"tag-actu","9":"tag-actualites","10":"tag-bretagne","11":"tag-en-continu","12":"tag-eu","13":"tag-europe","14":"tag-faits-divers-a-rennes","15":"tag-fr","16":"tag-france","17":"tag-justice","18":"tag-news","19":"tag-rennes","20":"tag-republique-francaise"},"share_on_mastodon":{"url":"https:\/\/pubeurope.com\/@fr\/114704099876246799","error":""},"_links":{"self":[{"href":"https:\/\/www.europesays.com\/fr\/wp-json\/wp\/v2\/posts\/185720","targetHints":{"allow":["GET"]}}],"collection":[{"href":"https:\/\/www.europesays.com\/fr\/wp-json\/wp\/v2\/posts"}],"about":[{"href":"https:\/\/www.europesays.com\/fr\/wp-json\/wp\/v2\/types\/post"}],"author":[{"embeddable":true,"href":"https:\/\/www.europesays.com\/fr\/wp-json\/wp\/v2\/users\/2"}],"replies":[{"embeddable":true,"href":"https:\/\/www.europesays.com\/fr\/wp-json\/wp\/v2\/comments?post=185720"}],"version-history":[{"count":0,"href":"https:\/\/www.europesays.com\/fr\/wp-json\/wp\/v2\/posts\/185720\/revisions"}],"wp:featuredmedia":[{"embeddable":true,"href":"https:\/\/www.europesays.com\/fr\/wp-json\/wp\/v2\/media\/185721"}],"wp:attachment":[{"href":"https:\/\/www.europesays.com\/fr\/wp-json\/wp\/v2\/media?parent=185720"}],"wp:term":[{"taxonomy":"category","embeddable":true,"href":"https:\/\/www.europesays.com\/fr\/wp-json\/wp\/v2\/categories?post=185720"},{"taxonomy":"post_tag","embeddable":true,"href":"https:\/\/www.europesays.com\/fr\/wp-json\/wp\/v2\/tags?post=185720"}],"curies":[{"name":"wp","href":"https:\/\/api.w.org\/{rel}","templated":true}]}}