{"id":185730,"date":"2025-06-18T11:24:11","date_gmt":"2025-06-18T11:24:11","guid":{"rendered":"https:\/\/www.europesays.com\/fr\/185730\/"},"modified":"2025-06-18T11:24:11","modified_gmt":"2025-06-18T11:24:11","slug":"fan-de-pop-rock-le-groupe-superbus-offre-un-concert-gratuit-a-ce-festival-au-sud-de-nantes","status":"publish","type":"post","link":"https:\/\/www.europesays.com\/fr\/185730\/","title":{"rendered":"Fan de pop rock\u00a0? Le groupe Superbus offre un concert gratuit \u00e0 ce festival au sud de Nantes"},"content":{"rendered":"<p>Apr\u00e8s un premier acte r\u00e9ussi, vendredi, \u00e0 Passay, \u00e0 La Chevroli\u00e8re, au sud de Nantes (Loire-Atlantique) la deuxi\u00e8me <a href=\"https:\/\/nantes.maville.com\/actu\/actudet_-la-chevroliere.-la-route-des-airs-ouvrira-rives-en-fete-vendredi-_8-6849774_actu.Htm\" target=\"_blank\" rel=\"noopener\">soir\u00e9e du festival Rives en f\u00eate<\/a> s\u2019annonce \u00e9pique, ce vendredi. La venue du <a href=\"https:\/\/brest.maville.com\/actu\/actudet_-bientot-leur-7e-album-superbus-en-concert-le-8-octobre-2025-a-guipavas-pres-de-brest-_52692-6823077_actu.Htm\" target=\"_blank\" rel=\"noopener\">groupe Superbus (photo),<\/a> pour un concert gratuit, risque bien d\u2019attirer la foule au complexe sportif.<\/p>\n<p>Apr\u00e8s avoir f\u00eat\u00e9 ses 20\u00a0ans en 2022, le groupe revient, cette ann\u00e9e, avec un septi\u00e8me album, dont la sortie officielle est pr\u00e9vue d\u00e9but juillet. La nouvelle version de leur tube Lola, avec Hoshi et Nicolas Sirkis, tourne d\u00e9j\u00e0 en boucle sur les radios\u2026 \u00c0 cette occasion, le groupe culte repart en tourn\u00e9e des festivals, cet \u00e9t\u00e9, et sa route passe par La Chevroli\u00e8re. L\u2019occasion pour les diff\u00e9rentes g\u00e9n\u00e9rations de fans de vivre un moment de partage autour de leur pop-rock explosive.<\/p>\n<p>Un rappeur du cru<\/p>\n<p>La premi\u00e8re partie sera assur\u00e9e par le rappeur MC Max, d\u00e8s 20\u00a0h. Comme un retour aux sources pour celui qui a d\u00e9but\u00e9, il y a quinze\u00a0ans, sur la sc\u00e8ne de Rives en F\u00eate. Chevrolin d\u2019origine, il est parti faire ses armes en Chine o\u00f9 il \u00e9tait populaire, mais \u00a0un connu aux textes inconnus\u00a0. D\u00e9sormais, il veut \u00eatre \u00e9cout\u00e9 pour ses textes, \u00e9voquant ses espoirs et ses peines, tout en reprenant les codes du rap d\u2019antan.<\/p>\n<p><strong>Vendredi 20\u00a0juin,<\/strong> \u00e0 partir de 19\u00a0h\u00a030 au complexe sportif. Concert de Superbus \u00e0 partir de 21\u00a0h\u00a030. Bar et restauration sur place.<\/p>\n<p>\u00a0<\/p>\n","protected":false},"excerpt":{"rendered":"Apr\u00e8s un premier acte r\u00e9ussi, vendredi, \u00e0 Passay, \u00e0 La Chevroli\u00e8re, au sud de Nantes (Loire-Atlantique) la deuxi\u00e8me&hellip;\n","protected":false},"author":2,"featured_media":185731,"comment_status":"","ping_status":"","sticky":false,"template":"","format":"standard","meta":{"footnotes":""},"categories":[2818],"tags":[1111,11,1697,1777,674,28189,849,1011,27,326,2705,766,12,5235,2636,10044,25,7040,7053,26375],"class_list":{"0":"post-185730","1":"post","2":"type-post","3":"status-publish","4":"format-standard","5":"has-post-thumbnail","7":"category-nantes","8":"tag-actu","9":"tag-actualites","10":"tag-concert","11":"tag-eu","12":"tag-europe","13":"tag-fan","14":"tag-festival","15":"tag-fr","16":"tag-france","17":"tag-gratuit","18":"tag-groupe","19":"tag-nantes","20":"tag-news","21":"tag-offre","22":"tag-pays-de-la-loire","23":"tag-pop","24":"tag-republique-francaise","25":"tag-rock","26":"tag-sud","27":"tag-superbus"},"share_on_mastodon":{"url":"https:\/\/pubeurope.com\/@fr\/114704119442354421","error":""},"_links":{"self":[{"href":"https:\/\/www.europesays.com\/fr\/wp-json\/wp\/v2\/posts\/185730","targetHints":{"allow":["GET"]}}],"collection":[{"href":"https:\/\/www.europesays.com\/fr\/wp-json\/wp\/v2\/posts"}],"about":[{"href":"https:\/\/www.europesays.com\/fr\/wp-json\/wp\/v2\/types\/post"}],"author":[{"embeddable":true,"href":"https:\/\/www.europesays.com\/fr\/wp-json\/wp\/v2\/users\/2"}],"replies":[{"embeddable":true,"href":"https:\/\/www.europesays.com\/fr\/wp-json\/wp\/v2\/comments?post=185730"}],"version-history":[{"count":0,"href":"https:\/\/www.europesays.com\/fr\/wp-json\/wp\/v2\/posts\/185730\/revisions"}],"wp:featuredmedia":[{"embeddable":true,"href":"https:\/\/www.europesays.com\/fr\/wp-json\/wp\/v2\/media\/185731"}],"wp:attachment":[{"href":"https:\/\/www.europesays.com\/fr\/wp-json\/wp\/v2\/media?parent=185730"}],"wp:term":[{"taxonomy":"category","embeddable":true,"href":"https:\/\/www.europesays.com\/fr\/wp-json\/wp\/v2\/categories?post=185730"},{"taxonomy":"post_tag","embeddable":true,"href":"https:\/\/www.europesays.com\/fr\/wp-json\/wp\/v2\/tags?post=185730"}],"curies":[{"name":"wp","href":"https:\/\/api.w.org\/{rel}","templated":true}]}}