{"id":185733,"date":"2025-06-18T11:26:17","date_gmt":"2025-06-18T11:26:17","guid":{"rendered":"https:\/\/www.europesays.com\/fr\/185733\/"},"modified":"2025-06-18T11:26:17","modified_gmt":"2025-06-18T11:26:17","slug":"a-bordeaux-les-vignerons-de-moins-en-moins-aides-face-a-la-grele","status":"publish","type":"post","link":"https:\/\/www.europesays.com\/fr\/185733\/","title":{"rendered":"\u00e0 Bordeaux, les vignerons de moins en moins aid\u00e9s face \u00e0 la gr\u00eale"},"content":{"rendered":"<p>\u00c0 Bordeaux, la gr\u00eale a encore frapp\u00e9, affectant massivement certaines zones viticoles, alors que les dispositifs de protection antigr\u00eale voient leurs financements se r\u00e9duire drastiquement. Une situation d\u00e9nonc\u00e9e par les vignerons concern\u00e9s.<\/p>\n<p class=\"fig-paragraph\">Dans un\u00a0<a href=\"https:\/\/avis-vin.lefigaro.fr\/connaitre-deguster\/tout-savoir-sur-le-vin\/guide-des-regions-et-des-appellations\/bordeaux\" target=\"_blank\" rel=\"noopener\" data-gtm-custom-categorie=\"navigation\" data-gtm-custom-action=\"crossclick\" data-gtm-custom-label=\"Contextuel\" data-gtm-event=\"customEventSPE\">vignoble bordelais<\/a>\u00a0d\u00e9j\u00e0 en crise, les victimes de r\u00e9cents orages d\u00e9vastateurs d\u00e9plorent une \u00abd\u00e9faillance\u00bb des dispositifs mutualis\u00e9s de protection antigr\u00eale depuis un retrait \u00abbrutal\u00bb de subventions publiques. Dans la nuit de vendredi \u00e0 samedi, des orages tr\u00e8s localis\u00e9s ont d\u00e9truit des parcelles de plusieurs villages des AOC\u00a0<a href=\"https:\/\/avis-vin.lefigaro.fr\/connaitre-deguster\/tout-savoir-sur-le-vin\/guide-des-regions-et-des-appellations\/bordeaux\/graves\/appellation-graves\" target=\"_blank\" rel=\"noopener\" data-gtm-custom-categorie=\"navigation\" data-gtm-custom-action=\"crossclick\" data-gtm-custom-label=\"Contextuel\" data-gtm-event=\"customEventSPE\">Graves<\/a>\u00a0et\u00a0<a href=\"https:\/\/avis-vin.lefigaro.fr\/connaitre-deguster\/tout-savoir-sur-le-vin\/guide-des-regions-et-des-appellations\/bordeaux\/entre-deux-mers\/appellation-entre-deux-mers\" target=\"_blank\" rel=\"noopener\" data-gtm-custom-categorie=\"navigation\" data-gtm-custom-action=\"crossclick\" data-gtm-custom-label=\"Contextuel\" data-gtm-event=\"customEventSPE\">Entre-deux-Mers<\/a>, ainsi que de nombreuses toitures d\u2019habitations et de b\u00e2timents, selon l\u2019interprofession. \u00abC\u2019est une surface faible au global (le vignoble bordelais s\u2019\u00e9tend sur 95.000 hectares, NDLR) mais une v\u00e9ritable catastrophe pour certains viticulteurs touch\u00e9s\u00bb, commente-t-on au Conseil interprofessionnel du vin de Bordeaux.<\/p>\n<p class=\"fig-paragraph\">Pour Amandine Noriega, install\u00e9e \u00e0 Porte-de-Benauge, \u00e0 35 km au sud-est de la capitale girondine, \u00able travail d\u2019une ann\u00e9e a \u00e9t\u00e9 mis \u00e0 terre en \u00e0 peine huit minutes de gr\u00eale&#8230; Le mill\u00e9sime suivant va \u00eatre aussi compromis\u00bb. \u00abC\u2019est le coup de trop pour beaucoup d\u2019entre nous, on ne s\u2019en rel\u00e8vera pas\u00bb, ajoute cette propri\u00e9taire d\u2019une exploitation familiale plac\u00e9e en redressement judiciaire, comme de nombreux domaines \u00abqui n\u2019ont plus d\u2019argent pour s\u2019assurer\u00bb contre les intemp\u00e9ries.<\/p>\n<p>Syst\u00e8me de protection \u00abd\u00e9faillant\u00bb<\/p>\n<p class=\"fig-paragraph\">Au premier trimestre 2025, le nombre de d\u00e9faillances dans le secteur viticole girondin a bondi de 64% sur un an, contre une hausse de 15% pour l\u2019ensemble des entreprises de Nouvelle-Aquitaine. En crise de surproduction, le premier vignoble AOC de France a arrach\u00e9 depuis deux ans quelque 18.000 hectares de vignes, dans le cadre d\u2019un plan sanitaire prim\u00e9, pour r\u00e9duire les volumes et faire remonter les prix.<\/p>\n<p class=\"fig-paragraph\">\u00c0 ces difficult\u00e9s structurelles s\u2019ajoutent les caprices de la m\u00e9t\u00e9o, rendus plus \u00abintenses\u00bb par le d\u00e9r\u00e8glement climatique, et contre lesquels le syst\u00e8me de protection est jug\u00e9 \u00abd\u00e9faillant\u00bb et \u00abfragile\u00bb par des viticulteurs depuis l\u2019ass\u00e8chement de son financement public. Cr\u00e9\u00e9e sous l\u2019\u00e9gide de l\u2019\u00c9tat \u00e0 la fin des ann\u00e9es 1950, l\u2019Association d\u00e9partementale d\u2019\u00e9tude et de lutte des flux atmosph\u00e9riques (Adelfa 33) dispose d\u2019un r\u00e9seau de 130 g\u00e9n\u00e9rateurs antigr\u00eale. Maillant tout le territoire girondin, ou presque, ces machines diss\u00e9minent des solutions d\u2019iodure d\u2019argent dans le ciel en amont de chaque orage, pour diminuer la taille des gr\u00ealons dans les nuages qui se d\u00e9placent sur des dizaines de kilom\u00e8tres avant la temp\u00eate.<\/p>\n<p>Trou \u00e0 combler<\/p>\n<p class=\"fig-paragraph\">Mais en 2024, la \u00abchute brutale\u00bb des aides du conseil d\u00e9partemental, de 165.000 \u00e0 20.000 euros annuels, a \u00abd\u00e9stabilis\u00e9\u00bb l\u2019association, explique \u00e0 l\u2019AFP son pr\u00e9sident et viticulteur Dominique F\u00e9dieu. Les seuils d\u2019alerte ont \u00e9t\u00e9 rehauss\u00e9s pour r\u00e9duire le recours aux pulv\u00e9risations et faire des \u00e9conomies sur la co\u00fbteuse solution chimique, et il manque toujours des g\u00e9n\u00e9rateurs dans certaines zones cl\u00e9s du vignoble, d\u00e9taille-t-il, en s\u2019inqui\u00e9tant aussi du vieillissement des b\u00e9n\u00e9voles charg\u00e9s de l\u2019entretien du dispositif.<\/p>\n<p class=\"fig-paragraph\">Le dispositif a \u00e9t\u00e9 d\u00e9clench\u00e9 durant le week-end, mais ces \u00abinsuffisances\u00bb dans le r\u00e9seau n\u2019ont pu prot\u00e9ger les zones frapp\u00e9es durement par ces orages, explique-t-il. Le conseil d\u00e9partemental, \u00abpleinement conscient des difficult\u00e9s\u00bb de l\u2019Adelfa, fait valoir la \u00abchute vertigineuse\u00bb de ses recettes, avec la fonte des droits de mutation sur fond de crise immobili\u00e8re, et \u00e0 la \u00abhausse des d\u00e9penses impos\u00e9e nationalement\u00bb. La collectivit\u00e9 a rehauss\u00e9 l\u00e9g\u00e8rement (+15.000 euros) sa participation cette ann\u00e9e, sans toutefois combler le trou.<\/p>\n<p class=\"fig-body-link\">\n            \u00c0 lire aussi<br \/>\n        <a class=\"fig-body-link__link\" href=\"http:\/\/avis-vin.lefigaro.fr\/economie-du-vin\/vin-de-bordeaux-le-ministere-de-l-agriculture-revele-des-chiffres-alarmants-sur-le-recul-des-surfaces-de-vigne-20250606\" target=\"_blank\" data-fig-type=\"NewsFlash\" rel=\"noopener\" data-gtm-custom-categorie=\"navigation\" data-gtm-custom-action=\"crossclick\" data-gtm-custom-label=\"Contextuel\" data-gtm-event=\"customEventSPE\" data-fig-domain=\"AVIS_VIN\">Vin de Bordeaux\u00a0: le minist\u00e8re de l\u2019Agriculture r\u00e9v\u00e8le des chiffres alarmants sur le recul des surfaces de vigne<br \/>\n    <\/a>\n<\/p>\n<p class=\"fig-paragraph\">Pour financer son syst\u00e8me antigr\u00eale, la profession cherche de nouvelles pistes, \u00e9voquant p\u00eale-m\u00eale la participation de ch\u00e2teaux prestigieux et dot\u00e9s d\u2019outils de protection priv\u00e9s, l\u2019engagement d\u2019autres collectivit\u00e9s locales, ou bien une contribution des assureurs&#8230; Seul le conseil r\u00e9gional de Nouvelle-Aquitaine s\u2019est engag\u00e9 clairement \u00e0 ce jour. \u00abLa viticulture est en d\u00e9licatesse \u00e9conomique&#8230; On n\u2019a pas les moyens de financer l\u2019int\u00e9gralit\u00e9 d\u2019une protection qui b\u00e9n\u00e9fice \u00e0 tout le monde\u00bb, alerte le pr\u00e9sident de l\u2019AOC Entre-deux-Mers, David Labat. \u00abNotre budget, c\u2019est un investissement d\u00e9risoire par rapport aux d\u00e9g\u00e2ts \u00e0 rembourser\u00bb, abonde M. F\u00e9dieu qui se dit \u00absurpris\u00bb par \u00abla courte vue\u00bb des compagnies d\u2019assurance, qui refusent selon lui de jouer \u00abla pr\u00e9vention\u00bb en amont, malgr\u00e9 les \u00abco\u00fbts ph\u00e9nom\u00e9naux\u00bb engendr\u00e9s par la destruction des parcelles.<\/p>\n","protected":false},"excerpt":{"rendered":"\u00c0 Bordeaux, la gr\u00eale a encore frapp\u00e9, affectant massivement certaines zones viticoles, alors que les dispositifs de protection&hellip;\n","protected":false},"author":2,"featured_media":185734,"comment_status":"","ping_status":"","sticky":false,"template":"","format":"standard","meta":{"footnotes":""},"categories":[2817],"tags":[1111,11,1997,11197,1777,674,4464,1011,27,4463,12,2219,25,1662],"class_list":{"0":"post-185733","1":"post","2":"type-post","3":"status-publish","4":"format-standard","5":"has-post-thumbnail","7":"category-bordeaux","8":"tag-actu","9":"tag-actualites","10":"tag-bordeaux","11":"tag-economie-du-vin","12":"tag-eu","13":"tag-europe","14":"tag-figaro-vin","15":"tag-fr","16":"tag-france","17":"tag-guide","18":"tag-news","19":"tag-nouvelle-aquitaine","20":"tag-republique-francaise","21":"tag-vin"},"share_on_mastodon":{"url":"https:\/\/pubeurope.com\/@fr\/114704127442592982","error":""},"_links":{"self":[{"href":"https:\/\/www.europesays.com\/fr\/wp-json\/wp\/v2\/posts\/185733","targetHints":{"allow":["GET"]}}],"collection":[{"href":"https:\/\/www.europesays.com\/fr\/wp-json\/wp\/v2\/posts"}],"about":[{"href":"https:\/\/www.europesays.com\/fr\/wp-json\/wp\/v2\/types\/post"}],"author":[{"embeddable":true,"href":"https:\/\/www.europesays.com\/fr\/wp-json\/wp\/v2\/users\/2"}],"replies":[{"embeddable":true,"href":"https:\/\/www.europesays.com\/fr\/wp-json\/wp\/v2\/comments?post=185733"}],"version-history":[{"count":0,"href":"https:\/\/www.europesays.com\/fr\/wp-json\/wp\/v2\/posts\/185733\/revisions"}],"wp:featuredmedia":[{"embeddable":true,"href":"https:\/\/www.europesays.com\/fr\/wp-json\/wp\/v2\/media\/185734"}],"wp:attachment":[{"href":"https:\/\/www.europesays.com\/fr\/wp-json\/wp\/v2\/media?parent=185733"}],"wp:term":[{"taxonomy":"category","embeddable":true,"href":"https:\/\/www.europesays.com\/fr\/wp-json\/wp\/v2\/categories?post=185733"},{"taxonomy":"post_tag","embeddable":true,"href":"https:\/\/www.europesays.com\/fr\/wp-json\/wp\/v2\/tags?post=185733"}],"curies":[{"name":"wp","href":"https:\/\/api.w.org\/{rel}","templated":true}]}}