{"id":185735,"date":"2025-06-18T11:27:08","date_gmt":"2025-06-18T11:27:08","guid":{"rendered":"https:\/\/www.europesays.com\/fr\/185735\/"},"modified":"2025-06-18T11:27:08","modified_gmt":"2025-06-18T11:27:08","slug":"les-temperatures-continuent-leur-envol-lalerte-canicule-declenchee-en-gironde","status":"publish","type":"post","link":"https:\/\/www.europesays.com\/fr\/185735\/","title":{"rendered":"Les temp\u00e9ratures continuent leur envol, l&rsquo;alerte canicule d\u00e9clench\u00e9e en Gironde"},"content":{"rendered":"<p>            Par<br \/>\n        <strong><br \/>\n            <a href=\"https:\/\/actu.fr\/auteur\/juliette-cardinale\" title=\"Consulter tous les articles de Juliette Cardinale\" rel=\"nofollow noopener\" target=\"_blank\">Juliette Cardinale<\/a><br \/>\n        <\/strong><\/p>\n<p>        Publi\u00e9 le<\/p>\n<p>            18 juin 2025 \u00e0 12h51        <\/p>\n<p>C\u2019est officiel : la Gironde est plac\u00e9e en vigilance jaune pour risques de <a href=\"https:\/\/actu.fr\/tag\/canicule\" rel=\"nofollow noopener\" target=\"_blank\">canicule<\/a> \u00e0 partir de midi ce jeudi 19 juin 2025. On attend <strong>37 degr\u00e9s \u00e0 Bordeaux<\/strong> dans l\u2019apr\u00e8s-midi d\u2019apr\u00e8s <a href=\"https:\/\/actu.fr\/tag\/meteo-france\" rel=\"nofollow noopener\" target=\"_blank\">M\u00e9t\u00e9o France.<\/a><\/p>\n<p>Le seuil caniculaire atteint ?<\/p>\n<p class=\" wall-content\">Une temp\u00e9rature\u00a0<a href=\"https:\/\/actu.fr\/nouvelle-aquitaine\/bordeaux_33063\/gironde-l-installation-d-un-dome-de-chaleur-fait-craindre-le-pire-au-niveau-des-temperatures_62784084.html\" rel=\"nofollow noopener\" target=\"_blank\">li\u00e9e \u00e0 un d\u00f4me de chaleur<\/a> bien au-dessus des moyennes de saison,\u00a0et qui devrait grimper encore un peu plus le lendemain. L\u2019organisme m\u00e9t\u00e9orologique pr\u00e9voit <strong>38 degr\u00e9s vendredi,<\/strong> puis 36 samedi. Le mercure ne devrait pas descendre sous 20 degr\u00e9s, m\u00eame la nuit.<\/p>\n<p class=\" wall-content\">Cette vague de chaleur pourrait donc atteindre <strong>le seuil caniculaire.<\/strong> Pour cela, il faut\u00a0avoir un \u00ab\u2009\u00e9pisode de temp\u00e9ratures \u00e9lev\u00e9es de jour comme de nuit sur une p\u00e9riode d\u2019au moins 3 jours qui est susceptible de constituer un risque sanitaire notamment pour les personnes fragiles ou surexpos\u00e9es\u2009\u00bb, d\u00e9taille <a href=\"https:\/\/meteofrance.fr\/sites\/meteofrance.fr\/files\/files\/editorial\/dp-meteoFrance-ete-2025_0.pdf\" rel=\"nofollow noopener\" target=\"_blank\">M\u00e9t\u00e9o France.<\/a> En Gironde, il s\u2019agit de 35 degr\u00e9s le jour et 21 la nuit.<\/p>\n<p class=\" wall-content\">\u00ab\u00a0L\u2019intensit\u00e9 et la dur\u00e9e de cette vague de chaleur restent encore <strong>tr\u00e8s incertaines<\/strong> et \u00e0 pr\u00e9ciser ces prochains jours\u00a0\u00bb, souligne l\u2019organisme qui pr\u00e9voit des <strong>canicules plus intenses,<\/strong> plus fr\u00e9quentes et plus pr\u00e9coces \u00e0 l\u2019avenir, cons\u00e9quence du changement climatique.<\/p>\n<p>Les bons gestes \u00e0 adopter\u00a0<\/p>\n<p class=\" wall-content\">Que ce soit officiellement une canicule, ou une \u00ab\u00a0simple\u00a0\u00bb vague de chaleur, le mercure va monter tr\u00e8s haut. \u00ab\u00a0Pendant les fortes chaleurs, quelques <strong>mesures de pr\u00e9vention s\u2019imposent\u00a0\u00bb,<\/strong> rappelle la Pr\u00e9fecture de la Gironde.\u00a0<\/p>\n<p>Vid\u00e9os : en ce moment sur Actu<\/p>\n<p class=\" wall-content\">\u00ab\u00a0Restez au frais, <strong>b<\/strong><strong>uvez de l\u2019eau,<\/strong> \u00e9vitez l\u2019alcool, mangez en quantit\u00e9 suffisante, fermez les volets et fen\u00eatres le jour, a\u00e9rez la nuit, mouillez-vous le corps, donnez et prenez des nouvelles de vos proches, pr\u00e9f\u00e9rez des activit\u00e9s sans efforts\u00a0\u00bb, liste le repr\u00e9sentant de l\u2019Etat.\u00a0<\/p>\n<p class=\" wall-content\">Des recommandations plus compl\u00e8tes sont \u00e0 retrouver <a href=\"https:\/\/www.gironde.gouv.fr\/contenu\/telechargement\/67477\/502996\/file\/FAQ++%C2%AB%C2%A0canicule%C2%A0%C2%BB.pdf\" rel=\"nofollow noopener\" target=\"_blank\">sur le site de la Pr\u00e9fecture<\/a> ou du <a href=\"https:\/\/sante.gouv.fr\/IMG\/pdf\/Recommandations_sanitaires_Plan_canicule_2014.pdf\" rel=\"nofollow noopener\" target=\"_blank\">Haut Conseil de la sant\u00e9 publique.<\/a> Par ailleurs, <a href=\"https:\/\/www.bordeaux-metropole.fr\/a-votre-service\/services-aux-particuliers\/environnement-sante\/espaces-fraicheur\" rel=\"nofollow noopener\" target=\"_blank\">des espaces fra\u00eecheurs<\/a> sont disponibles \u00e0 travers les 28 communes de Bordeaux M\u00e9tropole. Ils sont <strong>majoritairement gratuits<\/strong> et ouverts \u00e0 tous en p\u00e9riode de fortes chaleurs.<\/p>\n<p class=\" wall-content\">Suivez toute l\u2019actualit\u00e9 de vos villes et m\u00e9dias favoris en vous inscrivant \u00e0 <a href=\"https:\/\/moncompte.actu.fr\" title=\"D\u00e9couvez Mon Actu\" rel=\"nofollow noopener\" data-trk=\"{&quot;cta&quot;:{&quot;action&quot;:&quot;https:\\\/\\\/moncompte.actu.fr&quot;,&quot;category&quot;:&quot;mon compte&quot;,&quot;from&quot;:&quot;article footer&quot;,&quot;name&quot;:&quot;Mon actu&quot;,&quot;type&quot;:&quot;cta&quot;}}\" target=\"_blank\">Mon Actu<\/a>.<\/p>\n","protected":false},"excerpt":{"rendered":"Par Juliette Cardinale Publi\u00e9 le 18 juin 2025 \u00e0 12h51 C\u2019est officiel : la Gironde est plac\u00e9e en&hellip;\n","protected":false},"author":2,"featured_media":185736,"comment_status":"","ping_status":"","sticky":false,"template":"","format":"standard","meta":{"footnotes":""},"categories":[2817],"tags":[1111,11,1997,6698,1777,674,1011,27,2487,2357,12,2219,25,15637],"class_list":{"0":"post-185735","1":"post","2":"type-post","3":"status-publish","4":"format-standard","5":"has-post-thumbnail","7":"category-bordeaux","8":"tag-actu","9":"tag-actualites","10":"tag-bordeaux","11":"tag-canicule","12":"tag-eu","13":"tag-europe","14":"tag-fr","15":"tag-france","16":"tag-meteo","17":"tag-meteo-france","18":"tag-news","19":"tag-nouvelle-aquitaine","20":"tag-republique-francaise","21":"tag-vague-de-chaleur"},"share_on_mastodon":{"url":"https:\/\/pubeurope.com\/@fr\/114704131845895423","error":""},"_links":{"self":[{"href":"https:\/\/www.europesays.com\/fr\/wp-json\/wp\/v2\/posts\/185735","targetHints":{"allow":["GET"]}}],"collection":[{"href":"https:\/\/www.europesays.com\/fr\/wp-json\/wp\/v2\/posts"}],"about":[{"href":"https:\/\/www.europesays.com\/fr\/wp-json\/wp\/v2\/types\/post"}],"author":[{"embeddable":true,"href":"https:\/\/www.europesays.com\/fr\/wp-json\/wp\/v2\/users\/2"}],"replies":[{"embeddable":true,"href":"https:\/\/www.europesays.com\/fr\/wp-json\/wp\/v2\/comments?post=185735"}],"version-history":[{"count":0,"href":"https:\/\/www.europesays.com\/fr\/wp-json\/wp\/v2\/posts\/185735\/revisions"}],"wp:featuredmedia":[{"embeddable":true,"href":"https:\/\/www.europesays.com\/fr\/wp-json\/wp\/v2\/media\/185736"}],"wp:attachment":[{"href":"https:\/\/www.europesays.com\/fr\/wp-json\/wp\/v2\/media?parent=185735"}],"wp:term":[{"taxonomy":"category","embeddable":true,"href":"https:\/\/www.europesays.com\/fr\/wp-json\/wp\/v2\/categories?post=185735"},{"taxonomy":"post_tag","embeddable":true,"href":"https:\/\/www.europesays.com\/fr\/wp-json\/wp\/v2\/tags?post=185735"}],"curies":[{"name":"wp","href":"https:\/\/api.w.org\/{rel}","templated":true}]}}