{"id":18574,"date":"2025-04-11T23:55:33","date_gmt":"2025-04-11T23:55:33","guid":{"rendered":"https:\/\/www.europesays.com\/fr\/18574\/"},"modified":"2025-04-11T23:55:33","modified_gmt":"2025-04-11T23:55:33","slug":"audiences-idf-franceinfo-se-place-derriere-france-inter","status":"publish","type":"post","link":"https:\/\/www.europesays.com\/fr\/18574\/","title":{"rendered":"Audiences IDF : Franceinfo se place derri\u00e8re France Inter"},"content":{"rendered":"<p>En cette rentr\u00e9e, France Inter bat un nouveau record d\u2019audience, la station gagne 100 000 auditeurs de plus en une ann\u00e9e, passant \u00e0 1,41 million d\u2019auditeurs en \u00cele-de-France.<\/p>\n<p>M\u00e9diam\u00e9trie a d\u00e9voil\u00e9 les audiences de la radio en \u00cele-de-France sur la p\u00e9riode septembre-octobre 2024. En I\u0302le-de-France, sur une journe\u0301e moyenne de Lundi-Vendredi (5h-24h), la Radio rassemble 6,2 millions d\u2019auditeurs de 13 ans et plus, pendant 2h32 par jour et par auditeur.<\/p>\n<p>franceinfo se hisse \u00e0 la seconde place avec 1, 081 million d\u2019auditeurs sur la p\u00e9riode septembre-octobre 2024.\u00a0 RTL en 3\u1d49 place rassemble 846 000 auditeurs, avec un r\u00e9sultat l\u00e9g\u00e8rement en baisse vs\u00a0 septembre-octobre 2023, alors de 881 000 auditeurs.<\/p>\n<p>C\u00f4t\u00e9 musicales<\/p>\n<p>C\u2019est radio Nostalgie qui en IDF est la radio musicale la plus \u00e9cout\u00e9e des franciliens avec 487 000 auditeurs et qui gagne aussi sur une ann\u00e9e de nombreux auditeurs. Elle passe de 396 000\u00a0 en septembre-octobre 2023 \u00e0 487 000 auditeurs sur la m\u00eame p\u00e9riode en 2024. Skyrock qui elle perd quasiment 100 000 auditeurs sur un an : montre une audience cumul\u00e9e de 457 000 auditeurs sur cette vague vs septembre-octobre 2023. NRJ en l\u00e9g\u00e8re baisse affiche quant \u00e0 elle une audience cumul\u00e9e de\u00a0 397 000 auditeurs.<\/p>\n<p><img loading=\"lazy\" decoding=\"async\" class=\"aligncenter wp-image-96881 size-full\" src=\"https:\/\/www.europesays.com\/fr\/wp-content\/uploads\/2025\/04\/Capture-decran-2024-11-21-a-10.18.05.png\" alt=\"\" width=\"1269\" height=\"554\"  \/> <img loading=\"lazy\" decoding=\"async\" class=\"aligncenter wp-image-96879 size-full\" src=\"https:\/\/www.europesays.com\/fr\/wp-content\/uploads\/2025\/04\/Capture-decran-2024-11-21-a-10.18.42.png\" alt=\"\" width=\"1206\" height=\"554\"  \/> <img loading=\"lazy\" decoding=\"async\" class=\"aligncenter wp-image-96880 size-full\" src=\"https:\/\/www.europesays.com\/fr\/wp-content\/uploads\/2025\/04\/Capture-decran-2024-11-21-a-10.18.21.png\" alt=\"\" width=\"1229\" height=\"366\"  \/><\/p>\n","protected":false},"excerpt":{"rendered":"En cette rentr\u00e9e, France Inter bat un nouveau record d\u2019audience, la station gagne 100 000 auditeurs de plus&hellip;\n","protected":false},"author":2,"featured_media":18575,"comment_status":"","ping_status":"","sticky":false,"template":"","format":"standard","meta":{"footnotes":""},"categories":[1592],"tags":[1111,11,4298,1777,674,1011,27,662,12,626,25],"class_list":{"0":"post-18574","1":"post","2":"type-post","3":"status-publish","4":"format-standard","5":"has-post-thumbnail","7":"category-ile-de-france","8":"tag-actu","9":"tag-actualites","10":"tag-chiffres","11":"tag-eu","12":"tag-europe","13":"tag-fr","14":"tag-france","15":"tag-ile-de-france","16":"tag-news","17":"tag-paris","18":"tag-republique-francaise"},"share_on_mastodon":{"url":"https:\/\/pubeurope.com\/@fr\/114322035451259505","error":""},"_links":{"self":[{"href":"https:\/\/www.europesays.com\/fr\/wp-json\/wp\/v2\/posts\/18574","targetHints":{"allow":["GET"]}}],"collection":[{"href":"https:\/\/www.europesays.com\/fr\/wp-json\/wp\/v2\/posts"}],"about":[{"href":"https:\/\/www.europesays.com\/fr\/wp-json\/wp\/v2\/types\/post"}],"author":[{"embeddable":true,"href":"https:\/\/www.europesays.com\/fr\/wp-json\/wp\/v2\/users\/2"}],"replies":[{"embeddable":true,"href":"https:\/\/www.europesays.com\/fr\/wp-json\/wp\/v2\/comments?post=18574"}],"version-history":[{"count":0,"href":"https:\/\/www.europesays.com\/fr\/wp-json\/wp\/v2\/posts\/18574\/revisions"}],"wp:featuredmedia":[{"embeddable":true,"href":"https:\/\/www.europesays.com\/fr\/wp-json\/wp\/v2\/media\/18575"}],"wp:attachment":[{"href":"https:\/\/www.europesays.com\/fr\/wp-json\/wp\/v2\/media?parent=18574"}],"wp:term":[{"taxonomy":"category","embeddable":true,"href":"https:\/\/www.europesays.com\/fr\/wp-json\/wp\/v2\/categories?post=18574"},{"taxonomy":"post_tag","embeddable":true,"href":"https:\/\/www.europesays.com\/fr\/wp-json\/wp\/v2\/tags?post=18574"}],"curies":[{"name":"wp","href":"https:\/\/api.w.org\/{rel}","templated":true}]}}