{"id":185741,"date":"2025-06-18T11:30:13","date_gmt":"2025-06-18T11:30:13","guid":{"rendered":"https:\/\/www.europesays.com\/fr\/185741\/"},"modified":"2025-06-18T11:30:13","modified_gmt":"2025-06-18T11:30:13","slug":"les-patisseries-de-cette-boulangerie-installee-a-lille-sont-parmi-les-plus-creatives-au-monde","status":"publish","type":"post","link":"https:\/\/www.europesays.com\/fr\/185741\/","title":{"rendered":"Les p\u00e2tisseries de cette boulangerie install\u00e9e \u00e0 Lille sont parmi les plus cr\u00e9atives au monde"},"content":{"rendered":"<p>            Par<br \/>\n        <strong><br \/>\n            <a href=\"https:\/\/actu.fr\/auteur\/hervine-mahaud\" title=\"Consulter tous les articles de Hervine Mahaud\" rel=\"nofollow noopener\" target=\"_blank\">Hervine Mahaud<\/a><br \/>\n        <\/strong><\/p>\n<p>        Publi\u00e9 le<\/p>\n<p>            18 juin 2025 \u00e0 12h46        <\/p>\n<p>L\u2019actualit\u00e9 gourmande est plus que bouillonnante en ce moment\u2009! Et ce n\u2019est \u00e9videmment pas pour nous d\u00e9plaire. Derni\u00e8re en date, une <b>tr\u00e8s belle r\u00e9compense<\/b> pour une enseigne de <b>boulangerie-p\u00e2tisserie<\/b> install\u00e9e \u00e0 <b>Lille<\/b>\u2009: <b>The French Bastards<\/b>, dont les <b>boutiques<\/b> sont situ\u00e9es <a href=\"https:\/\/actu.fr\/hauts-de-france\/lille_59350\/lille-la-boulangerie-the-french-bastards-ouvre-sa-boutique-et-annonce-des-surprises_61184901.html\" rel=\"nofollow noopener\" target=\"_blank\">rue Basse<\/a> et <a href=\"https:\/\/actu.fr\/hauts-de-france\/lille_59350\/lille-grace-au-succes-de-sa-premiere-boutique-the-french-bastards-ouvre-deja-une-nouvelle-boulangerie_62520032.html\" rel=\"nofollow noopener\" target=\"_blank\">rue Neuve<\/a>.<\/p>\n<p>La cr\u00e9ativit\u00e9 de The French Bastards reconnue au niveau mondial<\/p>\n<p class=\" wall-content\">Le prix a \u00e9t\u00e9 d\u00e9cern\u00e9 par <b>La Liste<\/b>, un <b>guide gastronomique<\/b> qui r\u00e9compense l<b>es plus beaux \u00e9tablissements du monde<\/b>. Les restaurants bien s\u00fbr, mais aussi les h\u00f4tels ainsi que, depuis 2023, les p\u00e2tisseries.<\/p>\n<p class=\" wall-content\"><a href=\"https:\/\/actu.fr\/hauts-de-france\/lille_59350\/lille-ouverte-depuis-peu-la-patisserie-neja-est-deja-consideree-comme-lune-des-meilleures-du-monde_62782914.html\" rel=\"nofollow noopener\" target=\"_blank\">En plus de r\u00e9compenser la p\u00e2tisserie Neja<\/a> dans son palmar\u00e8s 2025, l\u2019organisme a sacr\u00e9 <b>Julien Abourmad<\/b>, co-fondateur de The French Bastards en lui remettant le prix \u00ab<b>\u2009P\u00e2tisserie de l\u2019Innovation<\/b>.\u2009\u00bb Il r\u00e9compense les \u00ab<b>\u2009chefs p\u00e2tissiers qui se r\u00e9inventent<\/b> en cr\u00e9ant de nouvelles opportunit\u00e9s de d\u00e9veloppement\u2009\u00bb. Autrement dit, les p\u00e2tissiers qui osent <b>cr\u00e9er des gourmandises in\u00e9dites, jamais vues ailleurs<\/b>.<\/p>\n<p class=\" wall-content\"><a href=\"https:\/\/www.instagram.com\/p\/CYL-SRnpbVD\/embed\" title=\"Ouvrir le lien sur Instagram\" rel=\"nofollow noopener\" target=\"_blank\">Visualiser le contenu sur Instagram<\/a><\/p>\n<p class=\" wall-content\">Et c\u2019est en effet ce que propose l\u2019enseigne The French Bastards, n\u00e9e en 2018 \u00e0 Paris, avec l\u2019ambition de <a href=\"https:\/\/actu.fr\/hauts-de-france\/lille_59350\/patisseries-foodporn-et-pains-au-levain-la-boulangerie-french-bastards-debarque-a-lille_60756855.html\" rel=\"nofollow noopener\" target=\"_blank\">d\u00e9poussi\u00e9rer l\u2019image de la boulangerie-p\u00e2tisserie<\/a> en sortant notamment des <b>produits \u00ab\u2009foodporn\u2009\u00bb<\/b>.<\/p>\n<p>    <img   decoding=\"async\" loading=\"lazy\" class=\"size-large\" src=\"https:\/\/www.europesays.com\/fr\/wp-content\/uploads\/2025\/06\/4751adf0715867b51adf071585f51av-960x640.jpg\" alt=\"The French bastards boulangerie patisserie lille\" width=\"960\" height=\"640\"\/><br \/>\n    L\u2019enseigne a su insuffler une dose de modernit\u00e9 au secteur de la boulangerie traditionnelle gr\u00e2ce \u00e0 ses produits innovants. \u00a9Hervine MahaudVid\u00e9os : en ce moment sur Actu<\/p>\n<p class=\" wall-content\">Par exemple la\u00a0<b>BCBG<\/b> (une brioche cookie fourr\u00e9e \u00e0 la p\u00e2te \u00e0 tartiner), le <b>cruffin<\/b> (hybride du croissant et du muffin), le <b>cookie roll<\/b> ou plus r\u00e9cemment les <b>macarons-cookies<\/b> (vendus que dans certaines boutiques, dont celle de la rue Neuve \u00e0 Lille) ou les <b>barres glac\u00e9es<\/b>.<\/p>\n<p class=\" wall-content\"><a href=\"https:\/\/www.instagram.com\/p\/DIg-5des6b3\/embed\" title=\"Ouvrir le lien sur Instagram\" rel=\"nofollow noopener\" target=\"_blank\">Visualiser le contenu sur Instagram<\/a><\/p>\n<p class=\" wall-content\">Si vous n\u2019avez pas encore test\u00e9 ces p\u00e2tisseries, voil\u00e0 une raison de plus pour les d\u00e9couvrir.<\/p>\n<p class=\" wall-content\">Suivez toute l\u2019actualit\u00e9 de vos villes et m\u00e9dias favoris en vous inscrivant \u00e0 <a href=\"https:\/\/moncompte.actu.fr\" title=\"D\u00e9couvez Mon Actu\" rel=\"nofollow noopener\" data-trk=\"{&quot;cta&quot;:{&quot;action&quot;:&quot;https:\\\/\\\/moncompte.actu.fr&quot;,&quot;category&quot;:&quot;mon compte&quot;,&quot;from&quot;:&quot;article footer&quot;,&quot;name&quot;:&quot;Mon actu&quot;,&quot;type&quot;:&quot;cta&quot;}}\" target=\"_blank\">Mon Actu<\/a>.<\/p>\n<p>                    <script async src=\"\/\/www.instagram.com\/embed.js\"><\/script><\/p>\n","protected":false},"excerpt":{"rendered":"Par Hervine Mahaud Publi\u00e9 le 18 juin 2025 \u00e0 12h46 L\u2019actualit\u00e9 gourmande est plus que bouillonnante en ce&hellip;\n","protected":false},"author":2,"featured_media":185742,"comment_status":"","ping_status":"","sticky":false,"template":"","format":"standard","meta":{"footnotes":""},"categories":[2815],"tags":[1111,11,215,33,1777,674,1011,27,811,1307,12,25],"class_list":{"0":"post-185741","1":"post","2":"type-post","3":"status-publish","4":"format-standard","5":"has-post-thumbnail","7":"category-lille","8":"tag-actu","9":"tag-actualites","10":"tag-commerce","11":"tag-economie","12":"tag-eu","13":"tag-europe","14":"tag-fr","15":"tag-france","16":"tag-hauts-de-france","17":"tag-lille","18":"tag-news","19":"tag-republique-francaise"},"share_on_mastodon":{"url":"https:\/\/pubeurope.com\/@fr\/114704143246692847","error":""},"_links":{"self":[{"href":"https:\/\/www.europesays.com\/fr\/wp-json\/wp\/v2\/posts\/185741","targetHints":{"allow":["GET"]}}],"collection":[{"href":"https:\/\/www.europesays.com\/fr\/wp-json\/wp\/v2\/posts"}],"about":[{"href":"https:\/\/www.europesays.com\/fr\/wp-json\/wp\/v2\/types\/post"}],"author":[{"embeddable":true,"href":"https:\/\/www.europesays.com\/fr\/wp-json\/wp\/v2\/users\/2"}],"replies":[{"embeddable":true,"href":"https:\/\/www.europesays.com\/fr\/wp-json\/wp\/v2\/comments?post=185741"}],"version-history":[{"count":0,"href":"https:\/\/www.europesays.com\/fr\/wp-json\/wp\/v2\/posts\/185741\/revisions"}],"wp:featuredmedia":[{"embeddable":true,"href":"https:\/\/www.europesays.com\/fr\/wp-json\/wp\/v2\/media\/185742"}],"wp:attachment":[{"href":"https:\/\/www.europesays.com\/fr\/wp-json\/wp\/v2\/media?parent=185741"}],"wp:term":[{"taxonomy":"category","embeddable":true,"href":"https:\/\/www.europesays.com\/fr\/wp-json\/wp\/v2\/categories?post=185741"},{"taxonomy":"post_tag","embeddable":true,"href":"https:\/\/www.europesays.com\/fr\/wp-json\/wp\/v2\/tags?post=185741"}],"curies":[{"name":"wp","href":"https:\/\/api.w.org\/{rel}","templated":true}]}}