{"id":185757,"date":"2025-06-18T11:38:09","date_gmt":"2025-06-18T11:38:09","guid":{"rendered":"https:\/\/www.europesays.com\/fr\/185757\/"},"modified":"2025-06-18T11:38:09","modified_gmt":"2025-06-18T11:38:09","slug":"le-ministre-de-linterieur-bruno-retailleau-empeche-de-se-rendre-a-la-gare-du-nord-a-paris-voici-pourquoi","status":"publish","type":"post","link":"https:\/\/www.europesays.com\/fr\/185757\/","title":{"rendered":"Le ministre de l&rsquo;Int\u00e9rieur, Bruno Retailleau, emp\u00each\u00e9 de se rendre \u00e0 la gare du Nord \u00e0 Paris : voici pourquoi"},"content":{"rendered":"<p>            Par<br \/>\n        <strong><br \/>\n            <a href=\"https:\/\/actu.fr\/auteur\/julie-bossart-actu-fr\" title=\"Consulter tous les articles de Julie Bossart\" target=\"_blank\" rel=\"noopener\">Julie Bossart<\/a><br \/>\n        <\/strong><\/p>\n<p>        Publi\u00e9 le<\/p>\n<p>            18 juin 2025 \u00e0 12h42        <\/p>\n<p>Un couac qui rend bien compte des fr\u00e9quentes difficult\u00e9s rencontr\u00e9es par les usagers des transports en commun en \u00cele-de-France. Attendu <a href=\"https:\/\/actu.fr\/tag\/gare-du-nord\" target=\"_blank\" rel=\"noopener\">Gare du Nord<\/a> \u00e0 <a href=\"https:\/\/actu.fr\/paris\/dernieres-actus\" target=\"_blank\" rel=\"noopener\">Paris<\/a> (10e) ce mercredi 18 juin 2025, <a href=\"https:\/\/actu.fr\/tag\/bruno-retailleau\" target=\"_blank\" rel=\"noopener\">Bruno Retailleau<\/a> a d\u00fb faire faux bond \u00e0 la derni\u00e8re minute. \u00ab\u2009En raison des perturbations ferroviaires qui affectent l\u2019organisation [de la gare], le d\u00e9placement [du ministre de l\u2019Int\u00e9rieur] ce matin est report\u00e9\u2009\u00bb, a fait savoir son entourage \u00e0 une demi-heure du rendez-vous cens\u00e9 commencer \u00e0 l\u2019entr\u00e9e de la gare routi\u00e8re.<\/p>\n<p>\u00ab\u00a0Plus de policiers que de voyageurs\u00a0\u00bb<\/p>\n<p class=\" wall-content\">\u00c0 ce moment-l\u00e0, les comptes X des op\u00e9rateurs faisaient mention de plusieurs incidents affectant diff\u00e9rentes lignes desservant la gare la plus fr\u00e9quent\u00e9e d\u2019Europe. Sur le <a href=\"https:\/\/actu.fr\/tag\/rer-b\/page\/4\" target=\"_blank\" rel=\"noopener\">RER B<\/a>, notamment, le trafic entier \u00e9tait chamboul\u00e9 en raison de la panne d\u2019un train survenue deux heures plus t\u00f4t.<\/p>\n<p class=\" wall-content\">\n<p class=\" wall-content\">Des suppressions et des retards en ont d\u00e9coul\u00e9. Le trafic a toutefois pu reprendre normalement aux alentours de 11h15.<\/p>\n<p class=\" wall-content\">Sur X, quelques voyageurs ont fait part de leur \u00e9tonnement \u00e0 la vue du dispositif de s\u00e9curit\u00e9 mis en place pour la venue de Bruno Retailleau.<\/p>\n<p class=\" wall-content\">\n<p class=\" wall-content\">Un d\u00e9placement organis\u00e9 dans le cadre de l\u2019<a href=\"https:\/\/actu.fr\/politique\/pourquoi-vous-risquez-de-voir-plus-de-controles-de-police-dans-les-gares-ces-deux-prochains-jours_62787043.html\" target=\"_blank\" rel=\"noopener\">op\u00e9ration nationale de contr\u00f4les<\/a> dans les gares, trains et bus qui se d\u00e9roule aujourd\u2019hui et demain. Son but\u2009: lutter contre \u00ab\u2009<a href=\"https:\/\/actu.fr\/tag\/immigration\" target=\"_blank\" rel=\"noopener\">l\u2019immigration<\/a> irr\u00e9guli\u00e8re\u2009\u00bb.<\/p>\n<p>Vid\u00e9os : en ce moment sur ActuDes contr\u00f4les jusqu\u2019\u00e0 jeudi soir<\/p>\n<p class=\" wall-content\">Dans un document dat\u00e9 du 12\u00a0juin et adress\u00e9 notamment au g\u00e9n\u00e9ral d\u2019arm\u00e9e, aux pr\u00e9fets, aux directions de la gendarmerie et police ainsi qu\u2019aux douanes, on pouvait lire, rapporte <a href=\"https:\/\/www.ouest-france.fr\/societe\/immigration\/immigration-operation-de-controle-aux-frontieres-dans-les-gares-et-trains-mercredi-et-jeudi-f84939dc-4b74-11f0-9cff-87ef4f671601\" target=\"_blank\" rel=\"noopener\">Ouest-France<\/a>\u2009: \u00ab\u2009En compl\u00e9ment du r\u00e9seau routier, le r\u00e9seau ferroviaire international et national semble constituer un vecteur essentiel de transit pour les clandestins depuis l\u2019\u00e9tranger et en interne entre les r\u00e9gions, en particulier vers la zone nord (..) Les trains r\u00e9gionaux, en particulier dans les zones frontali\u00e8res, pourront utilement \u00eatre contr\u00f4l\u00e9s apr\u00e8s sensibilisation des instances r\u00e9gionales concern\u00e9es.\u2009\u00bb<\/p>\n<p class=\" wall-content\">\u00c0 noter que ces op\u00e9rations auront lieu toute la journ\u00e9e, men\u00e9es en continu jusqu\u2019\u00e0 demain 20\u00a0heures, en lien avec les services de la <a href=\"https:\/\/actu.fr\/tag\/sncf\" target=\"_blank\" rel=\"noopener\">SNCF<\/a> qui ont \u00e9t\u00e9 pr\u00e9alablement sensibilis\u00e9s \u00e0 cette op\u00e9ration nationale\u2009\u00bb, pr\u00e9cise la note.<\/p>\n<p class=\" wall-content\">Fin mai, une \u00ab\u2009op\u00e9ration nationale de contr\u00f4le des flux\u2009\u00bb avait men\u00e9 \u00e0 l\u2019interpellation de 750\u00a0personnes.<\/p>\n<p class=\" wall-content\">Suivez toute l\u2019actualit\u00e9 de vos villes et m\u00e9dias favoris en vous inscrivant \u00e0 <a href=\"https:\/\/moncompte.actu.fr\" title=\"D\u00e9couvez Mon Actu\" rel=\"nofollow noopener\" data-trk=\"{&quot;cta&quot;:{&quot;action&quot;:&quot;https:\\\/\\\/moncompte.actu.fr&quot;,&quot;category&quot;:&quot;mon compte&quot;,&quot;from&quot;:&quot;article footer&quot;,&quot;name&quot;:&quot;Mon actu&quot;,&quot;type&quot;:&quot;cta&quot;}}\" target=\"_blank\">Mon Actu<\/a>.<\/p>\n","protected":false},"excerpt":{"rendered":"Par Julie Bossart Publi\u00e9 le 18 juin 2025 \u00e0 12h42 Un couac qui rend bien compte des fr\u00e9quentes&hellip;\n","protected":false},"author":2,"featured_media":185758,"comment_status":"","ping_status":"","sticky":false,"template":"","format":"standard","meta":{"footnotes":""},"categories":[1888],"tags":[1111,1928,11,1927,1013,1777,674,1011,27,14904,12,1926,626,1925,25,2215,104],"class_list":{"0":"post-185757","1":"post","2":"type-post","3":"status-publish","4":"format-standard","5":"has-post-thumbnail","7":"category-paris","8":"tag-actu","9":"tag-actu-paris","10":"tag-actualites","11":"tag-actualites-paris","12":"tag-bruno-retailleau","13":"tag-eu","14":"tag-europe","15":"tag-fr","16":"tag-france","17":"tag-gare-du-nord","18":"tag-news","19":"tag-news-paris","20":"tag-paris","21":"tag-paris-news","22":"tag-republique-francaise","23":"tag-sncf","24":"tag-societe"},"share_on_mastodon":{"url":"https:\/\/pubeurope.com\/@fr\/114704174569967140","error":""},"_links":{"self":[{"href":"https:\/\/www.europesays.com\/fr\/wp-json\/wp\/v2\/posts\/185757","targetHints":{"allow":["GET"]}}],"collection":[{"href":"https:\/\/www.europesays.com\/fr\/wp-json\/wp\/v2\/posts"}],"about":[{"href":"https:\/\/www.europesays.com\/fr\/wp-json\/wp\/v2\/types\/post"}],"author":[{"embeddable":true,"href":"https:\/\/www.europesays.com\/fr\/wp-json\/wp\/v2\/users\/2"}],"replies":[{"embeddable":true,"href":"https:\/\/www.europesays.com\/fr\/wp-json\/wp\/v2\/comments?post=185757"}],"version-history":[{"count":0,"href":"https:\/\/www.europesays.com\/fr\/wp-json\/wp\/v2\/posts\/185757\/revisions"}],"wp:featuredmedia":[{"embeddable":true,"href":"https:\/\/www.europesays.com\/fr\/wp-json\/wp\/v2\/media\/185758"}],"wp:attachment":[{"href":"https:\/\/www.europesays.com\/fr\/wp-json\/wp\/v2\/media?parent=185757"}],"wp:term":[{"taxonomy":"category","embeddable":true,"href":"https:\/\/www.europesays.com\/fr\/wp-json\/wp\/v2\/categories?post=185757"},{"taxonomy":"post_tag","embeddable":true,"href":"https:\/\/www.europesays.com\/fr\/wp-json\/wp\/v2\/tags?post=185757"}],"curies":[{"name":"wp","href":"https:\/\/api.w.org\/{rel}","templated":true}]}}