{"id":185759,"date":"2025-06-18T11:39:10","date_gmt":"2025-06-18T11:39:10","guid":{"rendered":"https:\/\/www.europesays.com\/fr\/185759\/"},"modified":"2025-06-18T11:39:10","modified_gmt":"2025-06-18T11:39:10","slug":"la-chaleur-saccentue-ce-mercredi-jusqua-30c-a-paris-et-des-pointes-a-35c-en-languedoc-roussillon","status":"publish","type":"post","link":"https:\/\/www.europesays.com\/fr\/185759\/","title":{"rendered":"La chaleur s\u2019accentue ce mercredi, jusqu\u2019\u00e0 30\u00b0C \u00e0 Paris et des pointes \u00e0 35\u00b0C en Languedoc-Roussillon"},"content":{"rendered":"<p>Les temp\u00e9ratures vont continuer \u00e0 monter au fil des jours, certains d\u00e9partements pourraient passer en alerte canicule.<\/p>\n<p class=\"fig-paragraph\">Les temp\u00e9ratures estivales se maintiennent. L\u2019air est moins frais que les jours pr\u00e9c\u00e9dents ce matin, et de\u00a0<a href=\"http:\/\/www.lefigaro.fr\/meteo\/fortes-chaleurs-en-france-un-mois-de-juin-aux-allures-de-plein-ete-20250613\" target=\"_blank\" data-fig-type=\"NewsFlash\" rel=\"noopener\" data-gtm-custom-categorie=\"navigation\" data-gtm-custom-action=\"crossclick\" data-gtm-custom-label=\"Contextuel\" data-gtm-event=\"customEventSPE\" data-fig-domain=\"LEFIGARO\">fortes chaleurs<\/a>\u00a0s\u2019installent dans la journ\u00e9e, pr\u00e9voit\u00a0<a href=\"https:\/\/actualite.lachainemeteo.com\/actualite-meteo\/2025-06-17\/meteo-du-mercredi-18-juin-soleil-avec-30-c-a-paris-et-des-pointes-a-35-c-au-sud-79030\" target=\"_blank\" rel=\"noopener\" data-gtm-custom-categorie=\"navigation\" data-gtm-custom-action=\"crossclick\" data-gtm-custom-label=\"Contextuel\" data-gtm-event=\"customEventSPE\">La Cha\u00eene M\u00e9t\u00e9o<\/a> *.<\/p>\n<p>Ce matin, de rares bancs de grisailles<\/p>\n<p class=\"fig-paragraph\">Le temps est globalement bien ensoleill\u00e9 ce matin. Seuls quelques bancs de grisaille (<a href=\"http:\/\/www.lefigaro.fr\/meteo\/comment-se-forme-le-brouillard-20230127\" target=\"_blank\" data-fig-type=\"Article\" rel=\"noopener\" data-gtm-custom-categorie=\"navigation\" data-gtm-custom-action=\"crossclick\" data-gtm-custom-label=\"Contextuel\" data-gtm-event=\"customEventSPE\" data-fig-domain=\"LEFIGARO\">brouillards\u00a0<\/a>ou nuages bas) sont pr\u00e9sents sur les r\u00e9gions proches de la Manche et dans les Landes, se dissipant en cours de matin\u00e9e.<\/p>\n<p class=\"fig-paragraph\">Agr\u00e9ables, les temp\u00e9ratures sont comprises entre 12\u00b0C \u00e0 Rouen et Aurillac et 22\u00b0C \u00e0 Nice. \u00c0 la mi-journ\u00e9e, il fera d\u00e9j\u00e0 chaud sur une large moiti\u00e9 sud.<\/p>\n<p>Des temp\u00e9ratures estivales et une chaleur en augmentation<\/p>\n<p class=\"fig-paragraph\">Sur la moiti\u00e9 nord et sur les reliefs du sud, le\u00a0<a href=\"http:\/\/www.lefigaro.fr\/voyages\/guides\/soleil-et-petits-prix-a-quoi-vont-ressembler-les-vacances-d-ete-des-francais-20250617\" target=\"_blank\" data-fig-type=\"NewsFlash\" rel=\"noopener\" data-gtm-custom-categorie=\"navigation\" data-gtm-custom-action=\"crossclick\" data-gtm-custom-label=\"Contextuel\" data-gtm-event=\"customEventSPE\" data-fig-domain=\"LEFIGARO\">soleil\u00a0<\/a>brille g\u00e9n\u00e9reusement avec quelques nuages de beau temps. L\u2019air se r\u00e9chauffe de jour en jour, et peine \u00e0 se rafra\u00eechir malgr\u00e9 le vent de Nord \u00e0 Nord-Est.<\/p>\n<p class=\"fig-paragraph\">\u00c0 Cherbourg, le mercure atteint 18\u00b0C, tandis que les maximales atteignent 34\u00b0C \u00e0 Montpellier. Il fait 25\u00b0C \u00e0 Brest, 27\u00b0C \u00e0 Lille et Rouen, 29\u00b0C \u00e0 Strasbourg, 30\u00b0C Paris, 32\u00b0C \u00e0 Lyon, et 33\u00b0C \u00e0 Toulouse.<\/p>\n<p>Un temps estival en soir\u00e9e<\/p>\n<p class=\"fig-paragraph\">Le soleil persiste en soir\u00e9e, o\u00f9 il fait encore chaud sur les deux tiers sud\u00a0: \u00e0 21h , il fait entre 25 et 30\u00b0C.<\/p>\n<p>Tendance pour les prochains jours<\/p>\n<p class=\"fig-paragraph\">Au fil des jours, le temps estival va se poursuivre, et les temp\u00e9ratures seront de plus en plus \u00e9lev\u00e9es au fil des jours. Une vague de chaleur se profile entre jeudi et lundi prochain, si bien que certains d\u00e9partements pourraient passer en\u00a0<a href=\"http:\/\/www.lefigaro.fr\/sciences\/pic-historique-des-temperatures-rechauffement-climatique-vigilance-rouge-tout-savoir-sur-les-canicules-20220718\" target=\"_blank\" data-fig-type=\"Article\" rel=\"noopener\" data-gtm-custom-categorie=\"navigation\" data-gtm-custom-action=\"crossclick\" data-gtm-custom-label=\"Contextuel\" data-gtm-event=\"customEventSPE\" data-fig-domain=\"LEFIGARO\">alerte canicule<\/a>.<\/p>\n<p class=\"fig-paragraph\">*La Cha\u00eene M\u00e9t\u00e9o appartient au groupe Figaro.<\/p>\n","protected":false},"excerpt":{"rendered":"Les temp\u00e9ratures vont continuer \u00e0 monter au fil des jours, certains d\u00e9partements pourraient passer en alerte canicule. Les&hellip;\n","protected":false},"author":2,"featured_media":185760,"comment_status":"","ping_status":"","sticky":false,"template":"","format":"standard","meta":{"footnotes":""},"categories":[1888],"tags":[1111,1928,11,1927,13208,1777,674,1011,27,2487,7750,7752,7751,7749,2357,12,1926,626,1925,7748,25,4904],"class_list":{"0":"post-185759","1":"post","2":"type-post","3":"status-publish","4":"format-standard","5":"has-post-thumbnail","7":"category-paris","8":"tag-actu","9":"tag-actu-paris","10":"tag-actualites","11":"tag-actualites-paris","12":"tag-chaleur","13":"tag-eu","14":"tag-europe","15":"tag-fr","16":"tag-france","17":"tag-meteo","18":"tag-meteo-aujourdhui","19":"tag-meteo-demain","20":"tag-meteo-du-jour","21":"tag-meteo-paris","22":"tag-meteo-france","23":"tag-news","24":"tag-news-paris","25":"tag-paris","26":"tag-paris-news","27":"tag-prevision-meteo","28":"tag-republique-francaise","29":"tag-soleil"},"share_on_mastodon":{"url":"https:\/\/pubeurope.com\/@fr\/114704178682245504","error":""},"_links":{"self":[{"href":"https:\/\/www.europesays.com\/fr\/wp-json\/wp\/v2\/posts\/185759","targetHints":{"allow":["GET"]}}],"collection":[{"href":"https:\/\/www.europesays.com\/fr\/wp-json\/wp\/v2\/posts"}],"about":[{"href":"https:\/\/www.europesays.com\/fr\/wp-json\/wp\/v2\/types\/post"}],"author":[{"embeddable":true,"href":"https:\/\/www.europesays.com\/fr\/wp-json\/wp\/v2\/users\/2"}],"replies":[{"embeddable":true,"href":"https:\/\/www.europesays.com\/fr\/wp-json\/wp\/v2\/comments?post=185759"}],"version-history":[{"count":0,"href":"https:\/\/www.europesays.com\/fr\/wp-json\/wp\/v2\/posts\/185759\/revisions"}],"wp:featuredmedia":[{"embeddable":true,"href":"https:\/\/www.europesays.com\/fr\/wp-json\/wp\/v2\/media\/185760"}],"wp:attachment":[{"href":"https:\/\/www.europesays.com\/fr\/wp-json\/wp\/v2\/media?parent=185759"}],"wp:term":[{"taxonomy":"category","embeddable":true,"href":"https:\/\/www.europesays.com\/fr\/wp-json\/wp\/v2\/categories?post=185759"},{"taxonomy":"post_tag","embeddable":true,"href":"https:\/\/www.europesays.com\/fr\/wp-json\/wp\/v2\/tags?post=185759"}],"curies":[{"name":"wp","href":"https:\/\/api.w.org\/{rel}","templated":true}]}}