{"id":185765,"date":"2025-06-18T11:42:18","date_gmt":"2025-06-18T11:42:18","guid":{"rendered":"https:\/\/www.europesays.com\/fr\/185765\/"},"modified":"2025-06-18T11:42:18","modified_gmt":"2025-06-18T11:42:18","slug":"russie-la-coree-du-nord-va-envoyer-des-militaires-pour-reconstruire-la-region-de-koursk","status":"publish","type":"post","link":"https:\/\/www.europesays.com\/fr\/185765\/","title":{"rendered":"Russie. La Cor\u00e9e du Nord va envoyer des militaires pour reconstruire la r\u00e9gion de Koursk"},"content":{"rendered":"<p>Moscou a annonc\u00e9 mardi que Pyongyang allait envoyer plusieurs milliers de sapeurs militaires et des ouvriers de l&rsquo;arm\u00e9e nord-cor\u00e9enne pour aider \u00e0 la reconstruction de la r\u00e9gion russe de Koursk, qui avait \u00e9t\u00e9 partiellement occup\u00e9e par les forces ukrainiennes entre ao\u00fbt 2024 et le printemps 2025.<\/p>\n<p>Ce contenu est bloqu\u00e9 car vous n&rsquo;avez pas accept\u00e9 les cookies et autres traceurs.<\/p>\n<p>En cliquant sur \u00ab J\u2019accepte \u00bb, les cookies et autres traceurs seront d\u00e9pos\u00e9s et vous pourrez visualiser les contenus  (<a href=\"\" class=\"consentModule_policy\" target=\"_blank\" title=\"Consulter la politique de protection des donn\u00e9es du fournisseur\">plus d&rsquo;informations<\/a>).<\/p>\n<p>En cliquant sur \u00ab J\u2019accepte tous les cookies \u00bb, vous autorisez des d\u00e9p\u00f4ts de cookies et autres traceurs pour le stockage de vos donn\u00e9es sur nos sites et applications \u00e0 des fins de personnalisation et de ciblage publicitaire.<\/p>\n<p class=\"consentModule_secondaryText\">Vous gardez la possibilit\u00e9 de retirer votre consentement \u00e0 tout moment en consultant notre <a href=\"https:\/\/www.ledauphine.com\/protection-des-donnees\" target=\"_blank\" title=\"Consulter notre politique de protection des donn\u00e9es\" rel=\"nofollow noopener\">politique de protection des donn\u00e9es<\/a>. <br \/>&#13;<br \/>\n            <a href=\"https:\/\/www.ledauphine.com\/defense-guerre-conflit\/2025\/06\/18\/javascript:Didomi.notice.show()\" class=\"consentModule_cmp\" rel=\"nofollow noopener\" target=\"_blank\">G\u00e9rer mes choix<\/a>&#13;\n        <\/p>\n<p>&#13;<br \/>\n                        J&rsquo;accepte&#13;<br \/>\n            J&rsquo;accepte tous les cookies&#13;\n        <\/p>\n<p>\u00ab Cinq mille personnes, r\u00e9unies au sein d&rsquo;une division d&rsquo;ouvriers, se chargeront de la reconstruction de la r\u00e9gion de Koursk \u00bb, en plus de \u00ab 1 000 sapeurs \u00bb &#8211; des soldats du g\u00e9nie -, a d\u00e9clar\u00e9 le secr\u00e9taire du Conseil de s\u00e9curit\u00e9 russe, Sergue\u00ef Cho\u00efgou, \u00e0 l&rsquo;issue d&rsquo;un entretien \u00e0 Pyongyang avec le dirigeant <a href=\"https:\/\/www.ledauphine.com\/p\/kim-jong-un\" target=\"_blank\" rel=\"nofollow noopener\">Kim Jong-Un<\/a>, selon les agences russes.<\/p>\n<p>\u00ab Aide fraternelle\u00a0\u00bb<\/p>\n<p>Le responsable russe, en visite en Cor\u00e9e du Nord une deuxi\u00e8me fois en moins de quinze jours, a salu\u00e9 \u00ab l&rsquo;aide fraternelle \u00bb de Pyongyang, d&rsquo;apr\u00e8s l&rsquo;agence russe Ria Novosti. Cette annonce illustre <a href=\"https:\/\/www.ledauphine.com\/defense-guerre-conflit\/2025\/03\/21\/pyongyang-teste-un-nouveau-missile-anti-aerien-et-accueille-un-emissaire-russe\" target=\"_blank\" rel=\"nofollow noopener\">le rapprochement entre Moscou et son voisin nord-cor\u00e9en<\/a> et intervient moins de deux mois apr\u00e8s la revendication par le pr\u00e9sident russe <a href=\"https:\/\/www.ledauphine.com\/p\/vladimir-poutine\" target=\"_blank\" rel=\"nofollow noopener\">Vladimir Poutine<\/a> de l&rsquo;expulsion \u00ab totale \u00bb des forces ukrainiennes de la r\u00e9gion russe de Koursk, frontali\u00e8re de l&rsquo;Ukraine. Celle-ci avait \u00e9t\u00e9 en partie occup\u00e9e par l&rsquo;arm\u00e9e de Kiev depuis un assaut d&rsquo;ampleur surprise lanc\u00e9 en ao\u00fbt 2024.<\/p>\n<p>L&rsquo;arm\u00e9e russe a reconnu qu&rsquo;un contingent de soldats nord-cor\u00e9ens <a href=\"https:\/\/www.ledauphine.com\/defense-guerre-conflit\/2025\/02\/27\/la-coree-du-nord-aurait-deploye-des-troupes-supplementaires-sur-le-front-selon-seoul\" target=\"_blank\" rel=\"nofollow noopener\">avait particip\u00e9 aux combats contre les forces ukrainiennes<\/a>, sans communiquer le nombre de militaires engag\u00e9s. La nouvelle visite de Sergue\u00ef Cho\u00efgou \u00e0 Pyongyang s&rsquo;inscrit \u00ab dans le cadre de <a href=\"https:\/\/www.ledauphine.com\/defense-guerre-conflit\/2024\/11\/10\/l-accord-de-defense-mutuelle-signe-par-poutine-avec-la-coree-du-nord\" target=\"_blank\" rel=\"nofollow noopener\">l&rsquo;Accord sur le partenariat global strat\u00e9gique<\/a> \u00bb entre la Russie et la Cor\u00e9e du Nord, selon le service de presse du responsable. <\/p>\n<p>D\u00e9but juin, Kim Jong Un avait promis un \u00ab soutien inconditionnel \u00bb \u00e0 Moscou dans son conflit avec l&rsquo;Ukraine, et pr\u00e9dit le succ\u00e8s de l&rsquo;offensive russe men\u00e9e depuis plus de trois ans, selon l&rsquo;agence officielle nord-cor\u00e9enne KCNA. Les deux parties sont convenues de \u00ab continuer de renforcer progressivement \u00bb leurs relations, avait alors assur\u00e9 KCNA.<\/p>\n","protected":false},"excerpt":{"rendered":"Moscou a annonc\u00e9 mardi que Pyongyang allait envoyer plusieurs milliers de sapeurs militaires et des ouvriers de l&rsquo;arm\u00e9e&hellip;\n","protected":false},"author":2,"featured_media":185766,"comment_status":"","ping_status":"","sticky":false,"template":"","format":"standard","meta":{"footnotes":""},"categories":[1591],"tags":[11,3206,1887,107,329,12,316,1885,1886,132],"class_list":{"0":"post-185765","1":"post","2":"type-post","3":"status-publish","4":"format-standard","5":"has-post-thumbnail","7":"category-russie","8":"tag-actualites","9":"tag-defense-guerre-conflit","10":"tag-federation-de-russie","11":"tag-fil-info","12":"tag-france-monde","13":"tag-news","14":"tag-politique","15":"tag-russia","16":"tag-russian-federation","17":"tag-russie"},"share_on_mastodon":{"url":"https:\/\/pubeurope.com\/@fr\/114704190279621694","error":""},"_links":{"self":[{"href":"https:\/\/www.europesays.com\/fr\/wp-json\/wp\/v2\/posts\/185765","targetHints":{"allow":["GET"]}}],"collection":[{"href":"https:\/\/www.europesays.com\/fr\/wp-json\/wp\/v2\/posts"}],"about":[{"href":"https:\/\/www.europesays.com\/fr\/wp-json\/wp\/v2\/types\/post"}],"author":[{"embeddable":true,"href":"https:\/\/www.europesays.com\/fr\/wp-json\/wp\/v2\/users\/2"}],"replies":[{"embeddable":true,"href":"https:\/\/www.europesays.com\/fr\/wp-json\/wp\/v2\/comments?post=185765"}],"version-history":[{"count":0,"href":"https:\/\/www.europesays.com\/fr\/wp-json\/wp\/v2\/posts\/185765\/revisions"}],"wp:featuredmedia":[{"embeddable":true,"href":"https:\/\/www.europesays.com\/fr\/wp-json\/wp\/v2\/media\/185766"}],"wp:attachment":[{"href":"https:\/\/www.europesays.com\/fr\/wp-json\/wp\/v2\/media?parent=185765"}],"wp:term":[{"taxonomy":"category","embeddable":true,"href":"https:\/\/www.europesays.com\/fr\/wp-json\/wp\/v2\/categories?post=185765"},{"taxonomy":"post_tag","embeddable":true,"href":"https:\/\/www.europesays.com\/fr\/wp-json\/wp\/v2\/tags?post=185765"}],"curies":[{"name":"wp","href":"https:\/\/api.w.org\/{rel}","templated":true}]}}