{"id":185772,"date":"2025-06-18T11:46:10","date_gmt":"2025-06-18T11:46:10","guid":{"rendered":"https:\/\/www.europesays.com\/fr\/185772\/"},"modified":"2025-06-18T11:46:10","modified_gmt":"2025-06-18T11:46:10","slug":"les-permis-de-construire-en-hausse-en-avril-en-allemagne-berlin-vise-un-nouvel-elan-pour-le-secteur","status":"publish","type":"post","link":"https:\/\/www.europesays.com\/fr\/185772\/","title":{"rendered":"Les permis de construire en hausse en avril en Allemagne, Berlin vise un nouvel \u00e9lan pour le secteur"},"content":{"rendered":"<p>Les permis de construire r\u00e9sidentiels en Allemagne ont augment\u00e9 de 4,9\u00a0% en avril, enregistrant ainsi un deuxi\u00e8me mois cons\u00e9cutif de progression dans la planification du secteur du b\u00e2timent, sur fond de reprise \u00e9conomique timide et alors que Berlin s&rsquo;appr\u00eate \u00e0 simplifier les proc\u00e9dures administratives dans la construction.<\/p>\n<p>Selon les donn\u00e9es publi\u00e9es mercredi par l&rsquo;Office f\u00e9d\u00e9ral de la statistique, 18\u00a0500 permis pour de nouveaux appartements et maisons ont \u00e9t\u00e9 d\u00e9livr\u00e9s en avril, soit 900 de plus qu&rsquo;\u00e0 la m\u00eame p\u00e9riode l&rsquo;an dernier. La hausse enregistr\u00e9e en mars \u00e9tait de 5,8\u00a0%, soit 1\u00a0100 permis suppl\u00e9mentaires.<\/p>\n<p>Sur la p\u00e9riode de janvier \u00e0 avril, les permis sont en progression de 3,7\u00a0% par rapport \u00e0 l&rsquo;an pass\u00e9.<\/p>\n<p>Le secteur immobilier allemand amorce une reprise prudente apr\u00e8s avoir connu sa plus grave crise depuis des d\u00e9cennies, d\u00e9but\u00e9e en 2022.<\/p>\n<p>Les permis constituent un indicateur cl\u00e9 de l&rsquo;activit\u00e9 \u00e0 venir dans la construction pour les prochains trimestres.<\/p>\n<p>Cyrus de la Rubia, chef \u00e9conomiste \u00e0 la Hamburg Commercial Bank, a toutefois averti qu&rsquo;il faudrait acc\u00e9l\u00e9rer encore le rythme des chantiers pour combler le d\u00e9ficit de logements que le pr\u00e9c\u00e9dent gouvernement f\u00e9d\u00e9ral n&rsquo;a pas r\u00e9ussi \u00e0 r\u00e9sorber.<\/p>\n<p>\u00ab\u00a0Si ce rythme mod\u00e9r\u00e9 dans la d\u00e9livrance des permis se poursuit, nous devrons composer encore longtemps avec la p\u00e9nurie de logements\u00a0\u00bb, a-t-il d\u00e9clar\u00e9.<\/p>\n<p>Face \u00e0 la persistance d&rsquo;un manque de plusieurs centaines de milliers de logements, d\u00fb \u00e0 des co\u00fbts \u00e9lev\u00e9s et \u00e0 la lourdeur administrative, le gouvernement allemand devrait adopter mercredi une s\u00e9rie de mesures visant \u00e0 all\u00e9ger la r\u00e9glementation dans la construction.<\/p>\n<p>Le cabinet envisage de donner davantage de pouvoir aux municipalit\u00e9s dans les plans d&rsquo;occupation des sols, afin de favoriser la construction de logements neufs, les reconversions, les extensions et la sur\u00e9l\u00e9vation d&rsquo;immeubles collectifs.<\/p>\n<p>Apr\u00e8s deux ann\u00e9es cons\u00e9cutives de contraction, l&rsquo;\u00e9conomie allemande devrait renouer avec la croissance cette ann\u00e9e, ont indiqu\u00e9 jeudi quatre instituts \u00e9conomiques, qui ont relev\u00e9 leurs pr\u00e9visions pour 2025 et 2026.<\/p>\n<p><\/p>\n","protected":false},"excerpt":{"rendered":"Les permis de construire r\u00e9sidentiels en Allemagne ont augment\u00e9 de 4,9\u00a0% en avril, enregistrant ainsi un deuxi\u00e8me mois&hellip;\n","protected":false},"author":2,"featured_media":185773,"comment_status":"","ping_status":"","sticky":false,"template":"","format":"standard","meta":{"footnotes":""},"categories":[1587],"tags":[11,672,340,1804,1805,1803,1777,674,1801,12,1802],"class_list":{"0":"post-185772","1":"post","2":"type-post","3":"status-publish","4":"format-standard","5":"has-post-thumbnail","7":"category-allemagne","8":"tag-actualites","9":"tag-allemagne","10":"tag-bourse","11":"tag-bundesrepublik-deutschland","12":"tag-de","13":"tag-deutschland","14":"tag-eu","15":"tag-europe","16":"tag-germany","17":"tag-news","18":"tag-republique-federale-dallemagne"},"share_on_mastodon":{"url":"https:\/\/pubeurope.com\/@fr\/114704205971027674","error":""},"_links":{"self":[{"href":"https:\/\/www.europesays.com\/fr\/wp-json\/wp\/v2\/posts\/185772","targetHints":{"allow":["GET"]}}],"collection":[{"href":"https:\/\/www.europesays.com\/fr\/wp-json\/wp\/v2\/posts"}],"about":[{"href":"https:\/\/www.europesays.com\/fr\/wp-json\/wp\/v2\/types\/post"}],"author":[{"embeddable":true,"href":"https:\/\/www.europesays.com\/fr\/wp-json\/wp\/v2\/users\/2"}],"replies":[{"embeddable":true,"href":"https:\/\/www.europesays.com\/fr\/wp-json\/wp\/v2\/comments?post=185772"}],"version-history":[{"count":0,"href":"https:\/\/www.europesays.com\/fr\/wp-json\/wp\/v2\/posts\/185772\/revisions"}],"wp:featuredmedia":[{"embeddable":true,"href":"https:\/\/www.europesays.com\/fr\/wp-json\/wp\/v2\/media\/185773"}],"wp:attachment":[{"href":"https:\/\/www.europesays.com\/fr\/wp-json\/wp\/v2\/media?parent=185772"}],"wp:term":[{"taxonomy":"category","embeddable":true,"href":"https:\/\/www.europesays.com\/fr\/wp-json\/wp\/v2\/categories?post=185772"},{"taxonomy":"post_tag","embeddable":true,"href":"https:\/\/www.europesays.com\/fr\/wp-json\/wp\/v2\/tags?post=185772"}],"curies":[{"name":"wp","href":"https:\/\/api.w.org\/{rel}","templated":true}]}}