{"id":185774,"date":"2025-06-18T11:47:10","date_gmt":"2025-06-18T11:47:10","guid":{"rendered":"https:\/\/www.europesays.com\/fr\/185774\/"},"modified":"2025-06-18T11:47:10","modified_gmt":"2025-06-18T11:47:10","slug":"tourisme-de-masse-en-europe-des-emplois-mais-a-quel-prix","status":"publish","type":"post","link":"https:\/\/www.europesays.com\/fr\/185774\/","title":{"rendered":"Tourisme de masse en Europe : des emplois, mais \u00e0 quel prix\u00a0?"},"content":{"rendered":"<p><img decoding=\"async\" class=\"c-ad__placeholder__logo\" src=\"https:\/\/static.euronews.com\/website\/images\/logos\/logo-euronews-grey-6-180x22.svg\" width=\"180\" height=\"22\" alt=\"\" loading=\"lazy\"\/>PUBLICIT\u00c9<\/p>\n<p>\u00c0 Barcelone, Lisbonne ou encore Naples, des milliers de manifestants, se sont mobilis\u00e9s dimanche pour dire stop \u00e0 la \u00ab\u00a0touristification\u00a0\u00bb de leurs villes. Pourquoi les vacanciers g\u00e9n\u00e8rent-ils tant de crispations ?  <\/p>\n<p>Ces derni\u00e8res ann\u00e9es, le tourisme de masse a bondi en Europe, et ailleurs, \u00e0 cause de multiples facteurs : \u00ab\u00a0plus de revenus disponibles dans les classes moyennes de nombreux pays\u00a0\u00bb,\u00a0\u00bbdes voyages plus accessibles en termes de capacit\u00e9 a\u00e9rienne mais aussi en termes de tarifs a\u00e9riens\u00a0\u00bb et \u00ab\u00a0des facilit\u00e9s de passage des fronti\u00e8res qui ont radicalement chang\u00e9 au fil des d\u00e9cennies\u00a0\u00bb, \u00e9num\u00e8re \u00e0 Euronews Sandra Carvao, directrice intelligence \u00e9conomique, politiques et comp\u00e9titivit\u00e9 \u00e0 l&rsquo;ONU Tourisme.<\/p>\n<p>Le nombre d&rsquo;arriv\u00e9es de touristes internationaux est ainsi pass\u00e9 de <strong>416 millions en 2005<\/strong> \u00e0 plus de <strong>747 millions en 2024<\/strong>, selon l&rsquo;ONU Tourisme. <\/p>\n<p><strong>Entre 2019 et 2024<\/strong>, le nombre d&rsquo;arriv\u00e9es touristiques internationales a par exemple <strong>augment\u00e9 de 18,1% au Portugal, de 12,3% en Espagne et de 12,2% en France<\/strong>, selon l&rsquo;institution sp\u00e9cialis\u00e9e des Nations unies. Au contraire, il a <strong>baiss\u00e9 en Italie de 10,5%<\/strong> sur la m\u00eame p\u00e9riode. <\/p>\n<p>D&rsquo;un c\u00f4t\u00e9, cet afflux de visiteurs g\u00e9n\u00e8re des emplois et des recettes pour les r\u00e9gions touristiques. <\/p>\n<p>\u00ab\u00a0C\u2019est un secteur \u00e0 forte intensit\u00e9 d\u2019emplois, donc il cr\u00e9e beaucoup, beaucoup d\u2019emplois. Plus de 50% de ces emplois sont occup\u00e9s par des femmes\u00a0\u00bb et \u00ab\u00a0plus de 80% des entreprises dans le tourisme sont des PME\u00a0\u00bb, pr\u00e9cise Sandra Carvao.<\/p>\n<p>En 2023, l&rsquo;Espagne a per\u00e7u <strong>92 milliards de dollars am\u00e9ricains<\/strong> li\u00e9s aux touristes internationaux, selon l&rsquo;ONU Tourisme. Le montant des revenus per\u00e7us par la France sont de <strong>71,2 milliards de dollars am\u00e9ricains<\/strong> quand l&rsquo;Italie et le Portugal ont respectivement per\u00e7u <strong>55,9 et 27,5 milliards de dollars am\u00e9ricains<\/strong> li\u00e9s aux touristes internationaux en 2023.  <\/p>\n<p>Mais \u00e0 quel prix ? \u00a0<\/p>\n<p><strong>Embouteillages, centres-villes satur\u00e9s<\/strong> : le tourisme de masse entraine de multiples nuisances pour les locaux. <\/p>\n<p>La multiplication des meubl\u00e9s de courte dur\u00e9e contribue \u00e9galement \u00e0 une flamb\u00e9e des prix de l\u2019immobilier et \u00e0 une difficult\u00e9 croissante des locaux \u00e0 se loger.<\/p>\n<p><strong>Entre 2015 et 2023<\/strong>, les prix de l&rsquo;immobilier ont augment\u00e9 de <strong>48% en moyenne<\/strong> dans l&rsquo;Union europ\u00e9enne, selon Eurostat. Ces hausses ont \u00e9t\u00e9 les plus fortes en Hongrie (+172,5%) et les plus faibles en Finlande (+5%). Les prix de l&rsquo;immobilier ont augment\u00e9 de 105,8% au Portugal, de 47,7% en Espagne, de 31,3% en France et de 8,3% en Italie sur la m\u00eame p\u00e9riode. <\/p>\n<p>D&rsquo;autres facteurs sont \u00e9galement en cause tels que la hausse des co\u00fbts de construction et la hausse des investissements locatifs&#8230; <\/p>\n<p>Certaines municipalit\u00e9s victimes de leurs succ\u00e8s ont pris le probl\u00e8me \u00e0 bras le corps : Amsterdam a <strong>interdit la construction de nouveaux h\u00f4tels<\/strong> et Dubrovnik a <strong>limit\u00e9 le nombre quotidien de bateaux<\/strong> de croisi\u00e8res pouvant accoster. \u00a0 \u00a0<\/p>\n<p>\u00ab\u00a0Le secteur lui-m\u00eame doit d\u00e9finir quelle est la capacit\u00e9 de charge dans certaines destinations\u00a0\u00bb, estime Sandra Carvao de l&rsquo;ONU Tourisme. \u00ab\u00a0Dans cette situation, les nouvelles technologies aident parce que vous pouvez faire beaucoup avec le suivi des mouvements des personnes. Vous pouvez avoir plus de donn\u00e9es et vous pouvez avoir de meilleures informations\u00a0\u00bb, ajoute-t-elle. <\/p>\n<p>Autre piste :  \u00ab\u00a0Il y a des politiques qui impliquent de diversifier la demande au cours de l\u2019ann\u00e9e pour avoir avoir moins de personnes voyageant \u00e0 des moments sp\u00e9cifiques, donc la pression sur les ressources de la destination est moindre\u00a0\u00bb, ajoute-t-elle.<\/p>\n<p>Les vacanciers peuvent \u00e9galement agir en privil\u00e9giant des destinations moins satur\u00e9es. En effet, 42% des touristes se concentrent dans 10 pays dans le monde. <\/p>\n","protected":false},"excerpt":{"rendered":"PUBLICIT\u00c9 \u00c0 Barcelone, Lisbonne ou encore Naples, des milliers de manifestants, se sont mobilis\u00e9s dimanche pour dire stop&hellip;\n","protected":false},"author":2,"featured_media":185775,"comment_status":"","ping_status":"","sticky":false,"template":"","format":"standard","meta":{"footnotes":""},"categories":[1586],"tags":[11,123,1777,674,1011,27,452,2088,12,6996,25,602],"class_list":{"0":"post-185774","1":"post","2":"type-post","3":"status-publish","4":"format-standard","5":"has-post-thumbnail","7":"category-europe","8":"tag-actualites","9":"tag-espagne","10":"tag-eu","11":"tag-europe","12":"tag-fr","13":"tag-france","14":"tag-italie","15":"tag-manifestation","16":"tag-news","17":"tag-portugal","18":"tag-republique-francaise","19":"tag-tourisme"},"share_on_mastodon":{"url":"https:\/\/pubeurope.com\/@fr\/114704209983122915","error":""},"_links":{"self":[{"href":"https:\/\/www.europesays.com\/fr\/wp-json\/wp\/v2\/posts\/185774","targetHints":{"allow":["GET"]}}],"collection":[{"href":"https:\/\/www.europesays.com\/fr\/wp-json\/wp\/v2\/posts"}],"about":[{"href":"https:\/\/www.europesays.com\/fr\/wp-json\/wp\/v2\/types\/post"}],"author":[{"embeddable":true,"href":"https:\/\/www.europesays.com\/fr\/wp-json\/wp\/v2\/users\/2"}],"replies":[{"embeddable":true,"href":"https:\/\/www.europesays.com\/fr\/wp-json\/wp\/v2\/comments?post=185774"}],"version-history":[{"count":0,"href":"https:\/\/www.europesays.com\/fr\/wp-json\/wp\/v2\/posts\/185774\/revisions"}],"wp:featuredmedia":[{"embeddable":true,"href":"https:\/\/www.europesays.com\/fr\/wp-json\/wp\/v2\/media\/185775"}],"wp:attachment":[{"href":"https:\/\/www.europesays.com\/fr\/wp-json\/wp\/v2\/media?parent=185774"}],"wp:term":[{"taxonomy":"category","embeddable":true,"href":"https:\/\/www.europesays.com\/fr\/wp-json\/wp\/v2\/categories?post=185774"},{"taxonomy":"post_tag","embeddable":true,"href":"https:\/\/www.europesays.com\/fr\/wp-json\/wp\/v2\/tags?post=185774"}],"curies":[{"name":"wp","href":"https:\/\/api.w.org\/{rel}","templated":true}]}}