{"id":185789,"date":"2025-06-18T11:57:11","date_gmt":"2025-06-18T11:57:11","guid":{"rendered":"https:\/\/www.europesays.com\/fr\/185789\/"},"modified":"2025-06-18T11:57:11","modified_gmt":"2025-06-18T11:57:11","slug":"bagnaia-ne-croit-pas-a-la-victoire-au-mugello","status":"publish","type":"post","link":"https:\/\/www.europesays.com\/fr\/185789\/","title":{"rendered":"Bagnaia ne croit pas \u00e0 la victoire au Mugello"},"content":{"rendered":"<p>En pleine reconstruction, <a href=\"https:\/\/fr.motorsport.com\/driver\/pecco-bagnaia\/109394\/\" target=\"_blank\" rel=\"noopener\">Pecco Bagnaia<\/a> semble avoir franchi un cap en adoptant de nouveaux disques de freins lors du dernier Grand Prix. Son sourire \u00e0 l&rsquo;arriv\u00e9e de la course en disait au moins aussi long que son retour sur le podium, et le test du lendemain a confirm\u00e9 l&rsquo;am\u00e9lioration de ses sensations et <a href=\"https:\/\/fr.motorsport.com\/motogp\/news\/bagnaia-reglages-inedits-confiance-aragon\/10730720\/\" target=\"_self\" rel=\"noopener\">son plus grand soulagement<\/a>.<\/p>\n<p>Pour autant, le double champion du monde MotoGP ne verse pas dans un exc\u00e8s d&rsquo;optimisme. \u00c0 l&rsquo;approche de son Grand Prix national, qu&rsquo;il a remport\u00e9 ces trois derni\u00e8res ann\u00e9es, il reste m\u00eame extr\u00eamement prudent et pr\u00e9f\u00e8re \u00e9carter tout pronostic trop ambitieux le concernant.<\/p>\n<p>\u00ab\u00a0Il faut \u00eatre r\u00e9aliste et actuellement, je n&rsquo;ai pas les sensations pour gagner. Marc est beaucoup plus en confiance sur la moto\u00a0\u00bb, rappelle Bagnaia, parfaitement conscient que c&rsquo;est M\u00e1rquez qui dicte le rythme depuis huit Grands Prix.<\/p>\n<p>Lire aussi :<\/p>\n<p>\u00ab\u00a0C&rsquo;est difficile de se dire &lsquo;Maintenant, on va au Mugello, c&rsquo;est ma piste et je vais gagner&rsquo;. Il faut garder les pieds sur terre et continuer \u00e0 travailler. On a progress\u00e9 [au GP d&rsquo;Arag\u00f3n], je me suis battu avec \u00c1lex [M\u00e1rquez], j&rsquo;ai \u00e9t\u00e9 proche de Marc mais il \u00e9tait beaucoup plus rapide.\u00a0\u00bb<\/p>\n<p>\u00ab\u00a0Le Mugello est une bonne piste pour moi, il faudra partir avec cette confiance et continuer \u00e0 la renforcer. Mais je ne veux pas dire que je vais arriver au Mugello et me battre pour la victoire, parce que ce n&rsquo;est pas r\u00e9aliste. On verra si je me sens bien le vendredi. J&rsquo;essaierai de progresser et normalement, au Mugello j&rsquo;ai 10% en plus parce que c&rsquo;est ma course \u00e0 domicile. On va tout tenter pour d\u00e9crocher le meilleur r\u00e9sultat possible.\u00a0\u00bb<\/p>\n<p>   <img decoding=\"async\" draggable=\"false\" src=\"https:\/\/www.europesays.com\/fr\/wp-content\/uploads\/2025\/06\/1750247831_37_francesco-bagnaia-ducati-team.jpg\" alt=\"Pecco Bagnaia va retrouver deux ses pistes favorites, le Mugello et Assen.\" width=\"1200\" height=\"800\" loading=\"lazy\"\/> <\/p>\n<p class=\"title\">Pecco Bagnaia va retrouver deux ses pistes favorites, le Mugello et Assen.<\/p>\n<p class=\"photographer\">Photo de: Ducati Corse<\/p>\n<p>S&rsquo;il sent qu&rsquo;il a un atout dans la manche en retrouvant le circuit toscan qui lui pla\u00eet tant, Bagnaia sait aussi que l&rsquo;encha\u00eenement imm\u00e9diat de ce Grand Prix avec celui des Pays-Bas peut lui \u00eatre favorable, Assen \u00e9tant la piste qui a depuis toujours accueilli des performances marquantes pour lui\u00a0&#8211;\u00a0celle de sa premi\u00e8re victoire en Moto3 et du tournant d\u00e9cisif pour son premier titre MotoGP.<\/p>\n<p>\u00ab\u00a0Absolument, je suis content que les deux prochaines [courses] soient tr\u00e8s bonnes pour moi. Je sens que je peux franchir un cap suppl\u00e9mentaire, mais ce sera important de rester calme\u00a0\u00bb, pr\u00e9vient le pilote Ducati.<\/p>\n<p>Son plus gros retard au championnat depuis trois ans<\/p>\n<p>Et si Pecco Bagnaia s&rsquo;impose de rester r\u00e9aliste, c&rsquo;est qu&rsquo;il appara\u00eet au plus bas au <a href=\"https:\/\/fr.motorsport.com\/motogp\/news\/championnat-marquez-envole-bagnaia-trois-ans\/10730647\/\" target=\"_self\" rel=\"noopener\">championnat<\/a>, plus distanc\u00e9 qu&rsquo;il ne l&rsquo;a \u00e9t\u00e9 math\u00e9matiquement depuis qu&rsquo;il navigue sur les plus hautes sph\u00e8res. On se souvient en effet qu&rsquo;il avait cr\u00e9\u00e9 l&rsquo;exploit en 2022 lorsqu&rsquo;il est all\u00e9 chercher son premier titre dans la cat\u00e9gorie en gommant un retard de 91 points\u00a0:\u00a0cette fois, il pointe \u00e0 93 unit\u00e9s du leader et sait logiquement ses chances d\u00e9j\u00e0 fortement amoindries.<\/p>\n<p>\u00ab\u00a0Je ne pense pas qu&rsquo;il faut penser au championnat maintenant vu comment se sont pass\u00e9s les [trois] derniers Grands Prix. Je manquais de confiance et c&rsquo;\u00e9tait tr\u00e8s dur pour moi en termes de r\u00e9sultats. J&rsquo;avais besoin d&rsquo;un r\u00e9sultat comme celui-ci\u00a0\u00bb, avoue-t-il.<\/p>\n<p>\u00ab\u00a0Ce n&rsquo;est pas un secret que Marc est plus rapide en ce moment et \u00c1lex [M\u00e1rquez]fait un travail fantastique. Il faut juste qu&rsquo;on soit concentr\u00e9s, que je travaille sur moi et sur mon c\u00f4t\u00e9 du garage pour me garantir de meilleures sensations, et simplement essayer d&rsquo;au moins me battre pour quelques victoires. Maintenant, l&rsquo;objectif est de retrouver la confiance et d&rsquo;essayer de me battre pour des victoires.\u00a0\u00bb<\/p>\n<p>C&rsquo;est la raison pour laquelle Bagnaia \u00e9tait heureux de sa troisi\u00e8me place \u00e0 Alca\u00f1iz, bien qu&rsquo;une nouvelle fois battu par les fr\u00e8res M\u00e1rquez. \u00ab\u00a0On a perdu des points mais on a gagn\u00e9 en confiance\u00a0\u00bb, r\u00e9sume-t-il. \u00ab\u00a0Je suis tr\u00e8s content de ce podium. La derni\u00e8re fois que j&rsquo;ai fini troisi\u00e8me, c&rsquo;\u00e9tait \u00e0 Jerez et j&rsquo;\u00e9tais m\u00e9content&#8230; Les choses peuvent vite changer.\u00a0\u00bb<\/p>\n<p style=\"text-align: right;\">Avec Vincent Lalanne-Sicaud<\/p>\n<p>Lire aussi :<\/p>\n<p>Dans cet article<\/p>\n<p>    L\u00e9na Buffa\n<\/p>\n<p>    MotoGP\n<\/p>\n<p>    Pecco Bagnaia\n<\/p>\n<p>    Ducati Team\n<\/p>\n<p>Soyez le premier inform\u00e9 et souscrivez aux alertes mails pour recevoir les infos en temps r\u00e9el<\/p>\n<p>    S&rsquo;abonner aux alertes de news<\/p>\n","protected":false},"excerpt":{"rendered":"En pleine reconstruction, Pecco Bagnaia semble avoir franchi un cap en adoptant de nouveaux disques de freins lors&hellip;\n","protected":false},"author":2,"featured_media":185790,"comment_status":"","ping_status":"","sticky":false,"template":"","format":"standard","meta":{"footnotes":""},"categories":[1413],"tags":[4950,1011,27,31123,1457,1456,1458,31124,4951,60],"class_list":{"0":"post-185789","1":"post","2":"type-post","3":"status-publish","4":"format-standard","5":"has-post-thumbnail","7":"category-moto","8":"tag-ducati-team","9":"tag-fr","10":"tag-france","11":"tag-gp-ditalie","12":"tag-moto","13":"tag-motocycle","14":"tag-motogp","15":"tag-mugello","16":"tag-pecco-bagnaia","17":"tag-sports"},"share_on_mastodon":{"url":"https:\/\/pubeurope.com\/@fr\/114704249261289932","error":""},"_links":{"self":[{"href":"https:\/\/www.europesays.com\/fr\/wp-json\/wp\/v2\/posts\/185789","targetHints":{"allow":["GET"]}}],"collection":[{"href":"https:\/\/www.europesays.com\/fr\/wp-json\/wp\/v2\/posts"}],"about":[{"href":"https:\/\/www.europesays.com\/fr\/wp-json\/wp\/v2\/types\/post"}],"author":[{"embeddable":true,"href":"https:\/\/www.europesays.com\/fr\/wp-json\/wp\/v2\/users\/2"}],"replies":[{"embeddable":true,"href":"https:\/\/www.europesays.com\/fr\/wp-json\/wp\/v2\/comments?post=185789"}],"version-history":[{"count":0,"href":"https:\/\/www.europesays.com\/fr\/wp-json\/wp\/v2\/posts\/185789\/revisions"}],"wp:featuredmedia":[{"embeddable":true,"href":"https:\/\/www.europesays.com\/fr\/wp-json\/wp\/v2\/media\/185790"}],"wp:attachment":[{"href":"https:\/\/www.europesays.com\/fr\/wp-json\/wp\/v2\/media?parent=185789"}],"wp:term":[{"taxonomy":"category","embeddable":true,"href":"https:\/\/www.europesays.com\/fr\/wp-json\/wp\/v2\/categories?post=185789"},{"taxonomy":"post_tag","embeddable":true,"href":"https:\/\/www.europesays.com\/fr\/wp-json\/wp\/v2\/tags?post=185789"}],"curies":[{"name":"wp","href":"https:\/\/api.w.org\/{rel}","templated":true}]}}