{"id":185807,"date":"2025-06-18T12:07:10","date_gmt":"2025-06-18T12:07:10","guid":{"rendered":"https:\/\/www.europesays.com\/fr\/185807\/"},"modified":"2025-06-18T12:07:10","modified_gmt":"2025-06-18T12:07:10","slug":"toutes-les-femmes-enceintes-devront-desormais-faire-le-depistage-de-cette-maladie-grave","status":"publish","type":"post","link":"https:\/\/www.europesays.com\/fr\/185807\/","title":{"rendered":"Toutes les femmes enceintes devront d\u00e9sormais faire le d\u00e9pistage de cette maladie grave"},"content":{"rendered":"<p class=\"app_entry_lead\">\n                                    <a title=\"\u00a0\u00a9\u00a0lev dolgachov\" href=\"https:\/\/www.europesays.com\/fr\/wp-content\/uploads\/2025\/06\/76573347.jpg\" class=\"fancy\"><\/p>\n<p>                            <img loading=\"lazy\" decoding=\"async\" src=\"https:\/\/www.europesays.com\/fr\/wp-content\/uploads\/2025\/06\/76573347.jpg\" alt=\"Toutes les femmes enceintes devront d\u00e9sormais faire le d\u00e9pistage de cette maladie grave\" width=\"1500\" height=\"1000\"\/><\/p>\n<p>                    <\/a><br \/>\n                    Ce d\u00e9pistage n&rsquo;est aujourd&rsquo;hui pas recommand\u00e9 de fa\u00e7on syst\u00e9matique.\n            <\/p>\n<p>Le sujet \u00e9tait en question depuis plusieurs ann\u00e9es. Le gouvernement a sollicit\u00e9 \u00e0 la Haute Autorit\u00e9 de Sant\u00e9 (HAS) pour savoir si ce d\u00e9pistage devait \u00eatre rendu syst\u00e9matique. Aujourd&rsquo;hui, bien qu&rsquo;il \u00ab\u00a0soit r\u00e9alis\u00e9 de plus en plus fr\u00e9quemment, il n&rsquo;existe pas de recommandation en faveur d&rsquo;un d\u00e9pistage syst\u00e9matique pendant la grossesse\u00a0\u00bb, rappelle la HAS ce\u00a017\u00a0juin 2025. Celle-ci note que seule 1 femme enceinte sur 3\u00a0r\u00e9alise ce d\u00e9pistage, avec\u00a0des \u00ab\u00a0in\u00e9galit\u00e9s de d\u00e9pistage sur le territoire\u00a0\u00bb.\u00a0<\/p>\n<p>La HAS\u00a0a ainsi recommand\u00e9 de rendre \u00e0 pr\u00e9sent syst\u00e9matique le d\u00e9pistage de cette maladie : le cytom\u00e9galovirus (CMV). Cette infection est b\u00e9nigne dans la population g\u00e9n\u00e9rale.\u00a0Presque 1\u00a0fran\u00e7aise en \u00e2ge de procr\u00e9er sur 2\u00a0a d&rsquo;ailleurs \u00e9t\u00e9 en contact avec le virus, qui se transmet par contact avec les liquides biologiques (salive, urine&#8230;).\u00a0Les femmes qui sont en contact avec de jeunes enfants, notamment en cr\u00e8che, sont particuli\u00e8rement \u00e0 risque d&rsquo;\u00eatre infect\u00e9es.\u00a0<\/p>\n<p>Mais\u00a0si l&rsquo;infection \u00ab\u00a0est d\u00e9velopp\u00e9e pendant la grossesse, notamment pendant la p\u00e9riode encadrant le d\u00e9but de grossesse, elle peut provoquer chez le b\u00e9b\u00e9 \u00e0 na\u00eetre des s\u00e9quelles lourdes\u00a0\u00bb, d&rsquo;apr\u00e8s la HAS. Dans des cas rares, le CMV\u00a0peut provoquer chez le\u00a0f\u0153tus \u00ab\u00a0une perte auditive, des troubles neurologiques, un retard global du d\u00e9veloppement ou des formes de paralysie\u00a0\u00bb, liste la HAS.<\/p>\n<p>Les risques sont d&rsquo;autant plus importants en d\u00e9but de grossesse.\u00a0C&rsquo;est justement au cours du premier trimestre que le d\u00e9pistage devra \u00eatre r\u00e9alis\u00e9 chez les femmes dont le statut s\u00e9rologique n&rsquo;est pas connu ou n\u00e9gatif. Ce d\u00e9pistage est essentiel pour plusieurs raisons.\u00a0D&rsquo;abord, chez les femmes enceintes qui n&rsquo;ont pas \u00e9t\u00e9 expos\u00e9es au CMV, \u00ab\u00a0des mesures d&rsquo;hygi\u00e8ne pr\u00e9ventives doivent \u00eatre mises en place\u00a0\u00bb.\u00a0Ensuite, en cas d&rsquo;infection,\u00a0des mesures existent pour limiter les risques. Un traitement m\u00e9dicamenteux, le valaciclovir, \u00ab\u00a0permet de limiter la transmission au f\u0153tus\u00a0\u00bb, rappelle la HAS.<\/p>\n","protected":false},"excerpt":{"rendered":"Ce d\u00e9pistage n&rsquo;est aujourd&rsquo;hui pas recommand\u00e9 de fa\u00e7on syst\u00e9matique. Le sujet \u00e9tait en question depuis plusieurs ann\u00e9es. Le&hellip;\n","protected":false},"author":2,"featured_media":185808,"comment_status":"","ping_status":"","sticky":false,"template":"","format":"standard","meta":{"footnotes":""},"categories":[10],"tags":[1011,27,72,71],"class_list":{"0":"post-185807","1":"post","2":"type-post","3":"status-publish","4":"format-standard","5":"has-post-thumbnail","7":"category-sante","8":"tag-fr","9":"tag-france","10":"tag-health","11":"tag-sante"},"share_on_mastodon":{"url":"https:\/\/pubeurope.com\/@fr\/114704288628167447","error":""},"_links":{"self":[{"href":"https:\/\/www.europesays.com\/fr\/wp-json\/wp\/v2\/posts\/185807","targetHints":{"allow":["GET"]}}],"collection":[{"href":"https:\/\/www.europesays.com\/fr\/wp-json\/wp\/v2\/posts"}],"about":[{"href":"https:\/\/www.europesays.com\/fr\/wp-json\/wp\/v2\/types\/post"}],"author":[{"embeddable":true,"href":"https:\/\/www.europesays.com\/fr\/wp-json\/wp\/v2\/users\/2"}],"replies":[{"embeddable":true,"href":"https:\/\/www.europesays.com\/fr\/wp-json\/wp\/v2\/comments?post=185807"}],"version-history":[{"count":0,"href":"https:\/\/www.europesays.com\/fr\/wp-json\/wp\/v2\/posts\/185807\/revisions"}],"wp:featuredmedia":[{"embeddable":true,"href":"https:\/\/www.europesays.com\/fr\/wp-json\/wp\/v2\/media\/185808"}],"wp:attachment":[{"href":"https:\/\/www.europesays.com\/fr\/wp-json\/wp\/v2\/media?parent=185807"}],"wp:term":[{"taxonomy":"category","embeddable":true,"href":"https:\/\/www.europesays.com\/fr\/wp-json\/wp\/v2\/categories?post=185807"},{"taxonomy":"post_tag","embeddable":true,"href":"https:\/\/www.europesays.com\/fr\/wp-json\/wp\/v2\/tags?post=185807"}],"curies":[{"name":"wp","href":"https:\/\/api.w.org\/{rel}","templated":true}]}}