{"id":18582,"date":"2025-04-11T23:59:24","date_gmt":"2025-04-11T23:59:24","guid":{"rendered":"https:\/\/www.europesays.com\/fr\/18582\/"},"modified":"2025-04-11T23:59:24","modified_gmt":"2025-04-11T23:59:24","slug":"jai-decouvert-saint-maur-des-fosses-dont-jaime-beaucoup-les-petites-maisons-etudiants-etrangers-ils-vivent-en-banlieue-et-sont-ravis","status":"publish","type":"post","link":"https:\/\/www.europesays.com\/fr\/18582\/","title":{"rendered":"\u00ab\u00a0J\u2019ai d\u00e9couvert Saint-Maur-des-Foss\u00e9s, dont j\u2019aime beaucoup les petites maisons\u00a0\u00bb\u00a0: \u00e9tudiants \u00e9trangers, ils vivent en banlieue (et sont ravis)"},"content":{"rendered":"<p class=\"paragraph lpe text_align_left\">\u00c0 rebours du d\u00e9faitisme ambiant selon lequel la France n\u2019attirerait plus les talents, les \u00e9tudiants du monde entier continuent d\u2019affluer dans l\u2019Hexagone, et notamment \u00e0 Paris ou dans sa banlieue. Si l\u2019ambiance n\u2019a rien \u00e0 voir avec Emily in Paris, ils sont toutefois ravis de leur exp\u00e9rience.<\/p>\n<p>Rythem, de New Delhi \u00e0 Cr\u00e9teil<\/p>\n<p class=\"paragraph lpe text_align_left\">C\u2019est par curiosit\u00e9, pendant l\u2019\u00e9pid\u00e9mie de Covid que Rythem, 24 ans, alors \u00e9tudiante en bachelor de commerce international \u00e0 l\u2019universit\u00e9 de New Delhi, a commenc\u00e9 \u00e0 apprendre le fran\u00e7ais. S\u00e9duite par la langue, attir\u00e9e par le pays, en 2021 elle prend l\u2019avion pour la premi\u00e8re fois de sa vie, direction Avignon, dans le sud de la France, via un programme de l\u2019ambassade d\u2019Inde en France qui recrute des assistants de langue anglaise : \u00ab J\u2019ai pass\u00e9 sept mois pr\u00e8s d\u2019Avignon, et j\u2019ai ador\u00e9 cette exp\u00e9rience. Quand je suis rentr\u00e9e en Inde, tout me manquait de la France, surtout la cuisine, le pain, le fromage. \u00bb <\/p>\n<p class=\"paragraph lpe text_align_left\">Et c\u2019est ainsi que Rythem encha\u00eene deux autres s\u00e9jours de 7 mois en France, pendant lesquels elle donne des cours d\u2019anglais \u00e0 des jeunes Fran\u00e7ais de tous les \u00e2ges, de la maternelle au BTS. <\/p>\n<p class=\"paragraph lpe text_align_left\">En avril dernier, elle se lance \u00e0 la recherche d\u2019un master \u00e0 faire en France, pour compl\u00e9ter son profil, et choisit un master en administration et gestion des affaires propos\u00e9 par l\u2019AEI International school de l\u2019universit\u00e9 Paris Est Cr\u00e9teil. Il lui faut donc quitter Avignon pour la r\u00e9gion parisienne : \u00ab Je crois que j\u2019ai alors v\u00e9cu le m\u00eame choc que les jeunes Fran\u00e7ais qui arrivent de leur r\u00e9gion pour \u00e9tudier \u00e0 Paris ! Je m\u2019\u00e9tais tr\u00e8s bien adapt\u00e9e \u00e0 la culture du sud de la France, mais Paris est tr\u00e8s diff\u00e9rent, \u00e7a bouge tout le temps ici, tout le monde court partout comme \u00e0 New Delhi ! \u00bb<\/p>\n<p class=\"paragraph lpe text_align_left\">Les premiers pas de l\u2019\u00e9tudiante \u00e0 Cr\u00e9teil, o\u00f9 elle habite dans une r\u00e9sidence universitaire en face du centre commercial Cr\u00e9teil Soleil sont un peu difficiles : \u00ab En vivant en banlieue, j\u2019avais peur de rater beaucoup de choses de la vie \u00e9tudiante \u00e0 Paris, ici \u00e0 part le sport et le bord du lac qui est sympa, j\u2019avais l\u2019impression qu\u2019il n\u2019y avait pas grand-chose \u00e0 faire\u2026 Mais je me suis rendu compte que Paris n\u2019est pas si loin en transport en commun, et je profite de toutes les occasions pour y aller, comme par exemple les s\u00e9minaires qu\u2019y organise mon universit\u00e9. \u00bb<\/p>\n<p class=\"paragraph lpe text_align_left\">Rythem s\u2019est aussi tr\u00e8s bien adapt\u00e9e \u00e0 la p\u00e9dagogie \u00e0 la fran\u00e7aise : \u00ab Ici les professeurs nous laissent \u00eatre tr\u00e8s autonome, il y a beaucoup de travaux de groupe et de pr\u00e9sentations \u00e0 l\u2019oral, alors qu\u2019en Inde nous sommes tr\u00e8s encadr\u00e9s, les profs g\u00e8rent et contr\u00f4lent tout, on d\u00e9pend beaucoup d\u2019eux. \u00bb L\u2019\u00e9tudiante indienne loue aussi les aides propos\u00e9es aux \u00e9tudiants en France, pour acheter de la nourriture ou des v\u00eatements moins chers, ou bien encore la carte \u00e9tudiante qui permet de visiter les mus\u00e9es gratuitement.<\/p>\n<p class=\"paragraph lpe text_align_left\">\u00ab C\u00f4t\u00e9 n\u00e9gatif, j\u2019ai quand m\u00eame \u00e9t\u00e9 tr\u00e8s \u00e9tonn\u00e9e en arrivant ici de voir qu\u2019il y a plein de produits fabriqu\u00e9s en Chine dans les magasins ! souligne Rythem. Quand on dit en Inde qu\u2019on va venir \u00e9tudier en France, tout le monde est en admiration, la France est vue comme le pays du luxe partout, et de la libert\u00e9 ! Bon, pour le luxe, c\u2019est un peu faux, j\u2019essaie d\u2019acheter des produits fran\u00e7ais mais c\u2019est cher. En revanche, c\u2019est vrai que j\u2019appr\u00e9cie beaucoup ma vie ici, qui est tr\u00e8s ind\u00e9pendante, tellement autonome. \u00bb<\/p>\n<p>\u00ab\u00a0Je me suis rendu compte que Paris n\u2019est pas si loin en transport en commun\u00a0\u00bb<\/p>\n<p>Rythem<\/p>\n<p class=\"paragraph lpe text_align_left\">Apr\u00e8s son dipl\u00f4me, Rythem esp\u00e8re monter une startup dans le domaine de l\u2019environnement. Elle a aussi d\u00e9j\u00e0 trouv\u00e9 un coin o\u00f9 elle r\u00eaverait d\u2019habiter\u2026 en banlieue : \u00ab J\u2019ai d\u00e9couvert Saint-Maur-des-Foss\u00e9s, dont j\u2019aime beaucoup les petites maisons qui me rappellent le sud de la France \u00bb, s\u2019enthousiasme l\u2019\u00e9tudiante. Qui, en quelques mois, est d\u00e9j\u00e0 devenue une vraie Francilienne, la preuve : elle commence \u00e0 trouver qu\u2019il y a quand m\u00eame beaucoup trop de touristes \u00e0 Paris.<\/p>\n<p>Zeid, de Toronto \u00e0 Cergy<\/p>\n<p class=\"paragraph lpe text_align_left\">Quand Zeid, 23 ans, \u00e9tudiant \u00e0 la Queen\u2019s University de Toronto, a annonc\u00e9 \u00e0 ses camarades qu\u2019il avait choisi l\u2019ESSEC, \u00e0 Cergy, pour son \u00e9change acad\u00e9mique, le conseil donn\u00e9 par ceux qui \u00e9taient pass\u00e9s par l\u2019\u00e9cole du Val-d\u2019Oise avant lui a \u00e9t\u00e9 sans appel : \u00ab Ils m\u2019ont tous dit de m\u2019installer \u00e0 Paris, parce que j\u2019y avais d\u00e9j\u00e0 des amis, et parce que je voulais commencer \u00e0 y d\u00e9velopper mon r\u00e9seau professionnel \u00bb. <\/p>\n<p class=\"paragraph lpe text_align_left\">Arriv\u00e9 en ao\u00fbt en France, l\u2019\u00e9tudiant, tr\u00e8s \u00e0 l\u2019aise en fran\u00e7ais puisqu\u2019il a fr\u00e9quent\u00e9 une \u00e9cole fran\u00e7aise au Canada jusqu\u2019au secondaire, a vite trouv\u00e9 ses marques, et navigue aujourd\u2019hui entre la banlieue, 3 jours par semaine, et Paris, o\u00f9 il habite.<\/p>\n<p class=\"paragraph lpe text_align_left\">\u00ab En fait, j\u2019ai r\u00e9alis\u00e9 une fois sur place que Cergy n\u2019est pas si loin de Paris en transport en commun. Il y a ici une ambiance particuli\u00e8re, que j\u2019aime bien, avec beaucoup d\u2019espaces verts, et en plus l\u2019\u00e9cole est au centre de la ville \u00bb. \u00c0 l\u2019ESSEC, Zeid est en premi\u00e8re ann\u00e9e du Master in Management, ce qui lui permettra de d\u00e9crocher un double dipl\u00f4me Queen\u2019s University-ESSEC d\u2019ici 2 ans. <\/p>\n<p class=\"paragraph lpe text_align_left\">\u00ab Le style d\u2019\u00e9ducation est assez semblable dans les deux \u00e9coles, mais davantage ax\u00e9 sur la th\u00e9orie \u00e0 l\u2019ESSEC, avec des professeurs tr\u00e8s sp\u00e9cialis\u00e9s, tandis qu\u2019\u00e0 Queen\u2019s University, on met beaucoup l\u2019accent sur les projets en \u00e9quipe \u00bb souligne l\u2019\u00e9tudiant canadien.<\/p>\n<p class=\"paragraph lpe text_align_left\">En dehors des cours, Zeid cultive l\u2019art de vivre \u00e0 la parisienne : \u00ab Savourer un caf\u00e9 en terrasse, avoir des conversations profondes avec des amis, s\u2019asseoir sur une chaise avec un livre au Jardin des Tuileries\u2026 J\u2019adore ! J\u2019aime beaucoup le rythme de vie qui est tr\u00e8s diff\u00e9rent, plus lent que celui de Toronto. Et puis il y a la cuisine, l\u2019art, l\u2019architecture, Paris est un mus\u00e9e \u00e0 ciel ouvert, alors qu\u2019\u00e0 Toronto, on ne voit pas le ciel, les b\u00e2timents sont beaucoup plus hauts \u00bb.<\/p>\n<p class=\"paragraph lpe text_align_left\">Plus original, l\u2019\u00e9tudiant appr\u00e9cie aussi beaucoup\u2026 les Parisiens : \u00ab Je pensais que \u00e7a serait peut-\u00eatre un peu difficile de me faire des amis ici, mais en fait tout le monde est tr\u00e8s gentil, et je sens que les gens que je rencontre appr\u00e9cient beaucoup que je parle le fran\u00e7ais \u00bb. <\/p>\n<p class=\"paragraph lpe text_align_left\">Quand on demande \u00e0 Zeid s\u2019il trouve quand m\u00eame des d\u00e9fauts \u00e0 la vie en France, il a bien du mal \u00e0 r\u00e9pondre : \u00ab Ici il y a un \u00e9quilibre parfait entre la tradition et la modernit\u00e9. D\u2019ailleurs j\u2019esp\u00e8re bien rester en France apr\u00e8s mes \u00e9tudes, pour travailler, dans le consulting, il y a vraiment beaucoup d\u2019opportunit\u00e9s int\u00e9ressantes \u00bb. En attendant, le Canadien a un planning de visites bien rempli, la C\u00f4te d\u2019Azur, Bordeaux, Versailles, et puis \u00ab un ch\u00e2teau \u00bb dont le nom finit par lui revenir : \u00ab Le Mont-Saint-Michel, en Normandie ! \u00bb.<\/p>\n<p>Kounady, de Conakry \u00e0 Saint-Quentin en Yvelines<\/p>\n<p class=\"paragraph lpe text_align_left\">Apr\u00e8s son bac, d\u00e9croch\u00e9 dans un lyc\u00e9e fran\u00e7ais de Guin\u00e9e-Conakry, Kounady avait bien envie de partir poursuivre ses \u00e9tudes dans un pays anglophone. Mais c\u2019\u00e9tait sans compter sur ses parents, qui apr\u00e8s avoir envoy\u00e9 sa grande s\u0153ur faire une \u00e9cole d\u2019architecture \u00e0 Paris, comptaient bien faire de m\u00eame avec sa cadette. \u00ab La France leur paraissait plus safe, explique la jeune femme de 18 ans, et ils se sentaient plus rassur\u00e9s que je parte dans un pays dont ils connaissent la langue \u00bb. <\/p>\n<p class=\"paragraph lpe text_align_left\">C\u2019est ainsi que Kounady a d\u00e9barqu\u00e9 il y a un an en r\u00e9gion parisienne, pour commencer un Bachelor Agro\u00e9cologie et syst\u00e8mes alimentaires de l\u2019ESA-Ecole sup\u00e9rieure des agricultures : \u00ab L\u2019ann\u00e9e a commenc\u00e9 par un mois \u00e0 Angers (si\u00e8ge de l\u2019ESA, NDLR), il a fallu s\u2019adapter tr\u00e8s vite. Mais \u00e7a a \u00e9t\u00e9 l\u2019occasion de faire connaissance avec les \u00e9l\u00e8ves de ma classe, de faire des sorties, de visiter des exploitations comme des vignes. C\u2019\u00e9tait tr\u00e8s int\u00e9ressant. Puis je suis revenue en banlieue, aujourd\u2019hui j\u2019habite en logement Crous \u00e0 Guyancourt, pas loin du campus parisien de l\u2019ESA, \u00e0 Saint-Quentin en Yvelines \u00bb.<\/p>\n<p class=\"paragraph lpe text_align_left\">Si lors de ses premiers mois en France, Kounady ne sortait pas de chez elle sans Google map, aujourd\u2019hui elle est beaucoup plus \u00e0 l\u2019aise en r\u00e9gion parisienne : \u00ab En banlieue, la vie est plus calme qu\u2019\u00e0 Paris, et les gens sont super sympas : quand je cherche ma route il y a toujours quelqu\u2019un pour m\u2019aider \u00bb. La jeune guin\u00e9enne est aussi tr\u00e8s contente de ses relations avec les profs de l\u2019ESA, qu\u2019elle trouve plus ouverts et moins s\u00e9v\u00e8res que ses professeurs du lyc\u00e9e fran\u00e7ais, et appr\u00e9cie sa vie d\u2019\u00e9tudiante loin de ses parents, en toute autonomie. <\/p>\n<p class=\"paragraph lpe text_align_left\">C\u00f4t\u00e9 vie \u00e9tudiante, justement, Kounady a d\u00e9couvert la culture des bars, \u00ab vraiment typique de la France selon moi \u00bb. Mais, de nature calme et r\u00e9serv\u00e9e, elle n\u2019y met pas beaucoup les pieds : \u00ab J\u2019aime bien rester dans ma bulle, et en un an je n\u2019ai pas encore fait beaucoup de tourisme, m\u00eame si je suis d\u00e9j\u00e0 all\u00e9e \u00e0 Strasbourg, et aussi \u00e0 Montpellier \u00bb.<\/p>\n<p class=\"paragraph lpe text_align_left\">Parmi toutes ces d\u00e9couvertes en France, c\u2019est la nourriture qui a le plus \u00e9tonn\u00e9 la jeune femme, \u00ab l\u2019ap\u00e9ro, la raclette, la charcuterie, je ne connaissais pas tout \u00e7a \u00bb. Et aussi le froid : \u00ab C\u2019est difficile de se faire au climat d\u2019ici. La neige c\u2019est beau \u00e0 voir, mais c\u2019est tr\u00e8s froid ! plaisante Kounady. Au d\u00e9but, on sort juste avec un sweat, et on se dit que \u00e7a va aller. Mais il faut se rendre \u00e0 l\u2019\u00e9vidence, et apprendre \u00e0 se couvrir beaucoup plus \u00bb. <\/p>\n<p class=\"paragraph lpe text_align_left\">Kounady est cependant bien d\u00e9cid\u00e9e \u00e0 endurer encore 2 ou 3 hivers, pour terminer son bachelor et peut-\u00eatre le compl\u00e9ter par un master. Ensuite elle esp\u00e8re retourner en Guin\u00e9e-Conakry, pour y retrouver sa famille et la chaleur, mais aussi toutes les opportunit\u00e9s professionnelles qui pourront s\u2019offrir \u00e0 elle avec un dipl\u00f4me en agriculture.<\/p>\n","protected":false},"excerpt":{"rendered":"\u00c0 rebours du d\u00e9faitisme ambiant selon lequel la France n\u2019attirerait plus les talents, les \u00e9tudiants du monde entier&hellip;\n","protected":false},"author":2,"featured_media":18583,"comment_status":"","ping_status":"","sticky":false,"template":"","format":"standard","meta":{"footnotes":""},"categories":[1888],"tags":[11,1283,1777,674,1011,27,2684,12,626,25,5973],"class_list":{"0":"post-18582","1":"post","2":"type-post","3":"status-publish","4":"format-standard","5":"has-post-thumbnail","7":"category-paris","8":"tag-actualites","9":"tag-etudes","10":"tag-eu","11":"tag-europe","12":"tag-fr","13":"tag-france","14":"tag-le-parisien-etudiant","15":"tag-news","16":"tag-paris","17":"tag-republique-francaise","18":"tag-universites"},"share_on_mastodon":{"url":"https:\/\/pubeurope.com\/@fr\/114322051207160945","error":""},"_links":{"self":[{"href":"https:\/\/www.europesays.com\/fr\/wp-json\/wp\/v2\/posts\/18582","targetHints":{"allow":["GET"]}}],"collection":[{"href":"https:\/\/www.europesays.com\/fr\/wp-json\/wp\/v2\/posts"}],"about":[{"href":"https:\/\/www.europesays.com\/fr\/wp-json\/wp\/v2\/types\/post"}],"author":[{"embeddable":true,"href":"https:\/\/www.europesays.com\/fr\/wp-json\/wp\/v2\/users\/2"}],"replies":[{"embeddable":true,"href":"https:\/\/www.europesays.com\/fr\/wp-json\/wp\/v2\/comments?post=18582"}],"version-history":[{"count":0,"href":"https:\/\/www.europesays.com\/fr\/wp-json\/wp\/v2\/posts\/18582\/revisions"}],"wp:featuredmedia":[{"embeddable":true,"href":"https:\/\/www.europesays.com\/fr\/wp-json\/wp\/v2\/media\/18583"}],"wp:attachment":[{"href":"https:\/\/www.europesays.com\/fr\/wp-json\/wp\/v2\/media?parent=18582"}],"wp:term":[{"taxonomy":"category","embeddable":true,"href":"https:\/\/www.europesays.com\/fr\/wp-json\/wp\/v2\/categories?post=18582"},{"taxonomy":"post_tag","embeddable":true,"href":"https:\/\/www.europesays.com\/fr\/wp-json\/wp\/v2\/tags?post=18582"}],"curies":[{"name":"wp","href":"https:\/\/api.w.org\/{rel}","templated":true}]}}